{"id":242112,"date":"2025-07-11T09:18:46","date_gmt":"2025-07-11T09:18:46","guid":{"rendered":"https:\/\/www.europesays.com\/fr\/242112\/"},"modified":"2025-07-11T09:18:46","modified_gmt":"2025-07-11T09:18:46","slug":"festival-interceltique-de-lorient-la-grande-parade-sans-bretagne-reunie-fait-debat","status":"publish","type":"post","link":"https:\/\/www.europesays.com\/fr\/242112\/","title":{"rendered":"Festival Interceltique de Lorient\u00a0: la Grande parade sans Bretagne R\u00e9unie fait d\u00e9bat"},"content":{"rendered":"<p>Pour la premi\u00e8re fois depuis 2017, le collectif Bretagne R\u00e9unie ne d\u00e9filera pas lors de la Grande parade du Festival Interceltique de Lorient (FIL). Dans un message publi\u00e9 en ligne, Bretagne R\u00e9unie s\u2019est dite \u00ab\u00a0choqu\u00e9e par cette interdiction du nouveau bureau du FIL\u00a0\u00bb, estimant que leur message en faveur de la r\u00e9unification administrative de la Bretagne \u00ab\u00a0rencontre un v\u00e9ritable enthousiasme populaire\u00a0\u00bb. Et d\u2019ajouter\u00a0: \u00ab\u00a0La Bretagne se nourrit de nos 1\u00a0200\u00a0ans d\u2019histoire incluant d\u00e9finitivement le Pays nantais et le Pays rennais\u00a0\u00bb.<\/p>\n<p>Ce dimanche 6 juillet, l\u2019Union d\u00e9mocratique bretonne (UDB) a \u00e9galement d\u00e9nonc\u00e9 cette mise \u00e0 l\u2019\u00e9cart. Dans un communiqu\u00e9, le parti affirme\u00a0: \u00ab\u00a0La r\u00e9unification administrative de la Bretagne n\u2019est pas un caprice\u00a0: c\u2019est une revendication l\u00e9gitime et largement partag\u00e9e par les Bretonnes et les Bretons. L\u2019\u00e9carter de la Grande parade, c\u2019est invisibiliser une part essentielle de notre identit\u00e9\u00a0\u00bb.<\/p>\n<p>Des choix artistiques, assure la direction<\/p>\n<p>Face aux critiques, le directeur artistique du FIL, Jean-Philippe Mauras, souhaite apaiser les tensions. Il assure qu\u2019il ne s\u2019agit pas d\u2019une exclusion id\u00e9ologique, mais d\u2019un recentrage du d\u00e9fil\u00e9\u00a0: \u00ab\u00a0Le bureau du festival a d\u00e9cid\u00e9 de mettre en avant la musique et la danse. Mais ce n\u2019est pas une exclusion du festival. Au contraire, le collectif aura un stand sur le festival. Nous ne sommes pas contre leurs id\u00e9es, preuve en est que plusieurs associations de Loire-Atlantique sont invit\u00e9es, encore cette ann\u00e9e\u00a0\u00bb. \u00c0 savoir les bagado\u00f9 de Nantes et de Saint-Nazaire, ainsi que le cercle celtique de Saint-Michel-Chef-Chef.<\/p>\n<p>Le Lorient Pipe Band aussi absent de la parade<\/p>\n<p>Un autre m\u00e9contentement s\u2019est \u00e9galement fait entendre\u00a0: celui du Lorient Pipe Band, groupe local de cornemuses. Absent du programme de la Grande parade, il parle d\u2019\u00ab\u00a0une profonde d\u00e9ception\u00a0\u00bb. Mais le groupe n\u2019avait pas d\u00e9fil\u00e9 non plus depuis 2019. L\u00e0 encore, Jean-Philippe Mauras invoque la n\u00e9cessit\u00e9 de faire des choix dans un programme limit\u00e9 \u00e0 quatre heures de d\u00e9fil\u00e9 et 70\u00a0groupes\u00a0: \u00ab\u00a0Ce n\u2019est pas une parade loriento-lorientaise. Il y a un roulement d\u2019une ann\u00e9e sur l\u2019autre pour repr\u00e9senter les diff\u00e9rentes d\u00e9l\u00e9gations bretonnes et celtes\u00a0\u00bb.<\/p>\n<p>Le Lorient Pipe Band, tout comme le collectif Bretagne Unie, participera n\u00e9anmoins au festival. Le groupe de cornemuses se produira sur la Place des Pays celtes, le samedi 2 ao\u00fbt.<\/p>\n","protected":false},"excerpt":{"rendered":"Pour la premi\u00e8re fois depuis 2017, le collectif Bretagne R\u00e9unie ne d\u00e9filera pas lors de la Grande parade&hellip;\n","protected":false},"author":2,"featured_media":242113,"comment_status":"","ping_status":"","sticky":false,"template":"","format":"standard","meta":{"footnotes":""},"categories":[2818],"tags":[1111,11,765,1777,674,38160,38159,1011,27,1781,3729,766,12,2636,25,38161],"class_list":{"0":"post-242112","1":"post","2":"type-post","3":"status-publish","4":"format-standard","5":"has-post-thumbnail","7":"category-nantes","8":"tag-actu","9":"tag-actualites","10":"tag-en-continu","11":"tag-eu","12":"tag-europe","13":"tag-festival-interceltique","14":"tag-festival-interceltique-de-lorient","15":"tag-fr","16":"tag-france","17":"tag-lorient","18":"tag-morbihan","19":"tag-nantes","20":"tag-news","21":"tag-pays-de-la-loire","22":"tag-republique-francaise","23":"tag-udb"},"share_on_mastodon":{"url":"https:\/\/pubeurope.com\/@fr\/114833861149404097","error":""},"_links":{"self":[{"href":"https:\/\/www.europesays.com\/fr\/wp-json\/wp\/v2\/posts\/242112","targetHints":{"allow":["GET"]}}],"collection":[{"href":"https:\/\/www.europesays.com\/fr\/wp-json\/wp\/v2\/posts"}],"about":[{"href":"https:\/\/www.europesays.com\/fr\/wp-json\/wp\/v2\/types\/post"}],"author":[{"embeddable":true,"href":"https:\/\/www.europesays.com\/fr\/wp-json\/wp\/v2\/users\/2"}],"replies":[{"embeddable":true,"href":"https:\/\/www.europesays.com\/fr\/wp-json\/wp\/v2\/comments?post=242112"}],"version-history":[{"count":0,"href":"https:\/\/www.europesays.com\/fr\/wp-json\/wp\/v2\/posts\/242112\/revisions"}],"wp:featuredmedia":[{"embeddable":true,"href":"https:\/\/www.europesays.com\/fr\/wp-json\/wp\/v2\/media\/242113"}],"wp:attachment":[{"href":"https:\/\/www.europesays.com\/fr\/wp-json\/wp\/v2\/media?parent=242112"}],"wp:term":[{"taxonomy":"category","embeddable":true,"href":"https:\/\/www.europesays.com\/fr\/wp-json\/wp\/v2\/categories?post=242112"},{"taxonomy":"post_tag","embeddable":true,"href":"https:\/\/www.europesays.com\/fr\/wp-json\/wp\/v2\/tags?post=242112"}],"curies":[{"name":"wp","href":"https:\/\/api.w.org\/{rel}","templated":true}]}}