{"id":242122,"date":"2025-07-11T09:23:09","date_gmt":"2025-07-11T09:23:09","guid":{"rendered":"https:\/\/www.europesays.com\/fr\/242122\/"},"modified":"2025-07-11T09:23:09","modified_gmt":"2025-07-11T09:23:09","slug":"incidents-sur-le-chantier-du-metro-a-toulouse-des-habitants-reloges-par-precaution-avant-le-passage-dun-tunnelier","status":"publish","type":"post","link":"https:\/\/www.europesays.com\/fr\/242122\/","title":{"rendered":"Incidents sur le chantier du m\u00e9tro \u00e0 Toulouse\u00a0: des habitants relog\u00e9s par pr\u00e9caution avant le passage d\u2019un tunnelier"},"content":{"rendered":"<p class=\"paragraph text_align_left lp-f-body-02\">Le chantier de construction de la troisi\u00e8me ligne de m\u00e9tro \u00e0 Toulouse (Haute-Garonne) n\u2019est pas un long fleuve tranquille. Apr\u00e8s l\u2019\u00e9vacuation d\u2019une vingtaine de personnes dans le quartier Bonnefoy, <a href=\"https:\/\/www.leparisien.fr\/haute-garonne-31\/extension-du-metro-a-toulouse-fissures-et-effondrements-apres-le-passage-du-tunnelier-les-habitants-salarment-28-06-2025-BTUYFIW4DVAIRM7YFIWKZRB3VU.php\" target=\"_blank\" rel=\"noreferrer nofollow noopener\">\u00e0 la suite de l\u2019effondrement du sol d\u2019une maison<\/a>, Tiss\u00e9o Ing\u00e9nierie annonce que les habitants d\u2019un immeuble \u00e0 proximit\u00e9 de la future station Fondeyre seront relog\u00e9s pendant environ 5 jours. Une mesure de pr\u00e9caution avant le passage sous les fondations de ce b\u00e2timent, situ\u00e9 au 7, rue de S\u00e9ville, du tunnelier Berthe de Puybusque.<\/p>\n<p class=\"paragraph text_align_left lp-f-body-02\">\u00ab Cette mesure, envisag\u00e9e d\u00e8s la conception du projet, n\u2019a aucun lien avec les d\u00e9formations de sous-sol observ\u00e9es dans le secteur de la future station Bonnefoy \u00bb, assure le groupe en charge des travaux. \u00ab Pour pr\u00e9parer au mieux ces cinq jours de relogement temporaire, Tiss\u00e9o Ing\u00e9nierie rencontre actuellement les habitants et les accompagne. Un accompagnement individualis\u00e9, avec un interlocuteur r\u00e9f\u00e9rent sur cette op\u00e9ration, est mis en place pour permettre \u00e0 chacun de disposer d\u2019une solution de relogement adapt\u00e9e. \u00bb<\/p>\n<p>\u00ab Un cas isol\u00e9 sur la ligne C \u00bb<\/p>\n<p class=\"paragraph text_align_left lp-f-body-02\">Les dates exactes du relogement seront communiqu\u00e9es aux habitants une fois celles-ci arr\u00eat\u00e9es. Le tunnelier Berthe de Puybusque, parti en novembre 2024 de la future station La Vache, est actuellement au niveau de la place Ferdinand-Faur\u00e9. Il atteindrait \u00e0 la fin de l\u2019\u00e9t\u00e9 la future station Fondeyre. Son parcours le conduit \u00e0 creuser sous l\u2019immeuble du 7, rue de S\u00e9ville.<\/p>\n<p class=\"paragraph text_align_left lp-f-body-02\">Le creusement d\u2019un tunnel fait l\u2019objet d\u2019une pr\u00e9paration minutieuse : diagnostic des b\u00e2timents, investigations g\u00e9otechniques, instrumentation et auscultation des b\u00e2tis, adaptation \u00e0 la m\u00e9thodologie de creusement et de fonctionnement du tunnelier. \u00ab Ce travail d\u2019investigation a permis de confirmer que le tunnelier va passer \u00e0 proximit\u00e9 des fondations de l\u2019immeuble \u00bb, pr\u00e9cise Tiss\u00e9o Ing\u00e9nierie. \u00ab Le passage du tunnelier peut provoquer un possible inconfort des habitants, notamment via le ressenti de vibrations. Cette configuration est un cas isol\u00e9 sur la ligne C. \u00bb<\/p>\n<p class=\"paragraph text_align_left lp-f-body-02\">Un point d\u2019\u00e9tape sera r\u00e9alis\u00e9 apr\u00e8s l\u2019op\u00e9ration de relogement.<\/p>\n","protected":false},"excerpt":{"rendered":"Le chantier de construction de la troisi\u00e8me ligne de m\u00e9tro \u00e0 Toulouse (Haute-Garonne) n\u2019est pas un long fleuve&hellip;\n","protected":false},"author":2,"featured_media":242123,"comment_status":"","ping_status":"","sticky":false,"template":"","format":"standard","meta":{"footnotes":""},"categories":[2816],"tags":[1111,11,459,1777,674,1011,27,4623,12,2680,25,104,2312],"class_list":{"0":"post-242122","1":"post","2":"type-post","3":"status-publish","4":"format-standard","5":"has-post-thumbnail","7":"category-toulouse","8":"tag-actu","9":"tag-actualites","10":"tag-departements-horsidfo","11":"tag-eu","12":"tag-europe","13":"tag-fr","14":"tag-france","15":"tag-haute-garonne-31","16":"tag-news","17":"tag-occitanie","18":"tag-republique-francaise","19":"tag-societe","20":"tag-toulouse"},"share_on_mastodon":{"url":"https:\/\/pubeurope.com\/@fr\/114833876763905592","error":""},"_links":{"self":[{"href":"https:\/\/www.europesays.com\/fr\/wp-json\/wp\/v2\/posts\/242122","targetHints":{"allow":["GET"]}}],"collection":[{"href":"https:\/\/www.europesays.com\/fr\/wp-json\/wp\/v2\/posts"}],"about":[{"href":"https:\/\/www.europesays.com\/fr\/wp-json\/wp\/v2\/types\/post"}],"author":[{"embeddable":true,"href":"https:\/\/www.europesays.com\/fr\/wp-json\/wp\/v2\/users\/2"}],"replies":[{"embeddable":true,"href":"https:\/\/www.europesays.com\/fr\/wp-json\/wp\/v2\/comments?post=242122"}],"version-history":[{"count":0,"href":"https:\/\/www.europesays.com\/fr\/wp-json\/wp\/v2\/posts\/242122\/revisions"}],"wp:featuredmedia":[{"embeddable":true,"href":"https:\/\/www.europesays.com\/fr\/wp-json\/wp\/v2\/media\/242123"}],"wp:attachment":[{"href":"https:\/\/www.europesays.com\/fr\/wp-json\/wp\/v2\/media?parent=242122"}],"wp:term":[{"taxonomy":"category","embeddable":true,"href":"https:\/\/www.europesays.com\/fr\/wp-json\/wp\/v2\/categories?post=242122"},{"taxonomy":"post_tag","embeddable":true,"href":"https:\/\/www.europesays.com\/fr\/wp-json\/wp\/v2\/tags?post=242122"}],"curies":[{"name":"wp","href":"https:\/\/api.w.org\/{rel}","templated":true}]}}