{"id":242124,"date":"2025-07-11T09:25:11","date_gmt":"2025-07-11T09:25:11","guid":{"rendered":"https:\/\/www.europesays.com\/fr\/242124\/"},"modified":"2025-07-11T09:25:11","modified_gmt":"2025-07-11T09:25:11","slug":"insolite-a-2-heures-de-lille-visitez-la-maison-des-schtroumpfs-au-coeur-dune-foret-magique","status":"publish","type":"post","link":"https:\/\/www.europesays.com\/fr\/242124\/","title":{"rendered":"Insolite. \u00c0 2 heures de Lille, visitez la maison des Schtroumpfs au c\u0153ur \u00ab\u00a0d&rsquo;une for\u00eat magique\u00a0\u00bb\u00a0!"},"content":{"rendered":"<p>            Par<br \/>\n        <strong><br \/>\n            <a href=\"https:\/\/actu.fr\/auteur\/margot-nicodeme\" title=\"Consulter tous les articles de Margot Nicod\u00e8me\" target=\"_blank\" rel=\"noopener\">Margot Nicod\u00e8me<\/a><br \/>\n        <\/strong><\/p>\n<p>        Publi\u00e9 le<\/p>\n<p>            11 juil. 2025 \u00e0 10h56        <\/p>\n<p>C\u2019est une invitation au r\u00eave, une immersion totale dans<b> la bande dessin\u00e9e culte<\/b>. Des familles auront la chance de pouvoir se mettre <b>dans la peau des Schtroumpfs<\/b>, le temps d\u2019une demi-journ\u00e9e, dans une \u00ab\u00a0for\u00eat magique\u00a0\u00bb en Belgique. L\u2019exp\u00e9rience est propos\u00e9e par Airbnb, et con\u00e7ue par Nicolas Tytgat, petit-fils de Peyo, le cr\u00e9ateur des petits personnages bleus. Pique-nique avec des g\u00e2teaux bleus, fabrications de chapeaux de Schtroumpfs, tir-\u00e0-l\u2019arc, danse\u2026 L\u2019\u00e9v\u00e9nement s\u2019annonce riche, et il n\u2019est qu\u2019\u00e0 2 heures de route de <a href=\"https:\/\/actu.fr\/hauts-de-france\/lille_59350\" target=\"_blank\" rel=\"noopener\">Lille<\/a> !<\/p>\n<p>    <img   decoding=\"async\" loading=\"lazy\" class=\"size-large\" src=\"https:\/\/www.europesays.com\/fr\/wp-content\/uploads\/2025\/07\/063f0b758f686f93f0b758f68cd3f0v-960x640.jpg\" alt=\"Immersion dans la maison du Grand Schtroumpf.\" width=\"960\" height=\"640\"\/><br \/>\n    Immersion dans la maison du Grand Schtroumpf. \u00a9Alix McIntosh Photography \u2013 ALIX MCINTOSHVisite de la maison du Grand Schtroumpf, festin \u00e0 base de nourriture bleue et danse<\/p>\n<p class=\" wall-content\">Cette exp\u00e9rience insolite s\u2019inscrit dans la promotion du tout nouveau film \u00ab\u00a0Les Schtroumpfs\u00a0\u00bb. Le plus : <b>elle est totalement gratuite<\/b> ! Mais seules deux familles (de 4 personnes) auront la chance d\u2019\u00eatre s\u00e9lectionn\u00e9es pour la vivre. Il faudra \u00eatre les plus rapides, puisque <a href=\"https:\/\/www.airbnb.fr\/experiences\/6296037?_set_bev_on_new_domain=1752134183_EAYmNlNjJmNWRmMG\" target=\"_blank\" rel=\"noopener\">les inscriptions seront ouvertes<\/a> le <b>16 juillet, date de la sortie du film en France<\/b>, \u00e0 12h p\u00e9tantes, sur la plateforme Airbnb. Le rendez-vous est donn\u00e9 \u00e0 Anh\u00e9e en Belgique, le dimanche 3 ao\u00fbt 2025.\u00a0<\/p>\n<p>    <img   decoding=\"async\" loading=\"lazy\" class=\"size-large\" src=\"https:\/\/www.europesays.com\/fr\/wp-content\/uploads\/2025\/07\/f07b4c058f686e47b4c058f68b87b4v-960x640.jpg\" alt=\"Un festin, avec une boisson revigorante et des g\u00e2teaux bleus, sera de la partie !\" width=\"960\" height=\"640\"\/><br \/>\n    Un festin, avec une boisson revigorante et des g\u00e2teaux bleus, sera de la partie ! \u00a9Alix McIntosh Photography \u2013 ALIX MCINTOSH<\/p>\n<p class=\" wall-content\">Concr\u00e8tement, les visiteurs \u2013 une famille le matin, la seconde l\u2019apr\u00e8s-midi \u2013 participeront pendant 4 heures \u00e0 \u00ab\u00a0une s\u00e9rie d\u2019activit\u00e9s ludiques inspir\u00e9es des Schtroumpfs et apprendront \u00e0 vivre comme eux, ils passeront une journ\u00e9e magique, sans avoir \u00e0 se soucier de Gargamel\u00a0\u00bb. Le tout en compagnie de Nicolas Tytgat.\u00a0<\/p>\n<p>    <img   decoding=\"async\" loading=\"lazy\" class=\"size-large\" src=\"https:\/\/www.europesays.com\/fr\/wp-content\/uploads\/2025\/07\/cb73cc058f6867083cc058f685483cv-960x640.jpg\" alt=\"Les familles pourront s'essayer au tir-\u00e0-l'arc.\" width=\"960\" height=\"640\"\/><br \/>\n    Les familles pourront s\u2019essayer au tir-\u00e0-l\u2019arc. \u00a9Alix McIntosh Photography \u2013 ALIX MCINTOSHVid\u00e9os : en ce moment sur Actu<\/p>\n<p class=\" wall-content\">L\u2019exp\u00e9rience commencera par la visite de la maison du Grand Schtroumpf, suivront une d\u00e9gustation d\u2019une \u00ab\u00a0boisson revigorante \u00e0 la salsepareille\u00a0\u00bb, l\u2019atelier de confection de chapeaux, le tir-\u00e0-l\u2019arc, le festin avec la nourriture bleue, et l\u2019apprentissage d\u2019une danse digne d\u2019une f\u00eate au village des mini personnages. Cela promet d\u2019\u00eatre schtroumpfement m\u00e9morable !<\/p>\n<p>Pour tenter sa chance, rendez-vous <a href=\"https:\/\/www.airbnb.fr\/experiences\/6296037?_set_bev_on_new_domain=1752134183_EAYmNlNjJmNWRmMG\" target=\"_blank\" rel=\"noopener\">sur Airbnb le 16 juillet<\/a> \u00e0 12h p\u00e9tantes. Premiers arriv\u00e9s, premiers servis ! L\u2019exp\u00e9rience est gratuite, mais le transport jusqu\u2019\u00e0 Anh\u00e9e n\u2019est pas pris en charge.<\/p>\n<p class=\" wall-content\">Suivez toute l\u2019actualit\u00e9 de vos villes et m\u00e9dias favoris en vous inscrivant \u00e0 <a href=\"https:\/\/moncompte.actu.fr\" title=\"D\u00e9couvez Mon Actu\" rel=\"nofollow noopener\" data-trk=\"{&quot;cta&quot;:{&quot;action&quot;:&quot;https:\\\/\\\/moncompte.actu.fr&quot;,&quot;category&quot;:&quot;mon compte&quot;,&quot;from&quot;:&quot;article footer&quot;,&quot;name&quot;:&quot;Mon actu&quot;,&quot;type&quot;:&quot;cta&quot;}}\" target=\"_blank\">Mon Actu<\/a>.<\/p>\n","protected":false},"excerpt":{"rendered":"Par Margot Nicod\u00e8me Publi\u00e9 le 11 juil. 2025 \u00e0 10h56 C\u2019est une invitation au r\u00eave, une immersion totale&hellip;\n","protected":false},"author":2,"featured_media":242125,"comment_status":"","ping_status":"","sticky":false,"template":"","format":"standard","meta":{"footnotes":""},"categories":[2815],"tags":[1111,11,7345,1777,674,1011,27,811,1757,1307,2142,12,25],"class_list":{"0":"post-242124","1":"post","2":"type-post","3":"status-publish","4":"format-standard","5":"has-post-thumbnail","7":"category-lille","8":"tag-actu","9":"tag-actualites","10":"tag-airbnb","11":"tag-eu","12":"tag-europe","13":"tag-fr","14":"tag-france","15":"tag-hauts-de-france","16":"tag-insolite","17":"tag-lille","18":"tag-maison","19":"tag-news","20":"tag-republique-francaise"},"share_on_mastodon":{"url":"https:\/\/pubeurope.com\/@fr\/114833884782483213","error":""},"_links":{"self":[{"href":"https:\/\/www.europesays.com\/fr\/wp-json\/wp\/v2\/posts\/242124","targetHints":{"allow":["GET"]}}],"collection":[{"href":"https:\/\/www.europesays.com\/fr\/wp-json\/wp\/v2\/posts"}],"about":[{"href":"https:\/\/www.europesays.com\/fr\/wp-json\/wp\/v2\/types\/post"}],"author":[{"embeddable":true,"href":"https:\/\/www.europesays.com\/fr\/wp-json\/wp\/v2\/users\/2"}],"replies":[{"embeddable":true,"href":"https:\/\/www.europesays.com\/fr\/wp-json\/wp\/v2\/comments?post=242124"}],"version-history":[{"count":0,"href":"https:\/\/www.europesays.com\/fr\/wp-json\/wp\/v2\/posts\/242124\/revisions"}],"wp:featuredmedia":[{"embeddable":true,"href":"https:\/\/www.europesays.com\/fr\/wp-json\/wp\/v2\/media\/242125"}],"wp:attachment":[{"href":"https:\/\/www.europesays.com\/fr\/wp-json\/wp\/v2\/media?parent=242124"}],"wp:term":[{"taxonomy":"category","embeddable":true,"href":"https:\/\/www.europesays.com\/fr\/wp-json\/wp\/v2\/categories?post=242124"},{"taxonomy":"post_tag","embeddable":true,"href":"https:\/\/www.europesays.com\/fr\/wp-json\/wp\/v2\/tags?post=242124"}],"curies":[{"name":"wp","href":"https:\/\/api.w.org\/{rel}","templated":true}]}}