{"id":242128,"date":"2025-07-11T09:27:09","date_gmt":"2025-07-11T09:27:09","guid":{"rendered":"https:\/\/www.europesays.com\/fr\/242128\/"},"modified":"2025-07-11T09:27:09","modified_gmt":"2025-07-11T09:27:09","slug":"une-prime-majoritaire-de-25-pour-quoi-faire","status":"publish","type":"post","link":"https:\/\/www.europesays.com\/fr\/242128\/","title":{"rendered":"une prime majoritaire de 25\u00a0% pour quoi faire\u00a0?"},"content":{"rendered":"<p>Outre le double scrutin (mairie centrale et d\u2019arrondissements), le texte <a href=\"https:\/\/www.laprovence.com\/article\/politique\/63866936883075\/municipales-2026-le-parlement-adopte-definitivement-la-reforme-du-mode-de-scrutin-a-marseille-paris-et-lyon\" target=\"_blank\" rel=\"noopener\">adopt\u00e9 par l\u2019Assembl\u00e9e nationale jeudi 10\u00a0juillet<\/a>\u00a0sur le nouveau mode de scrutin aux municipales \u00e0 Marseille, Paris et Lyon, pr\u00e9voit l\u2019instauration d\u2019une prime majoritaire de 25% des si\u00e8ges au conseil municipal pour la liste arriv\u00e9e en t\u00eate.<\/p>\n<p>C\u2019est quoi la prime majoritaire\u00a0?<\/p>\n<p>La prime majoritaire est un outil \u00e9lectoral qui permet de d\u00e9gager des majorit\u00e9s nettes dans les collectivit\u00e9s locales o\u00f9 l\u2019on vote au scrutin proportionnel. Dans les 35\u00a0000\u00a0communes de France (une loi vot\u00e9e le 7\u00a0avril\u00a02025 a fait entrer toutes les communes de moins de 1\u00a0000\u00a0habitants dans ce r\u00e9gime) o\u00f9 la prime majoritaire est appliqu\u00e9e depuis\u00a01982, il s\u2019agit de donner \u00e0 la liste arriv\u00e9e en t\u00eate la moiti\u00e9 des si\u00e8ges en jeu. Le reste est r\u00e9parti \u00e0 la proportionnelle.<\/p>\n","protected":false},"excerpt":{"rendered":"Outre le double scrutin (mairie centrale et d\u2019arrondissements), le texte adopt\u00e9 par l\u2019Assembl\u00e9e nationale jeudi 10\u00a0juillet\u00a0sur le nouveau&hellip;\n","protected":false},"author":2,"featured_media":242129,"comment_status":"","ping_status":"","sticky":false,"template":"","format":"standard","meta":{"footnotes":""},"categories":[2814],"tags":[17,13204,1111,11,5949,1777,674,1011,27,38162,884,3554,12,471,9483,882,25,96],"class_list":{"0":"post-242128","1":"post","2":"type-post","3":"status-publish","4":"format-standard","5":"has-post-thumbnail","7":"category-marseille","8":"tag-17","9":"tag-13204","10":"tag-actu","11":"tag-actualites","12":"tag-elections","13":"tag-eu","14":"tag-europe","15":"tag-fr","16":"tag-france","17":"tag-majoritaire","18":"tag-marseille","19":"tag-municipales","20":"tag-news","21":"tag-pour","22":"tag-prime","23":"tag-provence-alpes-cote-dazur","24":"tag-republique-francaise","25":"tag-une"},"share_on_mastodon":{"url":"https:\/\/pubeurope.com\/@fr\/114833892554936470","error":""},"_links":{"self":[{"href":"https:\/\/www.europesays.com\/fr\/wp-json\/wp\/v2\/posts\/242128","targetHints":{"allow":["GET"]}}],"collection":[{"href":"https:\/\/www.europesays.com\/fr\/wp-json\/wp\/v2\/posts"}],"about":[{"href":"https:\/\/www.europesays.com\/fr\/wp-json\/wp\/v2\/types\/post"}],"author":[{"embeddable":true,"href":"https:\/\/www.europesays.com\/fr\/wp-json\/wp\/v2\/users\/2"}],"replies":[{"embeddable":true,"href":"https:\/\/www.europesays.com\/fr\/wp-json\/wp\/v2\/comments?post=242128"}],"version-history":[{"count":0,"href":"https:\/\/www.europesays.com\/fr\/wp-json\/wp\/v2\/posts\/242128\/revisions"}],"wp:featuredmedia":[{"embeddable":true,"href":"https:\/\/www.europesays.com\/fr\/wp-json\/wp\/v2\/media\/242129"}],"wp:attachment":[{"href":"https:\/\/www.europesays.com\/fr\/wp-json\/wp\/v2\/media?parent=242128"}],"wp:term":[{"taxonomy":"category","embeddable":true,"href":"https:\/\/www.europesays.com\/fr\/wp-json\/wp\/v2\/categories?post=242128"},{"taxonomy":"post_tag","embeddable":true,"href":"https:\/\/www.europesays.com\/fr\/wp-json\/wp\/v2\/tags?post=242128"}],"curies":[{"name":"wp","href":"https:\/\/api.w.org\/{rel}","templated":true}]}}