{"id":242130,"date":"2025-07-11T09:28:09","date_gmt":"2025-07-11T09:28:09","guid":{"rendered":"https:\/\/www.europesays.com\/fr\/242130\/"},"modified":"2025-07-11T09:28:09","modified_gmt":"2025-07-11T09:28:09","slug":"un-ancien-policier-lyonnais-soupconne-de-viols-et-dagressions-sexuelles-sur-des-adolescents","status":"publish","type":"post","link":"https:\/\/www.europesays.com\/fr\/242130\/","title":{"rendered":"Un ancien policier lyonnais soup\u00e7onn\u00e9 de viols et d&rsquo;agressions sexuelles sur des adolescents"},"content":{"rendered":"<p itemprop=\"description\"><strong>Des faits gla\u00e7ants qui auraient eu lieu entre 2019 et 2023.<\/strong><\/p>\n<p>Un policier fra\u00eechement retrait\u00e9, qui exer\u00e7ait \u00e0 la police aux fronti\u00e8res (PAF) de Lyon est soup\u00e7onn\u00e9 de viols et agressions sexuelles sur plusieurs adolescents.<\/p>\n<p>Ce dernier a \u00e9t\u00e9 d\u00e9f\u00e9r\u00e9 ce mercredi 10 juillet 2025 \u00a0en vue de sa mise en examen pour viols et agressions sexuelles sur mineurs de 15 ans et de plus de 15 ans, rapporte le<a href=\"https:\/\/www.ledauphine.com\/faits-divers-justice\/2025\/07\/10\/isere-dolomieu-un-policier-retraite-depuis-quelques-jours-en-garde-a-vue-pour-des-viols-sur-plusieurs-mineurs\" target=\"_blank\" rel=\"noopener nofollow\"> Dauphin\u00e9 Lib\u00e9r\u00e9<\/a>. L&rsquo;affaire, d&rsquo;abord instruite par un commissariat, a \u00e9t\u00e9 reprise par la brigade de gendarmerie de La Tour-du-Pin.<\/p>\n<p>Le quinquag\u00e9naire, interpell\u00e9 \u00e0 son domicile du pays turripinois ce mardi 8 juillet, est vis\u00e9 par plusieurs plaintes pour des faits d\u00e9nonc\u00e9s sur plusieurs ann\u00e9es.<\/p>\n<p><strong>Une application de rencontres<\/strong><\/p>\n<p>Selon les premiers \u00e9l\u00e9ments de l&rsquo;enqu\u00eate, l&rsquo;ancien policier aurait utilis\u00e9 l&rsquo;application de rencontres homosexuelles Grindr pour approcher ses jeunes victimes.<\/p>\n<p>Il leur proposait ensuite des rendez-vous et les aurait ramen\u00e9s chez lui, o\u00f9 il leur aurait impos\u00e9 des agressions sexuelles et des viols, sous la contrainte. Parmi les victimes pr\u00e9sum\u00e9es figure un adolescent \u00e2g\u00e9 de seulement 14 ans au moment des faits.<\/p>\n<p>Lors de son interpellation, l&rsquo;ex-policier aurait rapidement reconnu les faits. Il aurait m\u00eame recontact\u00e9 l&rsquo;une des victimes peu avant son arrestation, invoquant \u00eatre \u00ab\u00a0amoureux\u00a0\u00bb.<\/p>\n<p>Au cours de la perquisition de son domicile, les enqu\u00eateurs ont \u00e9galement mis au jour un arsenal d\u00e9tenu ill\u00e9galement. Une carabine Winchester, deux pistolets automatiques (dont un factice) et de nombreuses munitions ont \u00e9t\u00e9 saisis, pr\u00e9cise le quotidien.\u00a0<\/p>\n<p>\u00c0 l&rsquo;issue de 48 heures de garde \u00e0 vue, le suspect a \u00e9t\u00e9 d\u00e9f\u00e9r\u00e9 devant la justice \u00e0 Bourgoin-Jallieu. Le parquet a ouvert une information judiciaire et requis son placement en d\u00e9tention provisoire. Les investigations se poursuivent d\u00e9sormais pour identifier d&rsquo;\u00e9ventuelles autres victimes.<\/p>\n","protected":false},"excerpt":{"rendered":"Des faits gla\u00e7ants qui auraient eu lieu entre 2019 et 2023. Un policier fra\u00eechement retrait\u00e9, qui exer\u00e7ait \u00e0&hellip;\n","protected":false},"author":2,"featured_media":242131,"comment_status":"","ping_status":"","sticky":false,"template":"","format":"standard","meta":{"footnotes":""},"categories":[1889],"tags":[1111,11,2813,2190,2430,1109,251,1112,2811,1777,674,118,1011,27,1922,1110,1114,2428,2810,12,241,316,25,2812,517,800],"class_list":{"0":"post-242130","1":"post","2":"type-post","3":"status-publish","4":"format-standard","5":"has-post-thumbnail","7":"category-lyon","8":"tag-actu","9":"tag-actualites","10":"tag-article","11":"tag-asvel","12":"tag-auvergne-rhone-alpes","13":"tag-breves","14":"tag-culture","15":"tag-depeches","16":"tag-economique","17":"tag-eu","18":"tag-europe","19":"tag-faits-divers","20":"tag-fr","21":"tag-france","22":"tag-info","23":"tag-informations","24":"tag-infos","25":"tag-lyon","26":"tag-lyonmag","27":"tag-news","28":"tag-ol","29":"tag-politique","30":"tag-republique-francaise","31":"tag-sociale","32":"tag-sport","33":"tag-transports"},"share_on_mastodon":{"url":"https:\/\/pubeurope.com\/@fr\/114833896555624126","error":""},"_links":{"self":[{"href":"https:\/\/www.europesays.com\/fr\/wp-json\/wp\/v2\/posts\/242130","targetHints":{"allow":["GET"]}}],"collection":[{"href":"https:\/\/www.europesays.com\/fr\/wp-json\/wp\/v2\/posts"}],"about":[{"href":"https:\/\/www.europesays.com\/fr\/wp-json\/wp\/v2\/types\/post"}],"author":[{"embeddable":true,"href":"https:\/\/www.europesays.com\/fr\/wp-json\/wp\/v2\/users\/2"}],"replies":[{"embeddable":true,"href":"https:\/\/www.europesays.com\/fr\/wp-json\/wp\/v2\/comments?post=242130"}],"version-history":[{"count":0,"href":"https:\/\/www.europesays.com\/fr\/wp-json\/wp\/v2\/posts\/242130\/revisions"}],"wp:featuredmedia":[{"embeddable":true,"href":"https:\/\/www.europesays.com\/fr\/wp-json\/wp\/v2\/media\/242131"}],"wp:attachment":[{"href":"https:\/\/www.europesays.com\/fr\/wp-json\/wp\/v2\/media?parent=242130"}],"wp:term":[{"taxonomy":"category","embeddable":true,"href":"https:\/\/www.europesays.com\/fr\/wp-json\/wp\/v2\/categories?post=242130"},{"taxonomy":"post_tag","embeddable":true,"href":"https:\/\/www.europesays.com\/fr\/wp-json\/wp\/v2\/tags?post=242130"}],"curies":[{"name":"wp","href":"https:\/\/api.w.org\/{rel}","templated":true}]}}