{"id":242132,"date":"2025-07-11T09:29:09","date_gmt":"2025-07-11T09:29:09","guid":{"rendered":"https:\/\/www.europesays.com\/fr\/242132\/"},"modified":"2025-07-11T09:29:09","modified_gmt":"2025-07-11T09:29:09","slug":"brevet-2025-voici-les-10-meilleurs-colleges-de-lyon-selon-ce-classement","status":"publish","type":"post","link":"https:\/\/www.europesays.com\/fr\/242132\/","title":{"rendered":"Brevet 2025. Voici les 10 meilleurs coll\u00e8ges de Lyon selon ce classement"},"content":{"rendered":"<p>            Par<br \/>\n        <strong><br \/>\n            <a href=\"https:\/\/actu.fr\/auteur\/theophile-blondet\" title=\"Consulter tous les articles de Theophile Blondet\" rel=\"nofollow noopener\" target=\"_blank\">Theophile Blondet<\/a><br \/>\n        <\/strong><\/p>\n<p>        Publi\u00e9 le<\/p>\n<p>            11 juil. 2025 \u00e0 11h16        <\/p>\n<p>Quel est le meilleur coll\u00e8ge de <a href=\"https:\/\/actu.fr\/lyon\/\" rel=\"nofollow noopener\" target=\"_blank\">Lyon<\/a> ? Le classement du site <a href=\"https:\/\/www.letudiant.fr\/classements\/classement-des-meilleurs-colleges\/ville-lyon+lyon-02+lyon-03+lyon-04+lyon-05+lyon-06+lyon-07+lyon-08+lyon-09\/departement-rhone.html\" rel=\"nofollow noopener\" target=\"_blank\">l\u2019Etudiant<\/a> donne la note de A \u00e0 <strong>10 \u00e9tablissements.\u00a0<\/strong><br \/>La hi\u00e9rarchie se base sur les r\u00e9sultats du brevet des coll\u00e8ges (2024, 2023 et 2022), mais aussi sur les indicateurs de mixit\u00e9 sociale du minist\u00e8re de l\u2019\u00c9ducation nationale publi\u00e9s chaque ann\u00e9e.<\/p>\n<p>Le classement<\/p>\n<p class=\" wall-content\">\u00c0 partir des quatre crit\u00e8res observ\u00e9s par l\u2019\u00c9tudiant\u00a0(le taux de r\u00e9ussite au brevet sur trois ans, la note moyenne \u00e0 l\u2019\u00e9crit du brevet en 2024, la valeur ajout\u00e9e ou la capacit\u00e9 \u00e0 faire progresser les \u00e9l\u00e8ves et l\u2019indicateur de mixit\u00e9 sociale), une note sur 20 est attribu\u00e9e \u00e0 chaque \u00e9tablissement.<\/p>\n<ol class=\" wall-content\">\n<li>Coll\u00e8ge priv\u00e9 Notre Dame de Bellecombe \u2013 Lyon 6\u00e8me : 100% de taux de r\u00e9ussite du brevet sur 3 ans. Note moyenne \u00e0 l\u2019\u00e9crit du brevet 2024 : 15,4<\/li>\n<li>Coll\u00e8ge priv\u00e9 Les Chartreux-Saint Charles \u2013 Lyon4\u00e8me : 100% de taux de r\u00e9ussite du brevet sur 3 ans. Note moyenne \u00e0 l\u2019\u00e9crit du brevet 2024 : 15,3<\/li>\n<li>Coll\u00e8ge priv\u00e9 Chevreul \u2013 Lyon 2\u00e8me \u2013 99,67% de taux de r\u00e9ussite du brevet sur 3 ans. Note moyenne \u00e0 l\u2019\u00e9crit du brevet 2024 : 15,3<\/li>\n<li>Coll\u00e8ge priv\u00e9 Chevreul Lestonnac \u2013 Lyon 7\u00e8me : 99,67% de taux de r\u00e9ussite du brevet sur 3 ans. Note moyenne \u00e0 l\u2019\u00e9crit du brevet 2024 : 14,2<\/li>\n<li>Coll\u00e8ge priv\u00e9 Deborde \u2013 Lyon 6\u00e8me : 99,33% de taux de r\u00e9ussite du brevet sur 3 ans. Note moyenne \u00e0 l\u2019\u00e9crit du brevet 2024 : 14,7<\/li>\n<li>Coll\u00e8ge priv\u00e9 Saint Louis de la Guilloti\u00e8re \u2013 Lyon 7\u00e8me: 99,00% de taux de r\u00e9ussite du brevet sur 3 ans. Note moyenne \u00e0 l\u2019\u00e9crit du brevet 2024 : 14,3<\/li>\n<li>Coll\u00e8ge priv\u00e9 Pierre Termier site Monchat \u2013 Lyon 3\u00e8me: 95,67% de taux de r\u00e9ussite du brevet sur 3 ans. Note moyenne \u00e0 l\u2019\u00e9crit du brevet 2024 : 13,1<\/li>\n<li>Coll\u00e8ge priv\u00e9 Saint-Denis \u2013 Lyon 4\u00e8me : 94,67% de taux de r\u00e9ussite du brevet sur 3 ans. Note moyenne \u00e0 l\u2019\u00e9crit du brevet 2024 : 13,2<\/li>\n<li>Coll\u00e8ge priv\u00e9 Jean Monnet \u2013 Lyon 2\u00e8me : 89,33% de taux de r\u00e9ussite du brevet sur 3 ans. Note moyenne \u00e0 l\u2019\u00e9crit du brevet 2024 : 12,1<\/li>\n<li>Coll\u00e8ge public Gilbert Dru \u2013 Lyon 3\u00e8me : 84,67% de taux de r\u00e9ussite du brevet sur 3 ans. Note moyenne \u00e0 l\u2019\u00e9crit du brevet 2024 : 11<\/li>\n<\/ol>\n<p class=\" wall-content\">Suivez toute l\u2019actualit\u00e9 de vos villes et m\u00e9dias favoris en vous inscrivant \u00e0 <a href=\"https:\/\/moncompte.actu.fr\" title=\"D\u00e9couvez Mon Actu\" rel=\"nofollow noopener\" data-trk=\"{&quot;cta&quot;:{&quot;action&quot;:&quot;https:\\\/\\\/moncompte.actu.fr&quot;,&quot;category&quot;:&quot;mon compte&quot;,&quot;from&quot;:&quot;article footer&quot;,&quot;name&quot;:&quot;Mon actu&quot;,&quot;type&quot;:&quot;cta&quot;}}\" target=\"_blank\">Mon Actu<\/a>.<\/p>\n","protected":false},"excerpt":{"rendered":"Par Theophile Blondet Publi\u00e9 le 11 juil. 2025 \u00e0 11h16 Quel est le meilleur coll\u00e8ge de Lyon ?&hellip;\n","protected":false},"author":2,"featured_media":242133,"comment_status":"","ping_status":"","sticky":false,"template":"","format":"standard","meta":{"footnotes":""},"categories":[1889],"tags":[1111,11,2430,36556,1057,1777,674,1011,27,2428,12,25,104],"class_list":{"0":"post-242132","1":"post","2":"type-post","3":"status-publish","4":"format-standard","5":"has-post-thumbnail","7":"category-lyon","8":"tag-actu","9":"tag-actualites","10":"tag-auvergne-rhone-alpes","11":"tag-brevet-dnb","12":"tag-education","13":"tag-eu","14":"tag-europe","15":"tag-fr","16":"tag-france","17":"tag-lyon","18":"tag-news","19":"tag-republique-francaise","20":"tag-societe"},"share_on_mastodon":{"url":"https:\/\/pubeurope.com\/@fr\/114833900344231423","error":""},"_links":{"self":[{"href":"https:\/\/www.europesays.com\/fr\/wp-json\/wp\/v2\/posts\/242132","targetHints":{"allow":["GET"]}}],"collection":[{"href":"https:\/\/www.europesays.com\/fr\/wp-json\/wp\/v2\/posts"}],"about":[{"href":"https:\/\/www.europesays.com\/fr\/wp-json\/wp\/v2\/types\/post"}],"author":[{"embeddable":true,"href":"https:\/\/www.europesays.com\/fr\/wp-json\/wp\/v2\/users\/2"}],"replies":[{"embeddable":true,"href":"https:\/\/www.europesays.com\/fr\/wp-json\/wp\/v2\/comments?post=242132"}],"version-history":[{"count":0,"href":"https:\/\/www.europesays.com\/fr\/wp-json\/wp\/v2\/posts\/242132\/revisions"}],"wp:featuredmedia":[{"embeddable":true,"href":"https:\/\/www.europesays.com\/fr\/wp-json\/wp\/v2\/media\/242133"}],"wp:attachment":[{"href":"https:\/\/www.europesays.com\/fr\/wp-json\/wp\/v2\/media?parent=242132"}],"wp:term":[{"taxonomy":"category","embeddable":true,"href":"https:\/\/www.europesays.com\/fr\/wp-json\/wp\/v2\/categories?post=242132"},{"taxonomy":"post_tag","embeddable":true,"href":"https:\/\/www.europesays.com\/fr\/wp-json\/wp\/v2\/tags?post=242132"}],"curies":[{"name":"wp","href":"https:\/\/api.w.org\/{rel}","templated":true}]}}