{"id":242134,"date":"2025-07-11T09:31:10","date_gmt":"2025-07-11T09:31:10","guid":{"rendered":"https:\/\/www.europesays.com\/fr\/242134\/"},"modified":"2025-07-11T09:31:10","modified_gmt":"2025-07-11T09:31:10","slug":"ile-de-france-mobilites-confie-a-karos-son-service-de-covoiturage-sur-reservation","status":"publish","type":"post","link":"https:\/\/www.europesays.com\/fr\/242134\/","title":{"rendered":"\u00cele-de-France Mobilit\u00e9s confie \u00e0 Karos son service de covoiturage sur r\u00e9servation"},"content":{"rendered":"<p class=\"fig-paragraph\">\u00cele-de-France Mobilit\u00e9s (IDFM) a annonc\u00e9 ce vendredi 11 juillet avoir confi\u00e9 \u00e0 la soci\u00e9t\u00e9 Karos l&rsquo;exploitation de son\u00a0<a href=\"https:\/\/www.lefigaro.fr\/conso\/le-covoiturage-domicile-travail-en-plein-boom-20220520\" data-fig-type=\"Article\" data-gtm-custom-categorie=\"navigation\" data-gtm-custom-action=\"crossclick\" data-gtm-custom-label=\"Contextuel\" data-gtm-event=\"customEventSPE\" data-fig-domain=\"LEFIGARO\" rel=\"nofollow noopener\" target=\"_blank\">covoiturage sur r\u00e9servation<\/a>, simplifiant ce service de desserte de zones peu couvertes par les transports en commun. IDFM souhaitait de longue date qu&rsquo;une plateforme unique centralise celles utilis\u00e9es jusqu&rsquo;alors, comme Blablacar, Klaxit ou Karos. Ce dernier \u00abest d\u00e9sormais le seul op\u00e9rateur du covoiturage planifi\u00e9 soutenu par \u00cele-de-France Mobilit\u00e9s, assurant une meilleure lisibilit\u00e9 et une simplification de l&rsquo;offre au service des usagers\u00bb, a expliqu\u00e9 l&rsquo;autorit\u00e9 dans un communiqu\u00e9.<\/p>\n<p class=\"fig-paragraph\">IDFM a rappel\u00e9 encourager depuis 2017 le covoiturage \u00aben offrant deux trajets par jour aux abonn\u00e9s Navigo annuels, mensuels et Imagine R et en incitant financi\u00e8rement les covoitureurs\u00bb, jusqu&rsquo;\u00e0 150 euros par mois. En 2024, \u00abplus de 2,8 millions de trajets ont \u00e9t\u00e9 subventionn\u00e9s par \u00cele-de-France Mobilit\u00e9s, soit 800.000 de plus qu&rsquo;en 2023\u00bb, tandis que \u00ab80% des trajets subventionn\u00e9s l&rsquo;ont \u00e9t\u00e9 en grande couronne, montrant l&rsquo;int\u00e9r\u00eat de ce mode de d\u00e9placement dans les zones moins denses\u00bb, selon IDFM.<\/p>\n<p>                                    <a class=\"fig-a11y-skip a11y-hidden\" href=\"#fig-a11y-skip-main-inarticle\"><br \/>\n        Passer la publicit\u00e9<br \/>\n    <\/a><\/p>\n<p>Op\u00e9rateur unique<\/p>\n<p class=\"fig-paragraph\">Avec Karos, qui s&rsquo;est vu attribuer ce contrat pour deux ans \u00e9ventuellement renouvelables d&rsquo;autant, IDFM \u00abopte pour un march\u00e9 unifi\u00e9 avec un op\u00e9rateur unique, int\u00e9gr\u00e9 \u00e0 son service, afin de faire de la voiture une solution de mobilit\u00e9 compl\u00e9mentaire au reste du r\u00e9seau de transport\u00bb. Concr\u00e8tement, Karos \u00abdevra fournir et op\u00e9rer une application, int\u00e9gr\u00e9e \u00e0 l&rsquo;\u00e9cosyst\u00e8me et \u00e0 la charte graphique d&rsquo;\u00cele-de-France Mobilit\u00e9s, assurer le versement des incitations financi\u00e8res, mettre en place un contr\u00f4le antifraude, et am\u00e9liorer de mani\u00e8re continue le service pour r\u00e9pondre \u00e0 l&rsquo;\u00e9volution des besoins\u00bb.<\/p>\n<p class=\"fig-paragraph\">Le covoiturage en \u00cele-de-France prend deux formes\u00a0: \u00abplanifi\u00e9\u00bb, le voyageur r\u00e9servant son itin\u00e9raire en indiquant son point de d\u00e9part et d&rsquo;arriv\u00e9e, et \u00abfixe\u00bb, o\u00f9 le voyageur \u00abse rend \u00e0 un arr\u00eat physique, sans r\u00e9server son trajet, se signale sur l&rsquo;application mobile ou par SMS et attend le passage d&rsquo;un conducteur, avec un syst\u00e8me similaire au bus\u00bb, a rappel\u00e9 IDFM. La premi\u00e8re ligne de covoiturage fixe a \u00e9t\u00e9 inaugur\u00e9e d\u00e9but juin sur le Plateau de Saclay (sud-ouest de Paris), si\u00e8ge de nombreuses grandes \u00e9coles mais notoirement mal desservi par les transports en commun, en attendant l&rsquo;inauguration en 2027 d&rsquo;une partie de la ligne 18 du m\u00e9tro du Grand Paris express.<\/p>\n","protected":false},"excerpt":{"rendered":"\u00cele-de-France Mobilit\u00e9s (IDFM) a annonc\u00e9 ce vendredi 11 juillet avoir confi\u00e9 \u00e0 la soci\u00e9t\u00e9 Karos l&rsquo;exploitation de son\u00a0covoiturage&hellip;\n","protected":false},"author":2,"featured_media":242135,"comment_status":"","ping_status":"","sticky":false,"template":"","format":"standard","meta":{"footnotes":""},"categories":[1592],"tags":[1111,11,16745,1777,674,1011,27,662,12,626,25,800],"class_list":{"0":"post-242134","1":"post","2":"type-post","3":"status-publish","4":"format-standard","5":"has-post-thumbnail","7":"category-ile-de-france","8":"tag-actu","9":"tag-actualites","10":"tag-covoiturage","11":"tag-eu","12":"tag-europe","13":"tag-fr","14":"tag-france","15":"tag-ile-de-france","16":"tag-news","17":"tag-paris","18":"tag-republique-francaise","19":"tag-transports"},"share_on_mastodon":{"url":"https:\/\/pubeurope.com\/@fr\/114833908297965434","error":""},"_links":{"self":[{"href":"https:\/\/www.europesays.com\/fr\/wp-json\/wp\/v2\/posts\/242134","targetHints":{"allow":["GET"]}}],"collection":[{"href":"https:\/\/www.europesays.com\/fr\/wp-json\/wp\/v2\/posts"}],"about":[{"href":"https:\/\/www.europesays.com\/fr\/wp-json\/wp\/v2\/types\/post"}],"author":[{"embeddable":true,"href":"https:\/\/www.europesays.com\/fr\/wp-json\/wp\/v2\/users\/2"}],"replies":[{"embeddable":true,"href":"https:\/\/www.europesays.com\/fr\/wp-json\/wp\/v2\/comments?post=242134"}],"version-history":[{"count":0,"href":"https:\/\/www.europesays.com\/fr\/wp-json\/wp\/v2\/posts\/242134\/revisions"}],"wp:featuredmedia":[{"embeddable":true,"href":"https:\/\/www.europesays.com\/fr\/wp-json\/wp\/v2\/media\/242135"}],"wp:attachment":[{"href":"https:\/\/www.europesays.com\/fr\/wp-json\/wp\/v2\/media?parent=242134"}],"wp:term":[{"taxonomy":"category","embeddable":true,"href":"https:\/\/www.europesays.com\/fr\/wp-json\/wp\/v2\/categories?post=242134"},{"taxonomy":"post_tag","embeddable":true,"href":"https:\/\/www.europesays.com\/fr\/wp-json\/wp\/v2\/tags?post=242134"}],"curies":[{"name":"wp","href":"https:\/\/api.w.org\/{rel}","templated":true}]}}