{"id":242148,"date":"2025-07-11T09:40:18","date_gmt":"2025-07-11T09:40:18","guid":{"rendered":"https:\/\/www.europesays.com\/fr\/242148\/"},"modified":"2025-07-11T09:40:18","modified_gmt":"2025-07-11T09:40:18","slug":"cole-hauser-rip-partage-un-emouvant-message-apres-cette-tragedie-qui-a-frappe-les-etats-unis","status":"publish","type":"post","link":"https:\/\/www.europesays.com\/fr\/242148\/","title":{"rendered":"Cole Hauser (Rip) partage un \u00e9mouvant message apr\u00e8s cette trag\u00e9die qui a frapp\u00e9 les \u00c9tats-Unis"},"content":{"rendered":"<p>Le 4 juillet dernier, jour de l&rsquo;Ind\u00e9pendance aux \u00c9tats-Unis, des pluies diluviennes se sont abattues sur l&rsquo;\u00c9tat du Texas, causant une impressionnante crue du fleuve Guadalupe. Plus de 100 personnes, dont des enfants, ont perdu la vie. Une trag\u00e9die qui a fait r\u00e9agir Cole Hauser, l&rsquo;interpr\u00e8te de Rip dans Yellowstone.<\/p>\n<p>Plus d&rsquo;une centaine de personnes ont perdu la vie, dont une vingtaine d&rsquo;enfants et de moniteurs d&rsquo;un camp de vacances chr\u00e9tien pour filles, dans les inondations qui ont frapp\u00e9 l&rsquo;\u00c9tat du Texas dans la nuit du 4 juillet dernier. Ces crues subites ont \u00e9t\u00e9 provoqu\u00e9es par de fortes pr\u00e9cipitations qui ont fait monter les eaux du fleuve Guadalupe de huit m\u00e8tres en moins d&rsquo;une heure. Presque une semaine apr\u00e8s les inondations meurtri\u00e8res, les recherches sont encore en cours pour tenter de retrouver les personnes toujours port\u00e9es disparues. Le bilan pourrait encore s&rsquo;alourdir d&rsquo;ici les prochains jours. Ce drame a rapidement fait r\u00e9agir le pr\u00e9sident <a href=\"https:\/\/www.programme-tv.net\/biographie\/13062-trump-donald\/\" data-link-people=\"14757796-c622-4af5-b7ae-017993f877fc\" target=\"_blank\" rel=\"noopener\">Donald Trump<\/a>, l&rsquo;ensemble de la classe politique am\u00e9ricaine ainsi que des personnalit\u00e9s telles que <a href=\"https:\/\/www.programme-tv.net\/news\/series-tv\/377654-yellowstone-pour-jouer-dans-la-serie-cole-hauser-rip-a-du-effectuer-un-changement-physique\/\" data-api-deeplink=\"teleloisirs:\/\/news\/377654\" target=\"_blank\" rel=\"noopener\">Cole Hauser, connu pour avoir jou\u00e9 dans la s\u00e9rie Yellowstone <\/a>\u00e0 voir sur <a href=\"https:\/\/www.programme-tv.net\/guide-netflix\/\" target=\"_blank\" rel=\"noopener\"><b>Netflix<\/b><\/a>.<\/p>\n<p>                        <b>Cole Hauser r\u00e9v\u00e8le \u00eatre <\/b><b>\u00ab\u00a0de tout c\u0153ur avec toutes les personnes touch\u00e9es\u00a0\u00bb<\/b><b> par la trag\u00e9die qui a frapp\u00e9 le Texas<\/b><\/p>\n<p>Face \u00e0 cette trag\u00e9die, Cole Hauser a indiqu\u00e9 sur son compte Instagram qu&rsquo;il \u00e9tait \u00ab\u00a0de tout c\u0153ur avec toutes les personnes touch\u00e9es par les inondations\u00a0\u00bb, mais aussi avec les \u00ab\u00a0premiers intervenants qui travaillent sans rel\u00e2che\u00a0\u00bb<b> <\/b>depuis la nuit du 4 juillet dernier. \u00ab\u00a0Votre courage et votre engagement sont essentiels, surtout dans des moments comme celui-ci\u00a0\u00bb, a ajout\u00e9 l&rsquo;acteur, qui propose du caf\u00e9 et des provisions pour soutenir \u00ab\u00a0aussi modestement que possible\u00a0\u00bb celles et ceux qui sont en premi\u00e8re ligne pour porter secours. \u00ab\u00a0Si vous \u00eates en premi\u00e8re ligne et que vous en avez besoin, n&rsquo;h\u00e9sitez pas \u00e0 nous le faire savoir dans les commentaires. Prends soin de toi, Texas. Nous sommes avec toi\u00a0\u00bb, a conclu Cole Hauser.<\/p>\n<p>            <b>Cole Hauser poss\u00e8de une entreprise bas\u00e9e au Texas <\/b><\/p>\n<p>En parall\u00e8le de <a href=\"https:\/\/www.programme-tv.net\/news\/series-tv\/380121-26-ans-avant-yellowstone-cole-hauser-faisait-partie-de-ce-film-des-annees-1990-qui-a-revele-ben-affleck-et-matt-damon\/\" data-api-deeplink=\"teleloisirs:\/\/news\/380121\" target=\"_blank\" rel=\"noopener\">sa carri\u00e8re d&rsquo;acteur<\/a>, Cole Hauser a lanc\u00e9 sa propre marque de caf\u00e9 appel\u00e9e Free Rein Coffee Company en 2023 avec l&rsquo;aide de ses amis Karl Pfluger, <a href=\"https:\/\/www.programme-tv.net\/biographie\/11633-anderson-paul\/\" data-link-people=\"999a98c9-6770-4443-b535-9e9c8848512c\" target=\"_blank\" rel=\"noopener\">Paul Anderson<\/a> et Aron Marquez. Comme on peut le lire sur leur <a href=\"https:\/\/freereincoffee.com\/?srsltid=AfmBOooW9CwtJJG7sDEf79AaIueaw17-RhhkcmCSKe2F2_6DxSLntas7\" target=\"_blank\" rel=\"noopener\">site Internet<\/a>, l&rsquo;entreprise bas\u00e9e au Texas offre \u00ab\u00a0le meilleur caf\u00e9 am\u00e9ricain, cors\u00e9 et onctueux, tout en redonnant \u00e0 ceux qui servent leur pays et leurs communaut\u00e9s, notamment les anciens combattants, les militaires actifs, les premiers intervenants, les infirmi\u00e8res et les enseignants\u00a0\u00bb.<\/p>\n<blockquote class=\"instagram-media\" data-instgrm-captioned=\"\" data-instgrm-permalink=\"https:\/\/www.instagram.com\/p\/DLvkOFLRI_Q\/?utm_source=ig_embed&amp;utm_campaign=loading\" data-instgrm-version=\"14\" style=\" background:#FFF; border:0; border-radius:3px; box-shadow:0 0 1px 0 rgba(0,0,0,0.5),0 1px 10px 0 rgba(0,0,0,0.15); margin: 1px; max-width:658px; min-width:326px; padding:0; width:99.375%; width:-webkit-calc(100% - 2px); width:calc(100% - 2px);\"\/>\n<p>Article \u00e9crit en collaboration avec 6M\u00e9dias<\/p>\n<p>        <script async src=\"\/\/www.instagram.com\/embed.js\"><\/script><\/p>\n","protected":false},"excerpt":{"rendered":"Le 4 juillet dernier, jour de l&rsquo;Ind\u00e9pendance aux \u00c9tats-Unis, des pluies diluviennes se sont abattues sur l&rsquo;\u00c9tat du&hellip;\n","protected":false},"author":2,"featured_media":242149,"comment_status":"","ping_status":"","sticky":false,"template":"","format":"standard","meta":{"footnotes":""},"categories":[1589],"tags":[11,22976,244,73,1866,127,12,1722,4496,129,1864,1865,1863,308,4497],"class_list":{"0":"post-242148","1":"post","2":"type-post","3":"status-publish","4":"format-standard","5":"has-post-thumbnail","7":"category-etats-unis","8":"tag-actualites","9":"tag-cole-hauser","10":"tag-commentaire","11":"tag-etats-unis","12":"tag-etats-unis-damerique","13":"tag-netflix","14":"tag-news","15":"tag-pub-streaming-netflix","16":"tag-superstream","17":"tag-svod","18":"tag-united-states","19":"tag-united-states-of-america","20":"tag-us","21":"tag-usa","22":"tag-yellowstone"},"share_on_mastodon":{"url":"https:\/\/pubeurope.com\/@fr\/114833943637397176","error":""},"_links":{"self":[{"href":"https:\/\/www.europesays.com\/fr\/wp-json\/wp\/v2\/posts\/242148","targetHints":{"allow":["GET"]}}],"collection":[{"href":"https:\/\/www.europesays.com\/fr\/wp-json\/wp\/v2\/posts"}],"about":[{"href":"https:\/\/www.europesays.com\/fr\/wp-json\/wp\/v2\/types\/post"}],"author":[{"embeddable":true,"href":"https:\/\/www.europesays.com\/fr\/wp-json\/wp\/v2\/users\/2"}],"replies":[{"embeddable":true,"href":"https:\/\/www.europesays.com\/fr\/wp-json\/wp\/v2\/comments?post=242148"}],"version-history":[{"count":0,"href":"https:\/\/www.europesays.com\/fr\/wp-json\/wp\/v2\/posts\/242148\/revisions"}],"wp:featuredmedia":[{"embeddable":true,"href":"https:\/\/www.europesays.com\/fr\/wp-json\/wp\/v2\/media\/242149"}],"wp:attachment":[{"href":"https:\/\/www.europesays.com\/fr\/wp-json\/wp\/v2\/media?parent=242148"}],"wp:term":[{"taxonomy":"category","embeddable":true,"href":"https:\/\/www.europesays.com\/fr\/wp-json\/wp\/v2\/categories?post=242148"},{"taxonomy":"post_tag","embeddable":true,"href":"https:\/\/www.europesays.com\/fr\/wp-json\/wp\/v2\/tags?post=242148"}],"curies":[{"name":"wp","href":"https:\/\/api.w.org\/{rel}","templated":true}]}}