{"id":242150,"date":"2025-07-11T09:41:17","date_gmt":"2025-07-11T09:41:17","guid":{"rendered":"https:\/\/www.europesays.com\/fr\/242150\/"},"modified":"2025-07-11T09:41:17","modified_gmt":"2025-07-11T09:41:17","slug":"a-la-une-laccord-sur-limmigration-conclu-entre-la-france-et-le-royaume-uni","status":"publish","type":"post","link":"https:\/\/www.europesays.com\/fr\/242150\/","title":{"rendered":"\u00c0 la Une: l&rsquo;accord sur l&rsquo;immigration conclu entre la France et le Royaume-Uni"},"content":{"rendered":"<p>\u00ab\u00a0Paris et Londres signent un accord sans pr\u00e9c\u00e9dent\u00a0\u00bb, titre Le Figaro, \u00ab\u00a0un accord essentiel pour le Premier ministre britannique, soumis \u00e0 une forte pression alors que les chiffres de travers\u00e9es clandestines de la Manche sont \u00e0 la hausse\u00a0\u00bb. Le principe de cet arrangement est celui-ci, explique le quotidien conservateur\u00a0: \u00ab\u00a0les migrants arriv\u00e9s sur de petites embarcations seront d\u00e9tenus et renvoy\u00e9s en France dans les plus brefs d\u00e9lais. En \u00e9change, pour chaque retour,\u00a0une autre personne sera autoris\u00e9e \u00e0 entrer au Royaume-Uni par une voie contr\u00f4l\u00e9e, s\u00fbre et l\u00e9gale\u00a0\u00bb. Un accord qui ne choque pas\u00a0le Figaro, mais qui suscite la col\u00e8re de Lib\u00e9ration\u00a0: le quotidien de gauche parle d\u2019un \u00ab\u00a0accord de la honte\u00a0\u00bb et de \u00ab\u00a0cruaut\u00e9\u00a0\u00bb. \u00ab\u00a0La France et le Royaume-Uni veulent s\u2019\u00e9changer des vies humaines pour combattre l\u2019immigration\u00a0\u00bb, d\u00e9nonce de son c\u00f4t\u00e9 M\u00e9diapart, qui rappelle que \u00ab depuis le d\u00e9but de l\u2019ann\u00e9e, pr\u00e8s de 21\u00a0000 migrants ont r\u00e9ussi \u00e0 traverser la Manche \u00e0 bord d\u2019embarcations non-adapt\u00e9es \u00bb. Le journal Le Monde estime toutefois que cet accord n\u2019aura qu\u2019une ampleur limit\u00e9e. Selon le quotidien, \u00ab\u00a0le nombre de personnes concern\u00e9es devrait s\u2019\u00e9tablir autour de cinquante par semaine\u00a0\u00bb.<\/p>\n<p> Un accord \u00e9galement comment\u00e9 par la presse britannique <\/p>\n<p>Le Guardian, par exemple, qui sans \u00eatre enthousiaste souligne tout de m\u00eame que c\u2019est \u00ab\u00a0la premi\u00e8re fois que le gouvernement britannique augmente le nombre de voies d\u2019acc\u00e8s s\u00fbres, permettant aux demandeurs d\u2019asile d\u2019atteindre la Grande-Bretagne\u00a0\u00bb. Mais cet acc\u00e8s sera r\u00e9serv\u00e9 \u00e0 certains profils de candidats\u00a0: \u00ab\u00a0\u00c0\u00a0ceux qui n\u2019ont pas tent\u00e9 d\u2019entrer ill\u00e9galement au Royaume-Uni\u00a0\u00bb, a pr\u00e9cis\u00e9 le Premier ministre Keir Starmer. Le Times publie de son c\u00f4t\u00e9 un \u00e9ditorial sans concession, estimant que \u00ab\u00a0l\u2019annonce faite par Starmer, ne risque pas de faire trembler les migrants dans leurs petits bateaux\u00a0\u00bb. \u00ab\u00a0Dans un avenir proche\u00a0\u00bb ironise le quotidien britannique, \u00ab\u00a0le Royaume-Uni restituera \u00e0 la France une cinquantaine de petits bateaux par semaine et en retour cinquante autres bateaux arriveront dans l\u2019autre sens, en toute l\u00e9galit\u00e9\u00a0\u00bb. \u00ab\u00a0Il n\u2019y a pas si longtemps\u00a0\u00bb, ajoute le Times, \u00ab\u00a0le Premier ministre avait excell\u00e9 \u00e0 souligner le ridicule du plan du gouvernement pour le Rwanda (\u2026) c\u2019\u00e9tait la d\u00e9cision d\u00e9nu\u00e9e de sens et non dissuasive des conservateurs. Cette fois-ci c\u2019\u00e9tait la d\u00e9cision de Starmer, avec l\u2019air mi\u00e8vre et s\u00e9v\u00e8re qui le caract\u00e9rise\u00a0\u00bb, ass\u00e8ne le Times.<\/p>\n<p> La rapporteure sp\u00e9ciale de l\u2019ONU pour les territoires palestiniens contre-attaque <\/p>\n<p>Francesca Albanese s\u2019est attir\u00e9e la foudre des \u00c9tats-Unis. \u00ab Le secr\u00e9taire d\u2019\u00c9tat Marco Rubio\u00a0\u00bb, explique La Repubblica,\u00a0a d\u00e9cid\u00e9 de \u00ab\u00a0lui imposer des sanctions\u00a0\u00bb pour ses propos sur la situation \u00e0 Gaza. Francesca Albanese estime \u00ab qu\u2019on veut la faire taire alors que 60\u00a0000 personnes, dont 18\u00a0000 enfants, ont \u00e9t\u00e9 tu\u00e9es \u00e0 Gaza. Il s\u2019agit d\u2019une tentative pour faire taire les accusations de g\u00e9nocide.\u00a0 Avec Isra\u00ebl, les \u00c9tats-Unis \u00ab utilisent des m\u00e9thodes mafieuses pour\u00a0 m\u2019intimider\u00a0\u00bb, accuse la rapporteure de l\u2019ONU. En Isra\u00ebl justement, le quotidien Haaretz estime qu\u2019Albanese \u00ab\u00a0ne fait pas grand-chose, si ce n\u2019est r\u00e9diger des rapports, faire du lobbying, prononcer des discours et publier des tweets\u00a0\u00bb. \u00ab\u00a0Elle cherche \u00e0 cr\u00e9er un monde de bandes dessin\u00e9es, opposant le bien au mal, o\u00f9 l\u2019h\u00e9ro\u00efsme palestinien affronte la violence et l\u2019oppression isra\u00e9lienne. La date du 7 octobre 2023\u00a0\u00bb, ajoute Haaretz, \u00ab\u00a0n\u2019apparait jamais dans son rapport.\u00a0\u00bb Francesca Albanese, qui trouve plus de soutien, dans les colonnes de l\u2019Orient le Jour. Le quotidien francophone libanais parle \u00ab d\u2019une voix propalestinienne que les \u00c9tats-Unis cherchent \u00e0 faire taire (\u2026) son franc-parler et ses prises de position d\u00e9rangent et polarisent largement\u00a0\u00bb.\u00a0 \u00ab\u00a0Mais elle incarne \u00bb, nous dit l\u2019Orient-le-Jour, \u00ab\u00a0une voix internationale indispensable, aux yeux des Palestiniens, pour mettre la lumi\u00e8re sur les agissements de l\u2019\u00c9tat h\u00e9breu dans les territoires occup\u00e9s\u00a0\u00bb. \u00a0\u00a0<\/p>\n","protected":false},"excerpt":{"rendered":"\u00ab\u00a0Paris et Londres signent un accord sans pr\u00e9c\u00e9dent\u00a0\u00bb, titre Le Figaro, \u00ab\u00a0un accord essentiel pour le Premier ministre&hellip;\n","protected":false},"author":2,"featured_media":242151,"comment_status":"","ping_status":"","sticky":false,"template":"","format":"standard","meta":{"footnotes":""},"categories":[1588],"tags":[11,1777,674,27,3261,1061,2581,74,12,13125,38163,473,1853,1851,1850,1852],"class_list":{"0":"post-242150","1":"post","2":"type-post","3":"status-publish","4":"format-standard","5":"has-post-thumbnail","7":"category-royaume-uni","8":"tag-actualites","9":"tag-eu","10":"tag-europe","11":"tag-france","12":"tag-guerre-israel-gaza","13":"tag-immigration","14":"tag-keir-starmer","15":"tag-monde","16":"tag-news","17":"tag-revue-de-presse","18":"tag-revue-de-presse-internationale","19":"tag-royaume-uni","20":"tag-royaume-uni-de-grande-bretagne-et-dirlande-du-nord","21":"tag-uk","22":"tag-united-kingdom","23":"tag-united-kingdom-of-great-britain-and-northern-ireland"},"share_on_mastodon":{"url":"https:\/\/pubeurope.com\/@fr\/114833947590130160","error":""},"_links":{"self":[{"href":"https:\/\/www.europesays.com\/fr\/wp-json\/wp\/v2\/posts\/242150","targetHints":{"allow":["GET"]}}],"collection":[{"href":"https:\/\/www.europesays.com\/fr\/wp-json\/wp\/v2\/posts"}],"about":[{"href":"https:\/\/www.europesays.com\/fr\/wp-json\/wp\/v2\/types\/post"}],"author":[{"embeddable":true,"href":"https:\/\/www.europesays.com\/fr\/wp-json\/wp\/v2\/users\/2"}],"replies":[{"embeddable":true,"href":"https:\/\/www.europesays.com\/fr\/wp-json\/wp\/v2\/comments?post=242150"}],"version-history":[{"count":0,"href":"https:\/\/www.europesays.com\/fr\/wp-json\/wp\/v2\/posts\/242150\/revisions"}],"wp:featuredmedia":[{"embeddable":true,"href":"https:\/\/www.europesays.com\/fr\/wp-json\/wp\/v2\/media\/242151"}],"wp:attachment":[{"href":"https:\/\/www.europesays.com\/fr\/wp-json\/wp\/v2\/media?parent=242150"}],"wp:term":[{"taxonomy":"category","embeddable":true,"href":"https:\/\/www.europesays.com\/fr\/wp-json\/wp\/v2\/categories?post=242150"},{"taxonomy":"post_tag","embeddable":true,"href":"https:\/\/www.europesays.com\/fr\/wp-json\/wp\/v2\/tags?post=242150"}],"curies":[{"name":"wp","href":"https:\/\/api.w.org\/{rel}","templated":true}]}}