{"id":242152,"date":"2025-07-11T09:42:11","date_gmt":"2025-07-11T09:42:11","guid":{"rendered":"https:\/\/www.europesays.com\/fr\/242152\/"},"modified":"2025-07-11T09:42:11","modified_gmt":"2025-07-11T09:42:11","slug":"lallemagne-prevoit-dacheter-15-avions-de-combat-f-35-supplementaires-selon-politico-11-07-2025-a-0956","status":"publish","type":"post","link":"https:\/\/www.europesays.com\/fr\/242152\/","title":{"rendered":"L&rsquo;Allemagne pr\u00e9voit d&rsquo;acheter 15 avions de combat F-35 suppl\u00e9mentaires, selon Politico &#8211; 11\/07\/2025 \u00e0 09:56"},"content":{"rendered":"<p>\n ((Traduction automatis\u00e9e par Reuters \u00e0 l&rsquo;aide de l&rsquo;apprentissage<br \/>\nautomatique et de l&rsquo;IA g\u00e9n\u00e9rative, veuillez vous r\u00e9f\u00e9rer \u00e0<br \/>\nl&rsquo;avertissement suivant: https:\/\/bit.ly\/rtrsauto))\n<\/p>\n<p>\n (Remaniement pour ajouter une signature)<br \/>\npar Sabine Siebold\n<\/p>\n<p>\n L&rsquo;Allemagne pr\u00e9voit d&rsquo;acheter<br \/>\n15 avions de combat F-35 suppl\u00e9mentaires, a rapport\u00e9 Politico<br \/>\nvendredi, citant plusieurs personnes famili\u00e8res avec le sujet,<br \/>\nce qui porterait \u00e0 50 la flotte pr\u00e9vue du pays pour l&rsquo;avion de<br \/>\ncombat fabriqu\u00e9 aux \u00c9tats-Unis.\n<\/p>\n<p>\n Ce rapport intervient dans un contexte de tensions entre<br \/>\nl&rsquo;Allemagne et la France sur le partenariat franco-allemand pour<br \/>\nles avions de combat FCAS, apr\u00e8s qu&rsquo;il ait \u00e9t\u00e9 rapport\u00e9 en d\u00e9but<br \/>\nde semaine que la France souhaitait d\u00e9sormais obtenir une part<br \/>\nde travail de 80 % .\n<\/p>\n<p>\n Cette demande mettrait fin \u00e0 la r\u00e9partition des t\u00e2ches<br \/>\nconvenue et pourrait emp\u00eacher le projet d&rsquo;entrer dans sa<br \/>\nprochaine phase, a d\u00e9clar\u00e9 une source industrielle \u00e0 Reuters.\n<\/p>\n<p>\n La commande allemande s&rsquo;alignerait \u00e9galement sur un accord<br \/>\nentre les alli\u00e9s de l&rsquo;OTAN  pour augmenter leur objectif<br \/>\nde d\u00e9penses collectives \u00e0 5 % de la production au cours de la<br \/>\nprochaine d\u00e9cennie, en citant la menace \u00e0 long terme pos\u00e9e par<br \/>\nla Russie et la n\u00e9cessit\u00e9 de renforcer la r\u00e9silience civile et<br \/>\nmilitaire.\n<\/p>\n<p>\n Un porte-parole du minist\u00e8re allemand de la D\u00e9fense a<br \/>\nd\u00e9clar\u00e9 qu&rsquo;il ne commentait g\u00e9n\u00e9ralement pas \u00ab\u00a0d&rsquo;\u00e9ventuels plans<br \/>\nd&rsquo;acquisition avant qu&rsquo;ils n&rsquo;aient \u00e9t\u00e9 examin\u00e9s par le<br \/>\nparlement.\u00a0\u00bb\n<\/p>\n<p>\n Jusqu&rsquo;\u00e0 pr\u00e9sent, l&rsquo;Allemagne a command\u00e9 35 F-35 pour<br \/>\nremplacer un total de 85 avions de combat Tornado vieillissants<br \/>\nqui seront mis hors service.\n<\/p>\n<p>\n Une source militaire a d\u00e9clar\u00e9 \u00e0 Reuters que le chiffre de<br \/>\n15 avions de combat F-35 suppl\u00e9mentaires avait d\u00e9j\u00e0 \u00e9t\u00e9<br \/>\nenvisag\u00e9, mais qu&rsquo;il fallait l&rsquo;adapter aux nouveaux objectifs de<br \/>\nl&rsquo;OTAN en mati\u00e8re d&rsquo;armement et d&rsquo;effectifs militaires.\n<\/p>\n<p>\n Les nouveaux objectifs sugg\u00e8rent que le chiffre initial<br \/>\nn&rsquo;\u00e9tait pas assez \u00e9lev\u00e9 et que le nombre r\u00e9el de F-35<br \/>\nsuppl\u00e9mentaires n\u00e9cessaires pourrait \u00eatre plus important en fin<br \/>\nde compte, bien que la source n&rsquo;ait pas voulu le confirmer.\n<\/p>\n<p>\n Le chancelier allemand Friedrich Merz a d\u00e9clar\u00e9 mercredi<br \/>\n que des divergences subsistaient sur la configuration du<br \/>\nprojet FCAS, qui a connu des retards et des querelles intestines<br \/>\nsur le partage des t\u00e2ches et les droits de propri\u00e9t\u00e9<br \/>\nintellectuelle.<\/p>\n","protected":false},"excerpt":{"rendered":"((Traduction automatis\u00e9e par Reuters \u00e0 l&rsquo;aide de l&rsquo;apprentissage automatique et de l&rsquo;IA g\u00e9n\u00e9rative, veuillez vous r\u00e9f\u00e9rer \u00e0 l&rsquo;avertissement&hellip;\n","protected":false},"author":2,"featured_media":2554,"comment_status":"","ping_status":"","sticky":false,"template":"","format":"standard","meta":{"footnotes":""},"categories":[1587],"tags":[400,11,672,398,408,1804,405,1805,1803,1777,674,1801,403,402,399,404,12,1802,401,406,407],"class_list":{"0":"post-242152","1":"post","2":"type-post","3":"status-publish","4":"format-standard","5":"has-post-thumbnail","7":"category-allemagne","8":"tag-action-cac-40","9":"tag-actualites","10":"tag-allemagne","11":"tag-bourse-de-paris","12":"tag-boursorama","13":"tag-bundesrepublik-deutschland","14":"tag-cotations","15":"tag-de","16":"tag-deutschland","17":"tag-eu","18":"tag-europe","19":"tag-germany","20":"tag-indices-devises","21":"tag-investir","22":"tag-investissement","23":"tag-marche-boursier","24":"tag-news","25":"tag-republique-federale-dallemagne","26":"tag-sicav","27":"tag-trackers","28":"tag-warrants"},"share_on_mastodon":{"url":"https:\/\/pubeurope.com\/@fr\/114833951475598963","error":""},"_links":{"self":[{"href":"https:\/\/www.europesays.com\/fr\/wp-json\/wp\/v2\/posts\/242152","targetHints":{"allow":["GET"]}}],"collection":[{"href":"https:\/\/www.europesays.com\/fr\/wp-json\/wp\/v2\/posts"}],"about":[{"href":"https:\/\/www.europesays.com\/fr\/wp-json\/wp\/v2\/types\/post"}],"author":[{"embeddable":true,"href":"https:\/\/www.europesays.com\/fr\/wp-json\/wp\/v2\/users\/2"}],"replies":[{"embeddable":true,"href":"https:\/\/www.europesays.com\/fr\/wp-json\/wp\/v2\/comments?post=242152"}],"version-history":[{"count":0,"href":"https:\/\/www.europesays.com\/fr\/wp-json\/wp\/v2\/posts\/242152\/revisions"}],"wp:featuredmedia":[{"embeddable":true,"href":"https:\/\/www.europesays.com\/fr\/wp-json\/wp\/v2\/media\/2554"}],"wp:attachment":[{"href":"https:\/\/www.europesays.com\/fr\/wp-json\/wp\/v2\/media?parent=242152"}],"wp:term":[{"taxonomy":"category","embeddable":true,"href":"https:\/\/www.europesays.com\/fr\/wp-json\/wp\/v2\/categories?post=242152"},{"taxonomy":"post_tag","embeddable":true,"href":"https:\/\/www.europesays.com\/fr\/wp-json\/wp\/v2\/tags?post=242152"}],"curies":[{"name":"wp","href":"https:\/\/api.w.org\/{rel}","templated":true}]}}