{"id":242153,"date":"2025-07-11T09:43:10","date_gmt":"2025-07-11T09:43:10","guid":{"rendered":"https:\/\/www.europesays.com\/fr\/242153\/"},"modified":"2025-07-11T09:43:10","modified_gmt":"2025-07-11T09:43:10","slug":"libye-lunion-europeenne-doit-elle-echanger-avec-le-marechal-haftar","status":"publish","type":"post","link":"https:\/\/www.europesays.com\/fr\/242153\/","title":{"rendered":"\u00a0Libye : l\u2019Union europ\u00e9enne doit-elle \u00e9changer avec le mar\u00e9chal Haftar\u00a0?"},"content":{"rendered":"<p><img decoding=\"async\" class=\"c-ad__placeholder__logo\" src=\"https:\/\/static.euronews.com\/website\/images\/logos\/logo-euronews-grey-6-180x22.svg\" width=\"180\" height=\"22\" alt=\"\" loading=\"lazy\"\/>PUBLICIT\u00c9<\/p>\n<p>Pi\u00e8ge ou erreur strat\u00e9gique ? Le Commissaire charg\u00e9 des migrations Magnus Brunner et trois ministres europ\u00e9ens ont \u00e9t\u00e9 expuls\u00e9s mardi de Libye, \u00e0 cause d\u2019un \u201cprobl\u00e8me protocolaire\u201d, selon Bruxelles. Mais, pourquoi voulaient-ils rencontrer le mar\u00e9chal Haftar, l\u2019homme fort de l\u2019Est libyen ?<\/p>\n<p>Apr\u00e8s une rencontre avec le gouvernement libyen \u00e0 Tripoli, la d\u00e9l\u00e9gation europ\u00e9enne \u00e9tait cens\u00e9e rencontrer le mar\u00e9chal Haftar \u00e0 Benghazi afin d&rsquo;\u00e9changer sur le dossier de la migration. Mais celui-ci aurait tent\u00e9 de forcer la main \u00e0 l\u2019UE en imposant la pr\u00e9sence de ses ministres.\u00a0<\/p>\n<p>\u00ab\u00a0C\u2019\u00e9tait simplement une ruse de Haftar pour essayer de l\u00e9gitimer son gouvernement et le visage civil de sa dictature militaire\u00a0\u00bb, assure Tarek Megerisi, chercheur senior au Conseil europ\u00e9en pour les relations internationales (ECFR). <\/p>\n<p>\u00ab\u00a0Il a d\u00e9clar\u00e9 les diplomates europ\u00e9ens persona non grata et les a essentiellement renvoy\u00e9s en Europe parce qu\u2019il n\u2019\u00e9tait pas capable de les utiliser pour cette mascarade politique qu\u2019il essayait de r\u00e9aliser\u00a0\u00bb, estime-t-il. <\/p>\n<p>Un pays divis\u00e9<\/p>\n<p>La Libye est divis\u00e9e en deux. Dans l\u2019ouest du pays, le gouvernement d\u2019union nationale, reconnu par l\u2019ONU, est dirig\u00e9 par le Premier ministre Abdel Hamid Dbeibah. \u00a0<\/p>\n<p>L\u2019Est est control\u00e9 par son rival, le mar\u00e9chal Khalifa Haftar, \u00e0 la t\u00eate de l\u2019autoproclam\u00e9e arm\u00e9e nationale libyenne. \u00a0<\/p>\n<p>\u00ab\u00a0L\u2019Union europ\u00e9enne travaille avec le gouvernement d\u2019union nationale, qui a \u00e9merg\u00e9 du processus de m\u00e9diation des Nations unies en tant qu\u2019ex\u00e9cutif national internationalement reconnu. L\u2019ONU engage avec les autorit\u00e9s dans tout le pays conform\u00e9ment \u00e0 notre politique One Libya\u00a0\u00bb, a d\u00e9clar\u00e9 Anouar El Anouni, porte-parole de la Commission europ\u00e9enne pour les affaires \u00e9trang\u00e8res.<\/p>\n<p>Toutefois, face \u00e0 l&rsquo;absence de gouvernance centralis\u00e9e, la division territoriale et le d\u00e9fi des migrations, l&rsquo;UE \u00e9change \u00e9galement avec des acteurs non \u00e9tatiques. <\/p>\n<p>\u00ab\u00a0\u00c0 un niveau inf\u00e9rieur, l&rsquo;UE interagit \u00e9galement avec les chefs de milices et les groupes qui g\u00e8rent les centres de d\u00e9tention. Au niveau des \u00c9tats membres et d\u2019une certaine repr\u00e9sentation de l\u2019UE, ils engagent avec la famille Haftar en tant que dirigeants de facto de l\u2019Est de la Libye, pour ce qu\u2019ils pr\u00e9tendent \u00eatre du r\u00e9alisme politique\u00a0\u00bb, pr\u00e9cise Tarek Megerisi. <\/p>\n<p>Une coop\u00e9ration d\u00e9cri\u00e9e<\/p>\n<p>L\u2019Union europ\u00e9enne coop\u00e8re avec la Libye afin de lutter contre l\u2019immigration ill\u00e9gale et les fili\u00e8res de passeurs.\u00a0<\/p>\n<p>\u00ab\u00a0L\u2019UE a collabor\u00e9, \u00e0 la fois l\u2019UE et les \u00c9tats membres, en particulier l\u2019Italie, avec les garde-c\u00f4tes libyens \u00e0 l\u2019ouest pour essayer de r\u00e9duire d\u2019une mani\u00e8re ou d\u2019une autre les flux migratoires\u00a0\u00bb, d\u00e9clare \u00e0 Euronews James Moran, ancien ambassadeur de l\u2019UE en Libye\u00a0et chercheur associ\u00e9 au CEPS (Centre for European Policy Studies).<\/p>\n<p>\u00ab\u00a0L\u2019UE a \u00e9galement soutenu les efforts des Libyens pour reprendre les migrants une fois qu\u2019ils sont de retour sur le sol libyen. Cela, bien s\u00fbr, a \u00e9t\u00e9 controvers\u00e9 parce qu\u2019il y a eu beaucoup de questions sur les droits humains, sur le traitement qu\u2019ils re\u00e7oivent lorsqu\u2019ils sont en Libye\u00a0\u00bb, ajoute-t-il. <\/p>\n<p>L\u2019ONG Amnesty International a notamment accus\u00e9 l\u2019UE de se rendre complice de violations des droits humains \u00e0 l&rsquo;encontre de migrants en Libye. \u00a0<\/p>\n<p>\u00ab\u00a0Un proxy russe\u00a0\u00bb<\/p>\n<p>Ces derni\u00e8res ann\u00e9es, les travers\u00e9es pour l\u2019Europe depuis l\u2019Est libyen sont en hausse. \u00a0<\/p>\n<p>\u00ab\u00a0Les pr\u00e9occupations migratoires sont connues de tous \u00e0 travers l\u2019Europe. Et puisqu\u2019il (le mar\u00e9chal Haftar) contr\u00f4le une si grande partie du littoral libyen, je pense qu\u2019il \u00e9tait logique de lui parler. Ce qui n\u2019aurait pas eu de sens aurait \u00e9t\u00e9 de lui donner une quelconque reconnaissance, de facto ou non\u00a0\u00bb, estime James Moran. <\/p>\n<p>Toutefois, des questions se posent sur le besoin de l&rsquo;UE de rencontrer le mar\u00e9chal Haftar. \u00a0<\/p>\n<p>\u00ab\u00a0Nous sommes en train de renforcer un proxy russe qui est antagoniste aux int\u00e9r\u00eats europ\u00e9ens. Et donc, une fois que tout le d\u00e9sordre de la crise actuelle sera r\u00e9gl\u00e9, il est assez clair que ce dont l\u2019Europe a vraiment besoin en Libye, c\u2019est d\u2019un gouvernement stable et souverain\u00a0\u00bb, d\u00e9clare \u00e0 Euronews Tarek Megerisi. <\/p>\n<p>Il accuse notamment la famille Haftar d\u2019instrumentaliser les migrations pour tenter d\u2019obtenir des concessions de l\u2019UE.\u00a0<\/p>\n<p>Ces derniers jours, des \u00eeles grecques ont connu un fort afflux de migrants en provenance de Libye. \u00a0<\/p>\n","protected":false},"excerpt":{"rendered":"PUBLICIT\u00c9 Pi\u00e8ge ou erreur strat\u00e9gique ? Le Commissaire charg\u00e9 des migrations Magnus Brunner et trois ministres europ\u00e9ens ont&hellip;\n","protected":false},"author":2,"featured_media":242154,"comment_status":"","ping_status":"","sticky":false,"template":"","format":"standard","meta":{"footnotes":""},"categories":[1586],"tags":[11,312,1777,674,1011,27,6734,4367,12,25,364],"class_list":{"0":"post-242153","1":"post","2":"type-post","3":"status-publish","4":"format-standard","5":"has-post-thumbnail","7":"category-europe","8":"tag-actualites","9":"tag-diplomatie","10":"tag-eu","11":"tag-europe","12":"tag-fr","13":"tag-france","14":"tag-immigration-clandestine","15":"tag-libye","16":"tag-news","17":"tag-republique-francaise","18":"tag-union-europeenne"},"share_on_mastodon":{"url":"https:\/\/pubeurope.com\/@fr\/114833955546617332","error":""},"_links":{"self":[{"href":"https:\/\/www.europesays.com\/fr\/wp-json\/wp\/v2\/posts\/242153","targetHints":{"allow":["GET"]}}],"collection":[{"href":"https:\/\/www.europesays.com\/fr\/wp-json\/wp\/v2\/posts"}],"about":[{"href":"https:\/\/www.europesays.com\/fr\/wp-json\/wp\/v2\/types\/post"}],"author":[{"embeddable":true,"href":"https:\/\/www.europesays.com\/fr\/wp-json\/wp\/v2\/users\/2"}],"replies":[{"embeddable":true,"href":"https:\/\/www.europesays.com\/fr\/wp-json\/wp\/v2\/comments?post=242153"}],"version-history":[{"count":0,"href":"https:\/\/www.europesays.com\/fr\/wp-json\/wp\/v2\/posts\/242153\/revisions"}],"wp:featuredmedia":[{"embeddable":true,"href":"https:\/\/www.europesays.com\/fr\/wp-json\/wp\/v2\/media\/242154"}],"wp:attachment":[{"href":"https:\/\/www.europesays.com\/fr\/wp-json\/wp\/v2\/media?parent=242153"}],"wp:term":[{"taxonomy":"category","embeddable":true,"href":"https:\/\/www.europesays.com\/fr\/wp-json\/wp\/v2\/categories?post=242153"},{"taxonomy":"post_tag","embeddable":true,"href":"https:\/\/www.europesays.com\/fr\/wp-json\/wp\/v2\/tags?post=242153"}],"curies":[{"name":"wp","href":"https:\/\/api.w.org\/{rel}","templated":true}]}}