{"id":242157,"date":"2025-07-11T09:45:12","date_gmt":"2025-07-11T09:45:12","guid":{"rendered":"https:\/\/www.europesays.com\/fr\/242157\/"},"modified":"2025-07-11T09:45:12","modified_gmt":"2025-07-11T09:45:12","slug":"les-previsions-de-bison-fute-pour-le-14-juillet-et-les-departs-en-vacances-avec-du-noir-en-perspective","status":"publish","type":"post","link":"https:\/\/www.europesays.com\/fr\/242157\/","title":{"rendered":"Les pr\u00e9visions de Bison Fut\u00e9 pour le 14-Juillet et les d\u00e9parts en vacances avec du noir en perspective"},"content":{"rendered":"<p>        <img decoding=\"async\" loading=\"lazy\" src=\"https:\/\/www.europesays.com\/fr\/wp-content\/uploads\/2025\/07\/96573f5_1691166772039-000-33qm48w.jpg\"  width=\"728\" height=\"409\" alt=\"Bison Fut\u00e9 voit noir samedi 12\u00a0juillet pour les d\u00e9parts en vacances. (Photo d\u2019illustration)\"\/>  <\/p>\n<p>EMMANUEL DUNAND \/ AFP<\/p>\n<p>Bison Fut\u00e9 voit noir samedi 12\u00a0juillet pour les d\u00e9parts en vacances. (Photo d\u2019illustration)<\/p>\n<p class=\"asset asset-text\">TRANSPORTS &#8211; Des pr\u00e9visions qui ne vont pas faire sourire les vacanciers. Alors que <a href=\"https:\/\/www.huffingtonpost.fr\/france\/article\/les-previsions-de-bison-fute-pour-le-premier-week-end-de-departs-en-vacances-clx1_252120.html\" target=\"_blank\" rel=\"noopener\" title=\"Nouvelle fen\u00eatre\">le coup d\u2019envoi des grandes vacances d\u2019\u00e9t\u00e9 <\/a>a \u00e9t\u00e9 donn\u00e9 la semaine derni\u00e8re, une deuxi\u00e8me vague massive de d\u00e9parts est pr\u00e9vue d\u00e8s ce vendredi 11\u00a0juillet. En plus, cette ann\u00e9e, la f\u00eate nationale du 14\u00a0juillet co\u00efncide avec un lundi et beaucoup de Fran\u00e7ais ont pr\u00e9vu de s\u2019offrir un week-end prolong\u00e9. Cons\u00e9quence, <a href=\"https:\/\/www.bison-fute.gouv.fr\/du-04-07-au-06-07.html\" target=\"_blank\" rel=\"noopener\" title=\"Nouvelle fen\u00eatre\">Bison Fut\u00e9<\/a> voit m\u00eame noir dans une partie de l\u2019Hexagone pour samedi.<\/p>\n<p class=\"asset asset-text\">D\u00e8s vendredi, Bison fut\u00e9 classe la journ\u00e9e en rouge pour les d\u00e9parts. Vous serez notamment nombreux sur les routes en direction \u00ab\u00a0la c\u00f4te atlantique (RN165, A11), de la r\u00e9gion Auvergne-Rh\u00f4ne-Alpes (A6, A7, acc\u00e8s au tunnel du Mont-Blanc) et de l\u2019Arc m\u00e9diterran\u00e9en (A9, A8).\u00a0\u00bb<\/p>\n<p class=\"asset asset-text\">En \u00cele-de-France, d\u00e8s la fin de matin\u00e9e, les autoroutes A10 et A6\u00a0seront encombr\u00e9es et pas d\u2019am\u00e9lioration pr\u00e9vue avant la soir\u00e9e. L\u2019\u00ab\u00a0A13 pourrait conna\u00eetre des ralentissements d\u00e8s le milieu de l\u2019apr\u00e8s-midi\u00a0\u00bb, pointe aussi Bison Fut\u00e9, qui conseille de \u00ab\u00a0traverser l\u2019\u00cele-de-France avant 9h ou apr\u00e8s minuit\u00a0\u00bb.<\/p>\n<p class=\"asset asset-text\">Dans le sens des retours, l\u2019Hexagone est en orange et \u00ab\u00a0les axes du quart Sud-Est\u00a0\u00bb seront sollicit\u00e9s (A9, A8, A57 et A43) ainsi que certains au Nord (A81, A1).<\/p>\n<p>                     \u00ab\u00a0\u00c9vitez de circuler\u00a0\u00bb samedi    <\/p>\n<p class=\"asset asset-text\">Le samedi 12\u00a0juillet, class\u00e9e rouge, risque d\u2019\u00eatre encore pire dans le sens des d\u00e9parts. Bison Fut\u00e9 voit m\u00eame noir en Auvergne-Rh\u00f4ne-Alpes et \u00ab\u00a0conseille aux usagers d\u2019\u00e9viter de circuler ce jour-l\u00e0\u00a0\u00bb. Dans cette r\u00e9gion, l\u2019A7, l\u2019A43 et l\u2019acc\u00e8s au tunnel du Mont-Blanc, vont conna\u00eetre d\u2019importants bouchons. Les routes vers la c\u00f4te atlantique seront aussi tr\u00e8s emprunt\u00e9es.<\/p>\n<p class=\"asset asset-text\">C\u00f4t\u00e9 \u00cele-de-France samedi, dans le sens des d\u00e9parts, l\u2019A10 et A6\u00a0seront tout aussi bouch\u00e9es que la veille et le pr\u00e9visionniste indique aux conducteurs de traverser la r\u00e9gion \u00ab\u00a0avant 5h ou apr\u00e8s 19h\u00a0\u00bb.<\/p>\n<p>         <img decoding=\"async\" loading=\"lazy\" src=\"https:\/\/www.europesays.com\/fr\/wp-content\/uploads\/2025\/07\/ed3863f_upload-1-7tcouoeefeuj-capture-da-a-cran-2025-07-10-024744.png\"  width=\"728\" height=\"410\" alt=\"Dans le sens des d\u00e9parts, Bison Fut\u00e9 voit noir en Auvergne-Rh\u00f4ne-Alpes samedi 12\u00a0juillet.\"\/>  <\/p>\n<p>Bison Fut\u00e9<\/p>\n<p>Dans le sens des d\u00e9parts, Bison Fut\u00e9 voit noir en Auvergne-Rh\u00f4ne-Alpes samedi 12\u00a0juillet.<\/p>\n<p class=\"asset asset-text\">Dans le sens des retours en revanche, la voie est libre\u00a0samedi\u00a0: la journ\u00e9e est en\u00a0vert\u00a0au niveau national et en orange dans l\u2019Arc m\u00e9diterran\u00e9en, le Grand-Ouest et le Nord.<\/p>\n<p>                     Feu vert dimanche    <\/p>\n<p class=\"asset asset-text\">Pour dimanche, en plein c\u0153ur du week-end, plus d\u2019embouteillages \u00e0 l\u2019horizon, la journ\u00e9e est class\u00e9e verte dans le sens des d\u00e9parts et des retours.<\/p>\n<p class=\"asset asset-text\">\u00c7a se g\u00e2te un peu lundi. Pour les retours, l\u2019Hexagone est en vert au niveau national, mais en orange \u00ab\u00a0en \u00cele-de-France et dans l\u2019arc m\u00e9diterran\u00e9en\u00a0\u00bb. Les routes du Sud-Est (A8, A9 et A61) seront encombr\u00e9es et m\u00eame rengaine en \u00cele-de-France avec des difficult\u00e9s de circulation l\u2019apr\u00e8s-midi sur l\u2019A10, A6\u00a0et l\u2019A13.<\/p>\n<p class=\"asset asset-text\">Pour les d\u00e9parts, feu vert en revanche pour les vacanciers qui d\u00e9cideraient de rejoindre leur lieu de vacances en d\u00e9cal\u00e9. C\u2019est d\u2019ailleurs la meilleure solution pour \u00e9viter les embouteillages\u00a0!<\/p>\n","protected":false},"excerpt":{"rendered":"EMMANUEL DUNAND \/ AFP Bison Fut\u00e9 voit noir samedi 12\u00a0juillet pour les d\u00e9parts en vacances. (Photo d\u2019illustration) TRANSPORTS&hellip;\n","protected":false},"author":2,"featured_media":242158,"comment_status":"","ping_status":"","sticky":false,"template":"","format":"standard","meta":{"footnotes":""},"categories":[2],"tags":[11,6427,38164,1011,27,12,25,2803,4752],"class_list":{"0":"post-242157","1":"post","2":"type-post","3":"status-publish","4":"format-standard","5":"has-post-thumbnail","7":"category-actualites","8":"tag-actualites","9":"tag-bison-fute","10":"tag-depart-en-vacances","11":"tag-fr","12":"tag-france","13":"tag-news","14":"tag-republique-francaise","15":"tag-transport","16":"tag-voiture"},"share_on_mastodon":{"url":"https:\/\/pubeurope.com\/@fr\/114833963482007773","error":""},"_links":{"self":[{"href":"https:\/\/www.europesays.com\/fr\/wp-json\/wp\/v2\/posts\/242157","targetHints":{"allow":["GET"]}}],"collection":[{"href":"https:\/\/www.europesays.com\/fr\/wp-json\/wp\/v2\/posts"}],"about":[{"href":"https:\/\/www.europesays.com\/fr\/wp-json\/wp\/v2\/types\/post"}],"author":[{"embeddable":true,"href":"https:\/\/www.europesays.com\/fr\/wp-json\/wp\/v2\/users\/2"}],"replies":[{"embeddable":true,"href":"https:\/\/www.europesays.com\/fr\/wp-json\/wp\/v2\/comments?post=242157"}],"version-history":[{"count":0,"href":"https:\/\/www.europesays.com\/fr\/wp-json\/wp\/v2\/posts\/242157\/revisions"}],"wp:featuredmedia":[{"embeddable":true,"href":"https:\/\/www.europesays.com\/fr\/wp-json\/wp\/v2\/media\/242158"}],"wp:attachment":[{"href":"https:\/\/www.europesays.com\/fr\/wp-json\/wp\/v2\/media?parent=242157"}],"wp:term":[{"taxonomy":"category","embeddable":true,"href":"https:\/\/www.europesays.com\/fr\/wp-json\/wp\/v2\/categories?post=242157"},{"taxonomy":"post_tag","embeddable":true,"href":"https:\/\/www.europesays.com\/fr\/wp-json\/wp\/v2\/tags?post=242157"}],"curies":[{"name":"wp","href":"https:\/\/api.w.org\/{rel}","templated":true}]}}