{"id":242165,"date":"2025-07-11T09:49:14","date_gmt":"2025-07-11T09:49:14","guid":{"rendered":"https:\/\/www.europesays.com\/fr\/242165\/"},"modified":"2025-07-11T09:49:14","modified_gmt":"2025-07-11T09:49:14","slug":"apres-deux-defaites-de-rang-les-bleues-se-reprennent-face-a-la-bulgarie-en-ligue-des-nations-lequipe","status":"publish","type":"post","link":"https:\/\/www.europesays.com\/fr\/242165\/","title":{"rendered":"Apr\u00e8s deux d\u00e9faites de rang, les Bleues se reprennent face \u00e0 la Bulgarie en Ligue des nations &#8211; L&#039;\u00c9quipe"},"content":{"rendered":"<ol>\n<li><a href=\"https:\/\/news.google.com\/rss\/articles\/CBMi3wFBVV95cUxQVXlORlhDbENXSGZmclJWMXVwLUtoZk54OWF2WkszZTM2UzE0WGUxbk9BOGxOMHp5ZTd2ckw4ZlE3RnZ4NlhERTdUWnI2NHpwMGFJYWdqdzY3a2NfN2xnQWY4aWw3VUJfOVFpLXh4RldYZFQ2LTNhX0tBa1lQNTU1NEJTYlM5R1l2WjlKcUluWDR4UUQzZjhKOVViYlRZTUszcHZHd3pvcmJsR095aEhfN1ZzQ0lFYTQyc2JGZHVxaDZSNmkwM0FDV2JaczVOX05HZmpLVXAwenA1WWx1ZVlV?oc=5\" target=\"_blank\" rel=\"nofollow noopener\">Apr\u00e8s deux d\u00e9faites de rang, les Bleues se reprennent face \u00e0 la Bulgarie en Ligue des nations<\/a>&nbsp;&nbsp;L&rsquo;\u00c9quipe<\/li>\n<li><a href=\"https:\/\/news.google.com\/rss\/articles\/CBMinAJBVV95cUxNTzl0SEt4YnNLRF82VEJjc0hBcGlRM2c1TTNMTGZWbkszbFA1S0VXQUlaVVktbTQ1QTk5RzVKSmdlVk1zNk5JUkhwN1VQREIyTXBnU1JUc2R3VXNOTFZPUzM0QU5UNUlNbVhRbnVqZDJjbkFVTHdQOWczNlZjNDFjazZmbklHYWxJbWZPbUwtTUNQOU83eWxJYWJNTVJtNllnNW9aMkdyMUd6cy1nYkdaTHhuMmpOeE9KWTE2YWRuMFdfWFY1NXdVQU9rczZ1ZEM4Vlc3T3cya1lYWkNZTXZCeGhmRmFoTXFuRjg5UnFzWk5IaldYLTl1WmtnRkMyTWxHZkJPb0JjNFFFcnJaWFBJRXAyTTJBUXFtS3FzRA?oc=5\" target=\"_blank\" rel=\"nofollow noopener\">Maintien d\u00e9j\u00e0 assur\u00e9 en Ligue des nations, d\u00e9faite serr\u00e9e contre le grand Br\u00e9sil et Mondial en approche : jusqu&rsquo;o\u00f9 peuvent grimper les Bleues ?<\/a>&nbsp;&nbsp;L&rsquo;\u00c9quipe<\/li>\n<li><a href=\"https:\/\/news.google.com\/rss\/articles\/CBMi0AFBVV95cUxQSHBUX01Tc1NmRHhKRFFsdXN5SWhOMjdmeWd2VG5Ka1hfLXpiQWF0NDV3VlBjbTl1UEtXLTZNd0QyQms3Y05UdFRpYzBqX2w2cl9rQWs2cDg3YjA5QkpFSVEyT28zZXdMczJSWXRFMHN6TFlFMHRZS01tWmpKbXhQeFlRYUtzYXQxZWJVa3hBbjltelpJUkkteHJNOG5rQkp2Znd5UGtVcmdDWFNqbFVjM0h4QlBRYUZoVXNtOUJELVprLVBuaTF0dkxCc3RtS2FH?oc=5\" target=\"_blank\" rel=\"nofollow noopener\">Volley : proches d\u2019un exploit, les Bleues tombent avec les honneurs contre le Br\u00e9sil<\/a>&nbsp;&nbsp;Le Figaro<\/li>\n<li><a href=\"https:\/\/news.google.com\/rss\/articles\/CBMi0wFBVV95cUxQcGM4S2ZQX05CSi0zSkZfVDdCcHJDbnJYXzFVelNQQ2hZVEg3UkpCbTRwZ1lDQy12dzNTdWxzanIzYzdNaGJ1a1JqSmNuV0d1WXNxbV8zSU9tdVpsZDllUWNyUHByNzhPUFhXMXN4bHJoZk5ocUs4VjdPV3hENG5rWnpaNGl4MXRtcExxWVVKLW9IZUtkTzZncWpncTdKMXlkU1M5ZWstRkpTR0xkUXhBcXlKOHpMLUlVaDVhektpeXZzLUJydUFINVdhWVljTjJPbEt3?oc=5\" target=\"_blank\" rel=\"nofollow noopener\">Victoire de la confirmation pour la France &#8211; Volley &#8211; Ligue mondiale<\/a>&nbsp;&nbsp;Orange Actualit\u00e9s | Sports<\/li>\n<li><a href=\"https:\/\/news.google.com\/rss\/articles\/CBMi6gFBVV95cUxPeXdSNkUxc3hSRVdXc3V4djVfLU9VbzBGYnotUWVPbEVjczJVY29QV1gwWXNhc3VMQ3lUMjk3NEVEdU40QzhNZGxCMDBoVEZPUU9kTkVPYXozZFZPRFVfdl9mSEtXUXJVWUpoSXpYb1M3T3F1WmtTOGVGNm10MW45WVNWQ2Q5RkM0ZzdzLTdydW5qbUxINVZnY0s5RnpGTTYxNHpPc0RLRDAtQ3Y4WU0xT2FBSThYNXBUOWU1dHpyTThyNVF6eGczNVNvQldiQm92ZTY5MTZwVFlUaDY0WndIdXhTOUFCMHF4eXc?oc=5\" target=\"_blank\" rel=\"nofollow noopener\">France &#8211; Br\u00e9sil. \u00c0 quelle heure et sur quelle cha\u00eene voir le match de Ligue des nations f\u00e9minine ?<\/a>&nbsp;&nbsp;Maville<\/li>\n<\/ol>\n","protected":false},"excerpt":{"rendered":"Apr\u00e8s deux d\u00e9faites de rang, les Bleues se reprennent face \u00e0 la Bulgarie en Ligue des nations&nbsp;&nbsp;L&rsquo;\u00c9quipe Maintien&hellip;\n","protected":false},"author":2,"featured_media":242166,"comment_status":"","ping_status":"","sticky":false,"template":"","format":"standard","meta":{"footnotes":""},"categories":[1417],"tags":[1011,27,60,1470,1469],"class_list":{"0":"post-242165","1":"post","2":"type-post","3":"status-publish","4":"format-standard","5":"has-post-thumbnail","7":"category-volley","8":"tag-fr","9":"tag-france","10":"tag-sports","11":"tag-volley","12":"tag-volleyball"},"share_on_mastodon":{"url":"https:\/\/pubeurope.com\/@fr\/114833979001967258","error":""},"_links":{"self":[{"href":"https:\/\/www.europesays.com\/fr\/wp-json\/wp\/v2\/posts\/242165","targetHints":{"allow":["GET"]}}],"collection":[{"href":"https:\/\/www.europesays.com\/fr\/wp-json\/wp\/v2\/posts"}],"about":[{"href":"https:\/\/www.europesays.com\/fr\/wp-json\/wp\/v2\/types\/post"}],"author":[{"embeddable":true,"href":"https:\/\/www.europesays.com\/fr\/wp-json\/wp\/v2\/users\/2"}],"replies":[{"embeddable":true,"href":"https:\/\/www.europesays.com\/fr\/wp-json\/wp\/v2\/comments?post=242165"}],"version-history":[{"count":0,"href":"https:\/\/www.europesays.com\/fr\/wp-json\/wp\/v2\/posts\/242165\/revisions"}],"wp:featuredmedia":[{"embeddable":true,"href":"https:\/\/www.europesays.com\/fr\/wp-json\/wp\/v2\/media\/242166"}],"wp:attachment":[{"href":"https:\/\/www.europesays.com\/fr\/wp-json\/wp\/v2\/media?parent=242165"}],"wp:term":[{"taxonomy":"category","embeddable":true,"href":"https:\/\/www.europesays.com\/fr\/wp-json\/wp\/v2\/categories?post=242165"},{"taxonomy":"post_tag","embeddable":true,"href":"https:\/\/www.europesays.com\/fr\/wp-json\/wp\/v2\/tags?post=242165"}],"curies":[{"name":"wp","href":"https:\/\/api.w.org\/{rel}","templated":true}]}}