{"id":242180,"date":"2025-07-11T09:58:09","date_gmt":"2025-07-11T09:58:09","guid":{"rendered":"https:\/\/www.europesays.com\/fr\/242180\/"},"modified":"2025-07-11T09:58:09","modified_gmt":"2025-07-11T09:58:09","slug":"david-armstrong-lunderground-en-pleine-lumiere-liberation","status":"publish","type":"post","link":"https:\/\/www.europesays.com\/fr\/242180\/","title":{"rendered":"David Armstrong, l\u2019underground en pleine lumi\u00e8re \u2013 Lib\u00e9ration"},"content":{"rendered":"<p class=\"sc-ksZaOG ehjQrN text-element\">Dans les salles sombres de la tour Luma se cache un tr\u00e9sor : les photographies de David Armstrong, ami de jeunesse <a href=\"https:\/\/www.liberation.fr\/culture\/photographie\/si-nous-ne-prenons-pas-la-parole-qui-va-le-faire-nan-goldin-secoue-la-soiree-dinauguration-des-rencontres-darles-20250709_IZ4K73MLJRB2BM37HSHU42GAZQ\/?redirected=1\" target=\"_blank\" rel=\"noreferrer nofollow noopener\" title=\"https:\/\/www.liberation.fr\/culture\/photographie\/si-nous-ne-prenons-pas-la-parole-qui-va-le-faire-nan-goldin-secoue-la-soiree-dinauguration-des-rencontres-darles-20250709_IZ4K73MLJRB2BM37HSHU42GAZQ\/?redirected=1\">de Nan Goldin<\/a>. Retrouv\u00e9 dans une ferme il y a dix ans, juste apr\u00e8s la mort du photographe en 2014, ce travail est sc\u00e9naris\u00e9 par le peintre Wade Guyton qui supervise d\u00e9sormais l\u2019estate du photographe. Suivant un ordre chronologique, l\u2019accrochage d\u00e9marre au milieu des ann\u00e9es 70, \u00e0 Boston, o\u00f9 na\u00eet l\u2019amiti\u00e9 entre une petite troupe d\u2019artistes \u00e0 l\u2019\u00e9cole du Mus\u00e9e des beaux-arts, groupe de copains que l\u2019on nommera ensuite l\u2019Ecole de Boston. David Armstrong photographie alors ses proches, ses amis, ses amants, en particulier \u00e0 Provincetown, village \u00e0 l\u2019extr\u00e9mit\u00e9 du cap Cod (Massachusetts), o\u00f9 les \u00e9tudiants se retrouvent pour passer du bon temps au grand air. La sensualit\u00e9 qui fait la particularit\u00e9 de la signature de David Armstrong se retrouve plus tard dans des portraits en noir et blanc, au format 6&#215;6, pour beaucoup pris \u00e0 New York. <\/p>\n<p class=\"sc-ksZaOG ehjQrN text-element\">Parmi ces superbes photographies, on reconna\u00eet des visages familiers, celui de Nan Goldin, si jeune, ou celui de Cookie Mueller, leur amie fulgurante, h\u00e9ro\u00efne de la contre-culture am\u00e9ricaine. Sur de grandes tables, les planches-contacts sont expos\u00e9es sous vitrine, ce qui rend soudain vivants et m\u00e9lancoliques ces moments d\u2019intimit\u00e9 et d\u2019\u00e9change que sont les prises de vues. Dans une salle \u00e0 part, Night and Day, un diaporama en couleur, d\u00e9ploie des photographies prises sur pellicule Kodachrome. A la plage, dans des f\u00eates ou des voitures, l\u2019underground se laisse saisir \u00e0 vif par l\u2019objectif \u00e9rotique de David Armstrong. Canon.<\/p>\n","protected":false},"excerpt":{"rendered":"Dans les salles sombres de la tour Luma se cache un tr\u00e9sor : les photographies de David Armstrong,&hellip;\n","protected":false},"author":2,"featured_media":242181,"comment_status":"","ping_status":"","sticky":false,"template":"","format":"standard","meta":{"footnotes":""},"categories":[1358],"tags":[1348,1384,1385,1386,58,59,1011,27,37764],"class_list":{"0":"post-242180","1":"post","2":"type-post","3":"status-publish","4":"format-standard","5":"has-post-thumbnail","7":"category-arts-et-design","8":"tag-arts","9":"tag-arts-and-design","10":"tag-arts-et-design","11":"tag-design","12":"tag-divertissement","13":"tag-entertainment","14":"tag-fr","15":"tag-france","16":"tag-rencontres-de-la-photographie-arles"},"share_on_mastodon":{"url":"https:\/\/pubeurope.com\/@fr\/114834014441689407","error":""},"_links":{"self":[{"href":"https:\/\/www.europesays.com\/fr\/wp-json\/wp\/v2\/posts\/242180","targetHints":{"allow":["GET"]}}],"collection":[{"href":"https:\/\/www.europesays.com\/fr\/wp-json\/wp\/v2\/posts"}],"about":[{"href":"https:\/\/www.europesays.com\/fr\/wp-json\/wp\/v2\/types\/post"}],"author":[{"embeddable":true,"href":"https:\/\/www.europesays.com\/fr\/wp-json\/wp\/v2\/users\/2"}],"replies":[{"embeddable":true,"href":"https:\/\/www.europesays.com\/fr\/wp-json\/wp\/v2\/comments?post=242180"}],"version-history":[{"count":0,"href":"https:\/\/www.europesays.com\/fr\/wp-json\/wp\/v2\/posts\/242180\/revisions"}],"wp:featuredmedia":[{"embeddable":true,"href":"https:\/\/www.europesays.com\/fr\/wp-json\/wp\/v2\/media\/242181"}],"wp:attachment":[{"href":"https:\/\/www.europesays.com\/fr\/wp-json\/wp\/v2\/media?parent=242180"}],"wp:term":[{"taxonomy":"category","embeddable":true,"href":"https:\/\/www.europesays.com\/fr\/wp-json\/wp\/v2\/categories?post=242180"},{"taxonomy":"post_tag","embeddable":true,"href":"https:\/\/www.europesays.com\/fr\/wp-json\/wp\/v2\/tags?post=242180"}],"curies":[{"name":"wp","href":"https:\/\/api.w.org\/{rel}","templated":true}]}}