{"id":242184,"date":"2025-07-11T10:00:11","date_gmt":"2025-07-11T10:00:11","guid":{"rendered":"https:\/\/www.europesays.com\/fr\/242184\/"},"modified":"2025-07-11T10:00:11","modified_gmt":"2025-07-11T10:00:11","slug":"audiences-tv-les-visiteurs-en-tete-intervilles-en-forte-baisse","status":"publish","type":"post","link":"https:\/\/www.europesays.com\/fr\/242184\/","title":{"rendered":"Audiences TV\u00a0: \u00ab\u00a0Les Visiteurs\u00a0\u00bb en t\u00eate, \u00ab\u00a0Intervilles\u00a0\u00bb en forte baisse"},"content":{"rendered":"<p class=\"paragraph text_align_left lp-f-body-02\">Godefroy de Montmirail et Jacquard ont toujours la cote. Le film culte avec Christian Clavier et Jean Reno permet \u00e0 TF 1 d\u2019obtenir la premi\u00e8re place des audiences ce jeudi 10 juillet. Il a r\u00e9uni 2,9 millions de t\u00e9l\u00e9spectateurs, soit 19,5 % de part d\u2019audience. Le film a aussi remport\u00e9 du succ\u00e8s aupr\u00e8s des femmes responsables des achats \u00e2g\u00e9es de moins de cinquante ans (FRDA-50) avec 30,5 % de part de march\u00e9. Un score lui permettant de d\u00e9passer le second \u00e9pisode d\u2019\u00ab Intervilles \u00bb sur la Deux.<\/p>\n<p class=\"paragraph text_align_left lp-f-body-02\"><a href=\"https:\/\/www.leparisien.fr\/culture-loisirs\/tv\/roulez-saucisse-retour-d-intervilles-un-peu-poussif-04-07-2025-BAJAO2OO2BB6BOSWYEGBROF3JE.php\" target=\"_blank\" rel=\"noreferrer nofollow noopener\">Apr\u00e8s un bon d\u00e9marrage pour son retour jeudi dernier<\/a>, le c\u00e9l\u00e8bre jeu de France 2, a perdu une partie de son public et a \u00e9t\u00e9 suivi par 2,4 millions de personnes soit 17,1 % des t\u00e9l\u00e9spectateurs et 17, 7 % des FRDA &#8211; 50. Son lancement la semaine derni\u00e8re avait attir\u00e9 3,4 millions de nostalgiques soit 22 % de part d\u2019audience.<\/p>\n<p>France 3 sur la troisi\u00e8me place du podium<\/p>\n<p class=\"paragraph text_align_left lp-f-body-02\">France 3 arrive juste derri\u00e8re le deuxi\u00e8me \u00e9pisode d\u2019\u00ab Intervilles \u00bb opposant la ville de Gap \u00e0 Bourgoin-Jallieu. La rediffusion de la s\u00e9rie <a href=\"https:\/\/www.leparisien.fr\/culture-loisirs\/tv\/programme-tv-du-jeudi-10-juillet-labime-les-visiteurs-man-of-steel-notre-selection-10-07-2025-QPVPDKIY3FC43AXAQ4OB7XEL7E.php\" target=\"_blank\" rel=\"noreferrer nofollow noopener\">\u00ab L\u2019Ab\u00eeme \u00bb<\/a> a rassembl\u00e9 2,43 millions de t\u00e9l\u00e9spectateurs. Le feuilleton fran\u00e7ais, r\u00e9alis\u00e9 par Fran\u00e7ois Velle, a touch\u00e9 15,6 % du public.<\/p>\n<p class=\"paragraph text_align_left lp-f-body-02\">Le nouveau volet du magazine \u00ab Arnaques ! \u00bb a \u00e9t\u00e9 visionn\u00e9 par 790 000 t\u00e9l\u00e9spectateurs en moyenne (5,3 % de parts d\u2019audience). Un num\u00e9ro qui a moins passionn\u00e9 que l\u2019\u00e9pisode pr\u00e9c\u00e9dent jeudi dernier.<\/p>\n<p class=\"paragraph text_align_left lp-f-body-02\">Non loin derri\u00e8re, le documentaire \u00ab Au bout c\u2019est la mer \u00bb sur France 5 a intrigu\u00e9 655 000 curieux en moyenne (soit 4,2 % du public).<\/p>\n","protected":false},"excerpt":{"rendered":"Godefroy de Montmirail et Jacquard ont toujours la cote. Le film culte avec Christian Clavier et Jean Reno&hellip;\n","protected":false},"author":2,"featured_media":242185,"comment_status":"","ping_status":"","sticky":false,"template":"","format":"standard","meta":{"footnotes":""},"categories":[1356],"tags":[872,58,59,1011,27,252,2205,1364],"class_list":{"0":"post-242184","1":"post","2":"type-post","3":"status-publish","4":"format-standard","5":"has-post-thumbnail","7":"category-television","8":"tag-culture-et-loisirs","9":"tag-divertissement","10":"tag-entertainment","11":"tag-fr","12":"tag-france","13":"tag-television","14":"tag-television-medias","15":"tag-tv"},"share_on_mastodon":{"url":"https:\/\/pubeurope.com\/@fr\/114834022327578248","error":""},"_links":{"self":[{"href":"https:\/\/www.europesays.com\/fr\/wp-json\/wp\/v2\/posts\/242184","targetHints":{"allow":["GET"]}}],"collection":[{"href":"https:\/\/www.europesays.com\/fr\/wp-json\/wp\/v2\/posts"}],"about":[{"href":"https:\/\/www.europesays.com\/fr\/wp-json\/wp\/v2\/types\/post"}],"author":[{"embeddable":true,"href":"https:\/\/www.europesays.com\/fr\/wp-json\/wp\/v2\/users\/2"}],"replies":[{"embeddable":true,"href":"https:\/\/www.europesays.com\/fr\/wp-json\/wp\/v2\/comments?post=242184"}],"version-history":[{"count":0,"href":"https:\/\/www.europesays.com\/fr\/wp-json\/wp\/v2\/posts\/242184\/revisions"}],"wp:featuredmedia":[{"embeddable":true,"href":"https:\/\/www.europesays.com\/fr\/wp-json\/wp\/v2\/media\/242185"}],"wp:attachment":[{"href":"https:\/\/www.europesays.com\/fr\/wp-json\/wp\/v2\/media?parent=242184"}],"wp:term":[{"taxonomy":"category","embeddable":true,"href":"https:\/\/www.europesays.com\/fr\/wp-json\/wp\/v2\/categories?post=242184"},{"taxonomy":"post_tag","embeddable":true,"href":"https:\/\/www.europesays.com\/fr\/wp-json\/wp\/v2\/tags?post=242184"}],"curies":[{"name":"wp","href":"https:\/\/api.w.org\/{rel}","templated":true}]}}