{"id":242192,"date":"2025-07-11T10:04:12","date_gmt":"2025-07-11T10:04:12","guid":{"rendered":"https:\/\/www.europesays.com\/fr\/242192\/"},"modified":"2025-07-11T10:04:12","modified_gmt":"2025-07-11T10:04:12","slug":"direct-tour-de-france-en-bretagne-top-depart-de-la-7e-etape-une-foule-en-delire-le-long-des-routes-bretonnes","status":"publish","type":"post","link":"https:\/\/www.europesays.com\/fr\/242192\/","title":{"rendered":"DIRECT &#8211; Tour de France en Bretagne : top d\u00e9part de la 7e \u00e9tape, une foule en d\u00e9lire le long des routes bretonnes"},"content":{"rendered":"<p>A Plancoet, une fan zone pour Alexis Renard<\/p>\n<p>La fanzone pour Alexis Renard ? De la famille et des amis venus parfois de l&rsquo;autre bout de la Bretagne. \u00ab\u00a0On est venus du Finist\u00e8re, on est des amis d&rsquo;enfance de Nathalie, la maman, racontent V\u00e9ronique et Didier. On a partag\u00e9 beaucoup de choses, on allait en vacances ensemble. J&rsquo;ai connu Alexis tout petit\u00a0\u00bb. A la maison, chez la famille Renard, c&rsquo;est ambiance \u00ab\u00a0les copains d&rsquo;abord\u00a0\u00bb. Ils sont une dizaine \u00e0 dormir a la maison, \u00ab\u00a0c&rsquo;est un peu l&rsquo;auberge\u00a0\u00bb, en attendant le passage d&rsquo;Alexis sur le tour.<\/p>\n<p><img decoding=\"async\" src=\"https:\/\/www.europesays.com\/fr\/wp-content\/uploads\/2025\/07\/6870dd01972b70df3a0bfc45.1.jpeg\" width=\"480\" height=\"300\" class=\"web_golden_m\" loading=\"lazy\" alt=\"DIRECT - Tour de France en Bretagne : top d\u00e9part de la 7e \u00e9tape, une foule en d\u00e9lire le long des routes bretonnes\"\/> (Alice GLEIZES \/ Le T\u00e9l\u00e9gramme)<\/p>\n<p>\u00ab\u00a0C&rsquo;est beaucoup d&rsquo;\u00e9motion, on ne s&rsquo;en rend pas compte parce qu&rsquo;on est dans l&rsquo;euphorie de l&rsquo;organisation\u00a0\u00bb, dit la petite s\u0153ur, Maiwen, 22 ans. \u00ab\u00a0\u00c7a arrivera sans doute une seule fois dans nos vies de voir Alexis passer dans la commune.\u00a0\u00bb<\/p>\n<p><img decoding=\"async\" src=\"https:\/\/www.europesays.com\/fr\/wp-content\/uploads\/2025\/07\/6870dd34c6d745b948061493.1.jpeg\" width=\"480\" height=\"300\" class=\"web_golden_m\" loading=\"lazy\" alt=\"DIRECT - Tour de France en Bretagne : top d\u00e9part de la 7e \u00e9tape, une foule en d\u00e9lire le long des routes bretonnes\"\/> (Alice GLEIZES \/ Le T\u00e9l\u00e9gramme)<\/p>\n","protected":false},"excerpt":{"rendered":"A Plancoet, une fan zone pour Alexis Renard La fanzone pour Alexis Renard ? De la famille et&hellip;\n","protected":false},"author":2,"featured_media":242193,"comment_status":"","ping_status":"","sticky":false,"template":"","format":"standard","meta":{"footnotes":""},"categories":[9],"tags":[11,829,2171,207,3472,765,1011,27,11890,848,14930,32074,38168,4937,3728,60,210,38167,38122],"class_list":{"0":"post-242192","1":"post","2":"type-post","3":"status-publish","4":"format-standard","5":"has-post-thumbnail","7":"category-sports","8":"tag-actualites","9":"tag-bretagne","10":"tag-cotes-darmor","11":"tag-cyclisme","12":"tag-dinan","13":"tag-en-continu","14":"tag-fr","15":"tag-france","16":"tag-guerledan","17":"tag-ille-et-vilaine","18":"tag-pledran","19":"tag-pleneuf-val-andre","20":"tag-ploeuc-lhermitage","21":"tag-saint-brieuc","22":"tag-saint-malo","23":"tag-sports","24":"tag-tour-de-france","25":"tag-tour-voile","26":"tag-yffiniac"},"share_on_mastodon":{"url":"https:\/\/pubeurope.com\/@fr\/114834038104909845","error":""},"_links":{"self":[{"href":"https:\/\/www.europesays.com\/fr\/wp-json\/wp\/v2\/posts\/242192","targetHints":{"allow":["GET"]}}],"collection":[{"href":"https:\/\/www.europesays.com\/fr\/wp-json\/wp\/v2\/posts"}],"about":[{"href":"https:\/\/www.europesays.com\/fr\/wp-json\/wp\/v2\/types\/post"}],"author":[{"embeddable":true,"href":"https:\/\/www.europesays.com\/fr\/wp-json\/wp\/v2\/users\/2"}],"replies":[{"embeddable":true,"href":"https:\/\/www.europesays.com\/fr\/wp-json\/wp\/v2\/comments?post=242192"}],"version-history":[{"count":0,"href":"https:\/\/www.europesays.com\/fr\/wp-json\/wp\/v2\/posts\/242192\/revisions"}],"wp:featuredmedia":[{"embeddable":true,"href":"https:\/\/www.europesays.com\/fr\/wp-json\/wp\/v2\/media\/242193"}],"wp:attachment":[{"href":"https:\/\/www.europesays.com\/fr\/wp-json\/wp\/v2\/media?parent=242192"}],"wp:term":[{"taxonomy":"category","embeddable":true,"href":"https:\/\/www.europesays.com\/fr\/wp-json\/wp\/v2\/categories?post=242192"},{"taxonomy":"post_tag","embeddable":true,"href":"https:\/\/www.europesays.com\/fr\/wp-json\/wp\/v2\/tags?post=242192"}],"curies":[{"name":"wp","href":"https:\/\/api.w.org\/{rel}","templated":true}]}}