{"id":242198,"date":"2025-07-11T10:07:10","date_gmt":"2025-07-11T10:07:10","guid":{"rendered":"https:\/\/www.europesays.com\/fr\/242198\/"},"modified":"2025-07-11T10:07:10","modified_gmt":"2025-07-11T10:07:10","slug":"droits-de-douane-le-canada-de-nouveau-cible-par-trump-actualites","status":"publish","type":"post","link":"https:\/\/www.europesays.com\/fr\/242198\/","title":{"rendered":"Droits de douane: le Canada de nouveau cibl\u00e9 par Trump : Actualit\u00e9s"},"content":{"rendered":"<p class=\"lead \">Le pr\u00e9sident am\u00e9ricain Donald Trump a de nouveau cibl\u00e9 jeudi le Canada, en lui imposant 35% de surtaxe, l&rsquo;un des taux les plus \u00e9lev\u00e9s annonc\u00e9s depuis le d\u00e9but de la semaine, reprochant au premier partenaire commercial des Etats-Unis d&rsquo;avoir ripost\u00e9 \u00e0 ses droits de douane.<\/p>\n<p class=\"lead \">\u00ab\u00a0Au lieu de travailler avec les Etats-Unis, le Canada a ripost\u00e9 avec ses propres droits de douane. A partir du 1er ao\u00fbt 2025, nous appliquerons au Canada des droits de douane de 35% sur les produits canadiens export\u00e9s aux Etats-Unis\u00a0\u00bb, a \u00e9crit le pr\u00e9sident am\u00e9ricain dans un courrier au Premier ministre canadien Mark Carney et partag\u00e9 sur sa plateforme Truth Social.<\/p>\n<p class=\"lead \">\u00ab\u00a0Ces droits de douane peuvent \u00eatre modifi\u00e9s, \u00e0 la hausse ou \u00e0 la baisse, en fonction de notre relation avec votre pays\u00a0\u00bb, a pr\u00e9venu M. Trump.<\/p>\n<p class=\"lead \">Mark Carney a affirm\u00e9 jeudi soir sur X qu'\u00a0\u00bbau cours des n\u00e9gociations commerciales actuelles avec les Etats-Unis, le gouvernement canadien (d\u00e9fendait) sans rel\u00e2che nos travailleurs et nos entreprises\u00a0\u00bb. <\/p>\n<p class=\"lead \">\u00ab\u00a0Nous continuerons \u00e0 le faire alors que nous travaillons en vue de la date limite r\u00e9vis\u00e9e du 1er ao\u00fbt\u00a0\u00bb, a-t-il ajout\u00e9.<\/p>\n<p class=\"lead \">Comme pour chaque courrier envoy\u00e9 \u00e0 plus d&rsquo;une vingtaine de pays depuis lundi, le pr\u00e9sident am\u00e9ricain a pr\u00e9cis\u00e9 que ces droits de douane s&rsquo;ajouteront \u00e0 ceux visant des secteurs d&rsquo;activit\u00e9 particuliers, tels l&rsquo;acier, l&rsquo;aluminium ou l&rsquo;automobile, qui sont parmi les principales exportations canadiennes vers les Etats-Unis.<\/p>\n<p class=\"lead \">Selon certains m\u00e9dias am\u00e9ricains, des produits canadiens couverts par l&rsquo;accord de libre-\u00e9change Canada-USA-Mexique (ACEUM)  pourraient cependant \u00eatre exempt\u00e9s de cette taxe de 35%, ce qui r\u00e9duirait substantiellement son impact.<\/p>\n<p class=\"lead \">&#8211; Suspense pour l&rsquo;UE<\/p>\n<p class=\"lead \">Un peu plus t\u00f4t dans la soir\u00e9e, M. Trump a annonc\u00e9 dans un entretien t\u00e9l\u00e9phonique \u00e0 NBC qu&rsquo;il comptait envoyer une missive \u00e0 l&rsquo;Union europ\u00e9enne (UE) \u00ab\u00a0aujourd&rsquo;hui ou demain\u00a0\u00bb.<\/p>\n<p class=\"lead \">\u00ab\u00a0Je discute avec l&rsquo;UE qui correspond, comme vous le savez, \u00e0 plusieurs pays, ainsi qu&rsquo;avec le Canada. Nous devrions les envoyer (les courriers, ndlr) dans les prochaines heures\u00a0\u00bb.<\/p>\n<p class=\"lead \">Autre incertitude: il a assur\u00e9 que les pays qui n&rsquo;ont pas \u00e9t\u00e9 notifi\u00e9s de droits de douane sp\u00e9cifiques se verraient imposer une surtaxe plancher de 15 \u00e0 20%, sans pr\u00e9ciser si cette surtaxe s&rsquo;ajouterait aux droits dits \u00ab\u00a0de base\u00a0\u00bb de 10%, qui visent la plupart des produits entrant aux Etats-Unis depuis avril.<\/p>\n<p class=\"lead \">&#8211; N\u00e9gociations tendues &#8211;<\/p>\n<p class=\"lead \">Le Canada a \u00e9t\u00e9, avec le Mexique, la premi\u00e8re cible des droits de douane: M. Trump a accus\u00e9 ses deux voisins de ne pas lutter suffisamment contre l&rsquo;immigration ill\u00e9gale ou encore le trafic de fentanyl, puissant opio\u00efde responsable d&rsquo;une grave crise sanitaire aux Etats-Unis. Les autorit\u00e9s canadiennes soulignent que moins de 1% du fentanyl entrant aux Etats-Unis vient du Canada.   <\/p>\n<p class=\"lead \">Le pr\u00e9sident am\u00e9ricain a impos\u00e9 25% sur les produits import\u00e9s depuis les deux pays, avant d&rsquo;en suspendre une bonne part.<\/p>\n<p class=\"lead \">Depuis, Ottawa et Washington tentent de n\u00e9gocier un accord commercial mais les discussions sont tendues entre les deux partenaires, qui ne veulent pas donner le sentiment de c\u00e9der dans des n\u00e9gociations consid\u00e9r\u00e9es comme des enjeux de souverainet\u00e9.<\/p>\n<p class=\"lead \">Derni\u00e8re \u00e9tape en date, le Canada a annonc\u00e9 fin juin renoncer \u00e0 sa taxe sur les services num\u00e9riques, d\u00e9cid\u00e9e en 2024 et qui devait entrer en vigueur au 1er juillet, apr\u00e8s que M. Trump a rompu les discussions, qualifiant cette taxe de \u00ab\u00a0coup direct et \u00e9vident\u00a0\u00bb port\u00e9 aux Etats-Unis.<\/p>\n<p class=\"lead \">Mais ces tensions commerciales ont un impact sur les \u00e9changes entre les deux pays. La part des Etats-Unis dans les exportations canadiennes est pass\u00e9e en mai \u00e0 68,3%, \u00ab\u00a0l&rsquo;une des proportions les plus faibles jamais enregistr\u00e9es\u00a0\u00bb, selon les autorit\u00e9s canadiennes.<\/p>\n<p class=\"lead \">&#8211; Du Japon au Br\u00e9sil &#8211;<\/p>\n<p class=\"lead \">Une vingtaine de pays ont d\u00e9j\u00e0 re\u00e7u un courrier depuis le d\u00e9but de la semaine, principalement des pays asiatiques, avec 25% appliqu\u00e9s aux produits provenant de partenaires tels que le Japon ou la Cor\u00e9e du Sud et jusqu&rsquo;\u00e0 40% pour certains pays d&rsquo;Asie du sud-est.<\/p>\n<p class=\"lead \">Mais c&rsquo;est le Br\u00e9sil, jusqu&rsquo;ici non vis\u00e9 par des surtaxes au-del\u00e0 de 10%, qui a connu la plus forte hausse des droits de douane appliqu\u00e9s \u00e0 ses produits, le pr\u00e9sident am\u00e9ricain annon\u00e7ant 50% en r\u00e9ponse aux poursuites engag\u00e9es contre l&rsquo;ex-pr\u00e9sident Jair Bolsonaro, accus\u00e9 de tentative de coup d&rsquo;Etat.<\/p>\n<p class=\"lead \">Apr\u00e8s un premier report, ces surtaxes individualis\u00e9es devaient commencer \u00e0 \u00eatre collect\u00e9es le 9 juillet, mais M. Trump a sign\u00e9 lundi un d\u00e9cret pour les repousser au 1er ao\u00fbt.<\/p>\n<p class=\"lead \">Dans ses lettres, M. Trump assure que toute riposte sera sanctionn\u00e9e par une surtaxe additionnelle de m\u00eame ampleur.<\/p>\n<p class=\"lead \">Apr\u00e8s l&rsquo;acier, l&rsquo;aluminium et l&rsquo;automobile, et alors que des annonces sont attendues pour le bois de construction, les semiconducteurs et les produits pharmaceutiques, le pr\u00e9sident am\u00e9ricain a \u00e9galement annonc\u00e9 mercredi que le cuivre import\u00e9 se verrait appliquer \u00e0 compter du 1er ao\u00fbt une surtaxe de 50%.<\/p>\n<p class=\"lead \">Le secr\u00e9taire d&rsquo;Etat am\u00e9ricain Marco Rubio doit par ailleurs rencontrer vendredi son homologue chinois Wang Yi en Malaisie, en marge d&rsquo;une r\u00e9union de l&rsquo;Association des nations d&rsquo;Asie du Sud-Est. <\/p>\n<p class=\"lead \">Sans nommer Washington, M. Wang a appel\u00e9 jeudi ses pays membres \u00e0 faire front commun avec P\u00e9kin pour promouvoir un ordre international \u00ab\u00a0plus juste et plus rationnel\u00a0\u00bb.<\/p>\n<p class=\"small font-weight-bold text-gray3 \"> publi\u00e9 le 11 juillet \u00e0 11h12, AFP<\/p>\n<p>                             Partager<\/p>\n","protected":false},"excerpt":{"rendered":"Le pr\u00e9sident am\u00e9ricain Donald Trump a de nouveau cibl\u00e9 jeudi le Canada, en lui imposant 35% de surtaxe,&hellip;\n","protected":false},"author":2,"featured_media":242199,"comment_status":"","ping_status":"","sticky":false,"template":"","format":"standard","meta":{"footnotes":""},"categories":[6],"tags":[35,574,215,312,2822,33,34,1011,27,308],"class_list":{"0":"post-242198","1":"post","2":"type-post","3":"status-publish","4":"format-standard","5":"has-post-thumbnail","7":"category-economie","8":"tag-business","9":"tag-canada","10":"tag-commerce","11":"tag-diplomatie","12":"tag-douanes","13":"tag-economie","14":"tag-economy","15":"tag-fr","16":"tag-france","17":"tag-usa"},"share_on_mastodon":{"url":"https:\/\/pubeurope.com\/@fr\/114834049791808450","error":""},"_links":{"self":[{"href":"https:\/\/www.europesays.com\/fr\/wp-json\/wp\/v2\/posts\/242198","targetHints":{"allow":["GET"]}}],"collection":[{"href":"https:\/\/www.europesays.com\/fr\/wp-json\/wp\/v2\/posts"}],"about":[{"href":"https:\/\/www.europesays.com\/fr\/wp-json\/wp\/v2\/types\/post"}],"author":[{"embeddable":true,"href":"https:\/\/www.europesays.com\/fr\/wp-json\/wp\/v2\/users\/2"}],"replies":[{"embeddable":true,"href":"https:\/\/www.europesays.com\/fr\/wp-json\/wp\/v2\/comments?post=242198"}],"version-history":[{"count":0,"href":"https:\/\/www.europesays.com\/fr\/wp-json\/wp\/v2\/posts\/242198\/revisions"}],"wp:featuredmedia":[{"embeddable":true,"href":"https:\/\/www.europesays.com\/fr\/wp-json\/wp\/v2\/media\/242199"}],"wp:attachment":[{"href":"https:\/\/www.europesays.com\/fr\/wp-json\/wp\/v2\/media?parent=242198"}],"wp:term":[{"taxonomy":"category","embeddable":true,"href":"https:\/\/www.europesays.com\/fr\/wp-json\/wp\/v2\/categories?post=242198"},{"taxonomy":"post_tag","embeddable":true,"href":"https:\/\/www.europesays.com\/fr\/wp-json\/wp\/v2\/tags?post=242198"}],"curies":[{"name":"wp","href":"https:\/\/api.w.org\/{rel}","templated":true}]}}