{"id":242214,"date":"2025-07-11T10:16:15","date_gmt":"2025-07-11T10:16:15","guid":{"rendered":"https:\/\/www.europesays.com\/fr\/242214\/"},"modified":"2025-07-11T10:16:15","modified_gmt":"2025-07-11T10:16:15","slug":"toulon-la-contribution-des-paroisses-revue","status":"publish","type":"post","link":"https:\/\/www.europesays.com\/fr\/242214\/","title":{"rendered":"Toulon : la contribution des paroisses revue"},"content":{"rendered":"<p>Le dioc\u00e8se de Toulon a <a href=\"https:\/\/chancellerie.frejustoulon.fr\/2023\/12\/29\/decrets-annee-2024\/\" rel=\"nofollow noopener\" target=\"_blank\">revu<\/a> nettement \u00e0 la hausse (de <strong>66<\/strong>%) \u2013 en raison des charges support\u00e9es par le dioc\u00e8se \u2013 la contribution des paroisses, en 2024 :<\/p>\n<p><strong>N<\/strong><strong>ous, Fran\u00e7ois<\/strong><strong>\u00a0TOUVET,\u00a0<\/strong><strong>\u00a0<\/strong><strong>par la gr\u00e2ce de Dieu et l\u2019autorit\u00e9 du Si\u00e8ge apostolique,\u00a0<\/strong><strong>\u00c9v\u00eaque coadjuteur de Fr\u00e9jus-Toulon,<\/strong><\/p>\n<p>Consid\u00e9rant le canon 1263 du Code de droit canonique\u00a0;<\/p>\n<ul>\n<li>\n<ul>\n<li>La n\u00e9cessit\u00e9 de revoir la contribution des paroisses au fonctionnement du dioc\u00e8se, actuellement insuffisante au vu des charges support\u00e9es par celui-ci\u00a0;<\/li>\n<\/ul>\n<\/li>\n<\/ul>\n<p>Ayant entendu, conform\u00e9ment au droit\u00a0:<\/p>\n<ul>\n<li>\n<ul>\n<li>Le Conseil presbyt\u00e9ral, en sa session du 22 f\u00e9vrier 2024\u00a0;<\/li>\n<li>Le Conseil dioc\u00e9sain pour les affaires \u00e9conomiques, en sa session du 27 mars 2024\u00a0;<\/li>\n<\/ul>\n<\/li>\n<\/ul>\n<p><strong>D\u00e9cr\u00e9tons<\/strong><\/p>\n<p><strong>Art. Ier<\/strong><\/p>\n<p>La contribution dioc\u00e9saine des paroisses est constitu\u00e9e\u00a0:<\/p>\n<ul>\n<li>\n<ul>\n<li>D\u2019une contribution r\u00e9guli\u00e8re sur les ressources des paroisses (art. II)\u00a0;<\/li>\n<li>D\u2019une contribution conditionnelle pour assurer une couverture du traitement des pr\u00eatres en compl\u00e9tant la collecte du Denier de l\u2019\u00c9glise (art. III)\u00a0;<\/li>\n<li>D\u2019une contribution occasionnelle sur les lib\u00e9ralit\u00e9s (legs, donations, assurances vie\u00a0; art. IV).<\/li>\n<\/ul>\n<\/li>\n<\/ul>\n<p><strong>Art. II<\/strong><\/p>\n<p><strong>\u00a7 1\u00a0<\/strong>La contribution r\u00e9guli\u00e8re sur les ressources est index\u00e9e sur l\u2019ann\u00e9e N-2.<\/p>\n<p><strong>\u00a7 2<\/strong>\u00a0Les ressources sont constitu\u00e9es\u00a0:<\/p>\n<ul>\n<li>\n<ul>\n<li>Des offrandes pour cierges et lumignons,<\/li>\n<li>Des qu\u00eates paroissiales,<\/li>\n<li>Des casuels de mariage, bapt\u00eame et obs\u00e8ques,<\/li>\n<li>Des dons courants non affect\u00e9s,<\/li>\n<li>Des produits financiers.<\/li>\n<\/ul>\n<\/li>\n<\/ul>\n<p><strong>\u00a7 3<\/strong>\u00a0La contribution sera ainsi calcul\u00e9e\u00a0:<\/p>\n<ul>\n<li>\n<ul>\n<li>25 % pour les paroisses dont les ressources sont inf\u00e9rieures \u00e0 20 000 \u20ac,<\/li>\n<li>30 % pour les paroisses dont les ressources sont comprises entre 20 000 \u20ac et 40\u00a0000\u00a0\u20ac,<\/li>\n<li>35% pour les paroisses dont les ressources sont sup\u00e9rieures \u00e0 40 000 \u20ac.<\/li>\n<\/ul>\n<\/li>\n<\/ul>\n<p><strong>\u00a7 4<\/strong>\u00a0Pour prendre en compte les charges immobili\u00e8res auxquelles les paroisses doivent faire face, on d\u00e9duira de ce calcul le quart des dotations aux amortissements de l\u2019ann\u00e9e de r\u00e9f\u00e9rence.<\/p>\n<p><strong>Art. III<\/strong><\/p>\n<p><strong>\u00a7 1\u00a0<\/strong>Pour chaque paroisse il sera d\u00e9termin\u00e9 un Denier attendu calcul\u00e9 \u00e0 partir du nombre de pr\u00eatres en paroisse, \u00e9ventuellement pond\u00e9r\u00e9 en fonction de situations particuli\u00e8res, multipli\u00e9 par le co\u00fbt individuel d\u2019un pr\u00eatre compos\u00e9 de son traitement et des charges sociales aff\u00e9rentes. La paroisse compensera la diff\u00e9rence entre la collecte du Denier de l\u2019\u00c9glise dans la paroisse et le Denier attendu \u00e0 concurrence de 25% de ses disponibilit\u00e9s (soldes des comptes courants et du compte de d\u00e9p\u00f4t aupr\u00e8s de l\u2019AD au 31 d\u00e9cembre diminu\u00e9s du montant des fonds d\u00e9di\u00e9s et du stock d\u2019offrandes de messe).<\/p>\n<p><strong>\u00a7 2\u00a0<\/strong>Les \u00e9l\u00e9ments de r\u00e9f\u00e9rence seront pris sur l\u2019ann\u00e9e N-1.<\/p>\n<p><strong>Art. IV<\/strong><\/p>\n<p>L\u2019acceptation des lib\u00e9ralit\u00e9s faites aux paroisses que ce soit sous forme de legs, d\u2019assurance vie et de donation, requiert un traitement administratif significatif de la part de la Curie. En cons\u00e9quence, il sera pr\u00e9lev\u00e9 sur ceux-ci une somme de 15% du montant de ces lib\u00e9ralit\u00e9s, y compris lorsque l\u2019immobilier est c\u00e9d\u00e9 dans les 5 ans apr\u00e8s leur r\u00e9ception.<\/p>\n<p><strong>Art. V<\/strong><\/p>\n<p><strong>\u00a7 1\u00a0\u00a0<\/strong>La contribution r\u00e9guli\u00e8re sur les ressources sera r\u00e9partie sur les quatre trimestres de l\u2019ann\u00e9e en cours.<\/p>\n<p><strong>\u00a7 2\u00a0<\/strong>La compensation du Denier sera r\u00e9partie sur les deux derniers trimestres de l\u2019ann\u00e9e en cours et les deux premiers de l\u2019ann\u00e9e suivante.<\/p>\n<p><strong>\u00a7 3\u00a0<\/strong>La contribution sur les lib\u00e9ralit\u00e9s sera pr\u00e9lev\u00e9e lors du versement des sommes sur les comptes de la paroisse.<\/p>\n<p><strong>Art. VI<\/strong><\/p>\n<p><strong>\u00a0<\/strong><strong>\u00a7 1\u00a0<\/strong>1. Il est \u00e9tabli une Commission d\u2019appel pour statuer sur les \u00e9ventuelles demandes de r\u00e9vision de la contribution pr\u00e9sent\u00e9es par les paroisses.<\/p>\n<ol start=\"2\">\n<li>Sont membres de droit de ladite Commission\u00a0:<\/li>\n<\/ol>\n<ul>\n<li>\n<ul>\n<li>L\u2019\u00c9conome dioc\u00e9sain,<\/li>\n<li>Le responsable du p\u00f4le Administratif-Tr\u00e9sorerie,<\/li>\n<li>Le responsable du p\u00f4le Comptabilit\u00e9-Finances,<\/li>\n<\/ul>\n<\/li>\n<\/ul>\n<ol start=\"3\">\n<li>Seront membres de ladite commission\u00a0:<\/li>\n<\/ol>\n<ul>\n<li>\n<ul>\n<li>Un Vicaire g\u00e9n\u00e9ral, nomm\u00e9 par l\u2019\u00e9v\u00eaque dioc\u00e9sain, jusqu\u2019\u00e0 r\u00e9vocation,<\/li>\n<li>Trois pr\u00eatres issus du Conseil presbyt\u00e9ral, selon les modalit\u00e9s que ledit Conseil \u00e9tablira.<\/li>\n<\/ul>\n<\/li>\n<\/ul>\n<p><strong>\u00a7\u00a0<\/strong><strong>2\u00a0<\/strong>Les demandes de r\u00e9vision doivent \u00eatre motiv\u00e9es par \u00e9crit (courrier \u00e9lectronique ou postal) et parvenir dans les deux mois qui suivent un appel \u00e0 contribution.<\/p>\n<p><strong>\u00a7 3\u00a0<\/strong>La commission d\u00e9cidera soit du maintien de la somme demand\u00e9e, soit d\u2019une diminution, soit d\u2019une affectation en dette de la paroisse \u00e0 l\u2019\u00e9gard du dioc\u00e8se. Les d\u00e9cisions de la commission seront motiv\u00e9es par \u00e9crit et notifi\u00e9es \u00e0 la paroisse.<\/p>\n<p><strong>Art. VII<\/strong><\/p>\n<p><strong>\u00a7 1\u00a0\u00a0<\/strong>Ce nouveau calcul est applicable au 1er\u00a0juillet 2024 pour les contributions de compensation sur le Denier et sur les lib\u00e9ralit\u00e9s et avec application r\u00e9troactive au 1er janvier 2024 pour la contribution r\u00e9guli\u00e8re.<\/p>\n<p><strong>\u00a7 2\u00a0<\/strong>\u00c0 titre transitoire, la contribution sur les recettes sera plafonn\u00e9e, pour les ann\u00e9es 2024 et 2025, \u00e0 la contribution maximum sur les cinq derni\u00e8res ann\u00e9es, augment\u00e9e de 20 %.<\/p>\n<p>Nonobstant toute chose contraire.<\/p>\n<p>Donn\u00e9 en trois exemplaires originaux, \u00e0 Toulon, au si\u00e8ge de notre \u00c9v\u00each\u00e9, le 26 juin 2024, sous notre seing et notre sceau, avec le contreseing du Chancelier de la Curie.<\/p>\n<p>+ Fran\u00e7ois TOUVET,\u00a0\u00c9v\u00eaque coadjuteur<\/p>\n<p>Par mandement, l\u2019abb\u00e9 Alexis Campo,\u00a0chancelier<\/p>\n","protected":false},"excerpt":{"rendered":"Le dioc\u00e8se de Toulon a revu nettement \u00e0 la hausse (de 66%) \u2013 en raison des charges support\u00e9es&hellip;\n","protected":false},"author":2,"featured_media":242215,"comment_status":"","ping_status":"","sticky":false,"template":"","format":"standard","meta":{"footnotes":""},"categories":[9619],"tags":[1111,11,38169,38170,1777,674,9467,1011,27,12,882,25,2310],"class_list":{"0":"post-242214","1":"post","2":"type-post","3":"status-publish","4":"format-standard","5":"has-post-thumbnail","7":"category-toulon","8":"tag-actu","9":"tag-actualites","10":"tag-comptes-des-dioceses","11":"tag-diocese-de-frejus-toulon","12":"tag-eu","13":"tag-europe","14":"tag-finances","15":"tag-fr","16":"tag-france","17":"tag-news","18":"tag-provence-alpes-cote-dazur","19":"tag-republique-francaise","20":"tag-toulon"},"share_on_mastodon":{"url":"https:\/\/pubeurope.com\/@fr\/114834085171678261","error":""},"_links":{"self":[{"href":"https:\/\/www.europesays.com\/fr\/wp-json\/wp\/v2\/posts\/242214","targetHints":{"allow":["GET"]}}],"collection":[{"href":"https:\/\/www.europesays.com\/fr\/wp-json\/wp\/v2\/posts"}],"about":[{"href":"https:\/\/www.europesays.com\/fr\/wp-json\/wp\/v2\/types\/post"}],"author":[{"embeddable":true,"href":"https:\/\/www.europesays.com\/fr\/wp-json\/wp\/v2\/users\/2"}],"replies":[{"embeddable":true,"href":"https:\/\/www.europesays.com\/fr\/wp-json\/wp\/v2\/comments?post=242214"}],"version-history":[{"count":0,"href":"https:\/\/www.europesays.com\/fr\/wp-json\/wp\/v2\/posts\/242214\/revisions"}],"wp:featuredmedia":[{"embeddable":true,"href":"https:\/\/www.europesays.com\/fr\/wp-json\/wp\/v2\/media\/242215"}],"wp:attachment":[{"href":"https:\/\/www.europesays.com\/fr\/wp-json\/wp\/v2\/media?parent=242214"}],"wp:term":[{"taxonomy":"category","embeddable":true,"href":"https:\/\/www.europesays.com\/fr\/wp-json\/wp\/v2\/categories?post=242214"},{"taxonomy":"post_tag","embeddable":true,"href":"https:\/\/www.europesays.com\/fr\/wp-json\/wp\/v2\/tags?post=242214"}],"curies":[{"name":"wp","href":"https:\/\/api.w.org\/{rel}","templated":true}]}}