{"id":242220,"date":"2025-07-11T10:19:26","date_gmt":"2025-07-11T10:19:26","guid":{"rendered":"https:\/\/www.europesays.com\/fr\/242220\/"},"modified":"2025-07-11T10:19:26","modified_gmt":"2025-07-11T10:19:26","slug":"alain-di-crescenzo-a-cherbourg-pour-decouvrir-le-savoir-faire-des-entreprises-du-cotentin","status":"publish","type":"post","link":"https:\/\/www.europesays.com\/fr\/242220\/","title":{"rendered":"Alain Di Crescenzo \u00e0 Cherbourg pour d\u00e9couvrir le savoir-faire des entreprises du Cotentin"},"content":{"rendered":"<p>\n                    Alain Di Crescenzo, pr\u00e9sident de CCI France, \u00e9tait en Normandie mardi\u00a08\u00a0et mercredi 9 juillet. \u00c0 l\u2019invitation du pr\u00e9sident de CCI Normandie, Vincent Laudat, il a pu rencontrer les dirigeants d\u2019EDF et d\u2019Orano, et visiter les installations des CMN et de Naval Group. En fin de journ\u00e9e, il s\u2019est \u00e9galement rendu dans les locaux de FIM CCI Formation, \u00e0 Saint-L\u00f4, afin de participer \u00e0 la toute premi\u00e8re c\u00e9r\u00e9monie de remise des \u00ab Troph\u00e9es \u00bb, destin\u00e9s \u00e0 honorer l\u2019engagement de ses apprenants.                <\/p>\n<p style=\"font-weight: 400;\">Alain Di Crescenzo, pr\u00e9sident de CCI France, t\u00eate de r\u00e9seau des Chambres de Commerce et d\u2019Industrie en France, \u00e9tait en Normandie mardi\u00a08\u00a0et mercredi 9 juillet. Une visite organis\u00e9e \u00e0 l\u2019initiative de la CCI Normandie et de la CCI Ouest Normandie, ainsi que de leurs pr\u00e9sidents respectifs, Vincent Laudat et Daniel Dufeu. Apr\u00e8s une rencontre, le mardi, avec l\u2019ensemble des pr\u00e9sidents et directeurs de CCI en Normandie, le repr\u00e9sentant des 121 Chambres de Commerce en France a pu \u00e9changer avec les repr\u00e9sentants d\u2019EDF et d\u2019Orano dans les locaux de la d\u00e9l\u00e9gation de la CCI Ouest Normandie, \u00e0 Cherbourg-en-Cotentin.<\/p>\n<p>\u00ab En 2024, sur les 169 millions d\u2019euros de commandes r\u00e9alis\u00e9s par le site de Flamanville, 38 % ont \u00e9t\u00e9 effectu\u00e9s en Normandie. Par ailleurs, avec les prochains gros arr\u00eats de tranche pr\u00e9vus en 2026, suivis de deux visites d\u00e9cennales programm\u00e9es en 2028 et 2029, pas moins de 3 600 intervenants ext\u00e9rieurs seront pr\u00e9sents sur notre site. L\u00e0 encore, 40 % des commandes seront pass\u00e9es aupr\u00e8s d\u2019entreprises normandes \u00bb, explique David Le Hir, directeur de la centrale nucl\u00e9aire de Flamanville 1 &amp; 2, afin d\u2019illustrer la dynamique impuls\u00e9e par l\u2019\u00e9nerg\u00e9ticien en faveur de l\u2019\u00e9conomie locale. Autre engagement tout aussi important : celui de l\u2019EPR de Flamanville, que Gr\u00e9gory Heinfling, son directeur, a lui aussi tenu \u00e0 rappeler.<\/p>\n<p style=\"font-weight: 400;\">\u00ab Actuellement, nous terminons la fiabilisation de l\u2019installation. Ensuite, une fois que nous aurons atteint 100 % de la puissance du site, nous aurons alors boucl\u00e9 notre premier cycle, qui donnera lieu \u00e0 de nouvelles op\u00e9rations de maintenance en 2026. Pour cette phase, nous pr\u00e9voyons 91 millions d\u2019euros d\u2019achats, dont 35 % r\u00e9alis\u00e9s en Normandie, ainsi que 155 millions d\u2019euros fl\u00e9ch\u00e9s sur la maintenance\u2026 \u00bb Des chiffres auxquels s\u2019ajoutent ceux, non moins impressionnants, d\u2019Orano, install\u00e9e sur la commune de La Hague depuis maintenant 60 ans,\u00a0o\u00f9\u00a0elle emploie directement quelque 6 000 collaborateurs.<\/p>\n<p>\u00ab Sur l\u2019ensemble de l\u2019ann\u00e9e 2025, nous allons investir sur le site pas moins de 530 millions d\u2019euros, dont 67 % \u00e0 destination des entreprises de la Manche \u00bb, a pour sa part expliqu\u00e9 Nicolas Ferrand. Directeur du projet \u00ab Aval du futur \u00bb, il a \u00e9galement pu pr\u00e9senter les enjeux de ce projet \u00e0 45 milliards d\u2019euros, destin\u00e9 \u00e0 poursuivre l\u2019activit\u00e9 du site au moins jusqu\u2019en 2130\u2026<\/p>\n<p>Des retomb\u00e9es qui profitent bien entendu aux entreprises de la Manche, mais pas exclusivement. Ainsi, gr\u00e2ce \u00e0 l\u2019organisation r\u00e9guli\u00e8re des Rendez-vous d\u2019Affaires de Normandie (RAN) et \u00e0 la cr\u00e9ation, depuis quelques ann\u00e9es, d\u2019un pavillon d\u00e9di\u00e9 au nucl\u00e9aire, l\u2019ensemble des entreprises implant\u00e9es en Normandie peuvent se faire conna\u00eetre des donneurs d\u2019ordres et profiter de ces march\u00e9s sp\u00e9cifiques.<\/p>\n<p>\u00ab Nous sommes l\u00e0 au c\u0153ur m\u00eame du r\u00f4le des CCI : \u00eatre aux c\u00f4t\u00e9s des grands acteurs pour faire en sorte que tout le monde se parle, se connaisse et travaille ensemble, pour non seulement cr\u00e9er de la valeur, mais surtout faire en sorte qu\u2019elle profite \u00e0 l\u2019ensemble de nos territoires \u00bb, s\u2019est ainsi f\u00e9licit\u00e9 le pr\u00e9sident de CCI France \u00e0 l\u2019issue de ces diff\u00e9rents expos\u00e9s.<\/p>\n<p>Alain Di Crescenzo a ensuite pu visiter les installations de l\u2019entreprise CMN (Constructions M\u00e9caniques de Normandie), avant de se rendre chez Naval Group pour une visite du chantier d\u2019int\u00e9gration des sous-marins Barracuda. Puis, en fin de journ\u00e9e, il s\u2019est rendu \u00e0 Saint-L\u00f4 afin de participer \u00e0 la premi\u00e8re C\u00e9r\u00e9monie des Troph\u00e9es des Talents FIM et \u00e0 la remise des badges aux Ambassadeurs FIM. Une soir\u00e9e au cours de laquelle ont \u00e9t\u00e9 mis \u00e0 l\u2019honneur les apprenants qui, au-del\u00e0 de leurs r\u00e9sultats lors du passage de leur dipl\u00f4me, ont su repr\u00e9senter et mettre en avant FIM CCI Formation et l\u2019EGC Business School Normandie.<\/p>\n","protected":false},"excerpt":{"rendered":"Alain Di Crescenzo, pr\u00e9sident de CCI France, \u00e9tait en Normandie mardi\u00a08\u00a0et mercredi 9 juillet. \u00c0 l\u2019invitation du pr\u00e9sident&hellip;\n","protected":false},"author":2,"featured_media":242221,"comment_status":"","ping_status":"","sticky":false,"template":"","format":"standard","meta":{"footnotes":""},"categories":[9587],"tags":[1111,11,38171,13085,38172,24135,38173,38174,1777,674,1011,27,12,5161,25,9590],"class_list":{"0":"post-242220","1":"post","2":"type-post","3":"status-publish","4":"format-standard","5":"has-post-thumbnail","7":"category-rouen","8":"tag-actu","9":"tag-actualites","10":"tag-cci-france","11":"tag-cci-normandie","12":"tag-cci-ouest-normandie","13":"tag-cherbourg","14":"tag-cherbourg-en-cotentin","15":"tag-cmn","16":"tag-eu","17":"tag-europe","18":"tag-fr","19":"tag-france","20":"tag-news","21":"tag-normandie","22":"tag-republique-francaise","23":"tag-rouen"},"share_on_mastodon":{"url":"https:\/\/pubeurope.com\/@fr\/114834096917048162","error":""},"_links":{"self":[{"href":"https:\/\/www.europesays.com\/fr\/wp-json\/wp\/v2\/posts\/242220","targetHints":{"allow":["GET"]}}],"collection":[{"href":"https:\/\/www.europesays.com\/fr\/wp-json\/wp\/v2\/posts"}],"about":[{"href":"https:\/\/www.europesays.com\/fr\/wp-json\/wp\/v2\/types\/post"}],"author":[{"embeddable":true,"href":"https:\/\/www.europesays.com\/fr\/wp-json\/wp\/v2\/users\/2"}],"replies":[{"embeddable":true,"href":"https:\/\/www.europesays.com\/fr\/wp-json\/wp\/v2\/comments?post=242220"}],"version-history":[{"count":0,"href":"https:\/\/www.europesays.com\/fr\/wp-json\/wp\/v2\/posts\/242220\/revisions"}],"wp:featuredmedia":[{"embeddable":true,"href":"https:\/\/www.europesays.com\/fr\/wp-json\/wp\/v2\/media\/242221"}],"wp:attachment":[{"href":"https:\/\/www.europesays.com\/fr\/wp-json\/wp\/v2\/media?parent=242220"}],"wp:term":[{"taxonomy":"category","embeddable":true,"href":"https:\/\/www.europesays.com\/fr\/wp-json\/wp\/v2\/categories?post=242220"},{"taxonomy":"post_tag","embeddable":true,"href":"https:\/\/www.europesays.com\/fr\/wp-json\/wp\/v2\/tags?post=242220"}],"curies":[{"name":"wp","href":"https:\/\/api.w.org\/{rel}","templated":true}]}}