{"id":242236,"date":"2025-07-11T10:30:16","date_gmt":"2025-07-11T10:30:16","guid":{"rendered":"https:\/\/www.europesays.com\/fr\/242236\/"},"modified":"2025-07-11T10:30:16","modified_gmt":"2025-07-11T10:30:16","slug":"bac-de-francais-2025-ou-trouver-les-resultats","status":"publish","type":"post","link":"https:\/\/www.europesays.com\/fr\/242236\/","title":{"rendered":"Bac de fran\u00e7ais 2025\u00a0: o\u00f9 trouver les r\u00e9sultats\u00a0?"},"content":{"rendered":"<p>Apr\u00e8s les BTS, les CAP, le baccalaur\u00e9at, le dipl\u00f4me national du brevet, c\u2019est au tour du baccalaur\u00e9at de fran\u00e7ais. Les \u00e9l\u00e8ves de premi\u00e8re vont pouvoir conna\u00eetre leurs notes \u00e0 l\u2019\u00e9crit et \u00e0 l\u2019oral pour ces \u00e9preuves anticip\u00e9es du baccalaur\u00e9at.<br \/>Contrairement aux autres examens, seuls les candidats peuvent voir leurs r\u00e9sultats en se connectant avec leurs identifiants sur leur compte Cyclade <a href=\"https:\/\/swingjnl.sipaof.fr\/swing\/app\/%C2%A0https:\/\/resultats.examens-concours.gouv.fr\/accueil?isExam=examens&amp;type=&amp;step=2\" target=\"_parent\" rel=\"noopener\">via la plateforme accessible ici<\/a>.<\/p>\n<p>Quand sont donn\u00e9s\u00a0les\u00a0r\u00e9sultats\u00a0?<\/p>\n<p>Dans certaines acad\u00e9mies, les r\u00e9sultats ont \u00e9t\u00e9 donn\u00e9s d\u00e8s lundi 7\u00a0juillet 2025. Ils seront donn\u00e9s ce vendredi 11\u00a0juillet \u00e0 16\u00a0h pour les \u00e9l\u00e8ves de l\u2019acad\u00e9mie de Nantes.<\/p>\n<p>? <strong>\u00c0 LIRE AUSSI\u00a0:<a href=\"https:\/\/nantes.maville.com\/actu\/actudet_-brevet-2025-les-resultats-de-loire-atlantique-sont-en-ligne-comment-les-consulter-_8-6894672_actu.Htm\" target=\"_self\" rel=\"noopener\"> Brevet 2025\u00a0: les r\u00e9sultats de Loire-Atlantique sont en ligne, comment les consulter\u00a0?<\/a> <\/strong><\/p>\n<p>La liste compl\u00e8te par acad\u00e9mie<\/p>\n<p>Aix-Marseille\u00a0: 11\u00a0juillet \u00e0 14\u00a0h<\/p>\n<p>Amiens\u00a0: 11\u00a0juillet \u00e0 16\u00a0h<\/p>\n<p>Besan\u00e7on\u00a0: 10\u00a0juillet \u00e0 10\u00a0h<\/p>\n<p>Bordeaux\u00a0: 11\u00a0juillet \u00e0 15\u00a0h<\/p>\n<p>Clermont-Ferrand\u00a0: depuis le 9\u00a0juillet \u00e0 15<\/p>\n<p>Corse\u00a0: depuis le 7\u00a0juillet \u00e0 14\u00a0h<\/p>\n<p>Cr\u00e9teil\u00a0: depuis le 10\u00a0juillet \u00e0 14\u00a0h<\/p>\n<p>Dijon\u00a0: depuis le 11\u00a0juillet \u00e0 14\u00a0h<\/p>\n<p>Grenoble\u00a0: depuis le 9\u00a0juillet \u00e0 17\u00a0h<\/p>\n<p>Guadeloupe\u00a0: depuis le 9\u00a0juillet \u00e0 21\u00a0h<\/p>\n<p>Guyane\u00a0: depuis le 9\u00a0juillet \u00e0 15\u00a0h<\/p>\n<p>La R\u00e9union\u00a0: depuis le 9\u00a0juillet \u00e0 07\u00a0h<\/p>\n<p>Lille\u00a0: depuis le 9\u00a0juillet \u00e0 11<\/p>\n<p>? <strong>\u00c0 LIRE AUSSI\u00a0: <a href=\"https:\/\/nantes.maville.com\/actu\/actudet_-resultats-du-bac-je-pensais-pleurer-mais-je-suis-content-les-lyceens-decouvrent-leurs-notes-_52716-6885633_actu.Htm\" target=\"_self\" rel=\"noopener\">R\u00e9sultats du bac\u00a0: \u00ab\u00a0Je pensais pleurer mais je suis content\u00a0!\u00a0\u00bb, les lyc\u00e9ens d\u00e9couvrent leurs notes<\/a> <\/strong><\/p>\n<p>Limoges\u00a0: depuis le 9\u00a0juillet \u00e0 16\u00a0h<\/p>\n<p>Lyon\u00a0: 11\u00a0juillet \u00e0 10\u00a0h<\/p>\n<p>Martinique\u00a0: depuis le 9\u00a0juillet \u00e0 16\u00a0h<\/p>\n<p>Mayotte\u00a0: depuis le 9\u00a0juillet \u00e0 09\u00a0h<\/p>\n<p>Montpellier\u00a0: depuis le 9\u00a0juillet \u00e0 10\u00a0h<\/p>\n<p>Nancy-Metz\u00a0: depuis le 9\u00a0juillet \u00e0 10\u00a0h<\/p>\n<p>Nantes\u00a0: le 11\u00a0juillet \u00e0 16\u00a0h<\/p>\n<p>Nice\u00a0: depuis le 7\u00a0juillet \u00e0 15\u00a0h<\/p>\n<p>Normandie\u00a0: depuis le 9\u00a0juillet \u00e0 15\u00a0h<\/p>\n<p>Orl\u00e9ans-Tours\u00a0: le 11\u00a0juillet \u00e0 14\u00a0h<\/p>\n<p>Paris\u00a0: depuis le 10\u00a0juillet \u00e0 14\u00a0h<\/p>\n<p>Poitiers\u00a0: depuis le 9\u00a0juillet \u00e0 18\u00a0h<\/p>\n<p>Reims\u00a0: depuis le 9\u00a0juillet \u00e0 16\u00a0h<\/p>\n<p>Rennes\u00a0: depuis le 8\u00a0juillet \u00e0 15\u00a0h<\/p>\n<p>Strasbourg\u00a0: depuis le 10\u00a0juillet \u00e0 16\u00a0h<\/p>\n<p>Toulouse\u00a0: depuis le 8\u00a0juillet \u00e0 15\u00a0h<\/p>\n<p>Versailles\u00a0: depuis le 10\u00a0juillet \u00e0 14\u00a0h<\/p>\n<p>\u00a0<\/p>\n","protected":false},"excerpt":{"rendered":"Apr\u00e8s les BTS, les CAP, le baccalaur\u00e9at, le dipl\u00f4me national du brevet, c\u2019est au tour du baccalaur\u00e9at de&hellip;\n","protected":false},"author":2,"featured_media":242237,"comment_status":"","ping_status":"","sticky":false,"template":"","format":"standard","meta":{"footnotes":""},"categories":[2818],"tags":[17,1111,11,3050,1777,674,1011,3844,27,766,12,2636,25,1980,13586],"class_list":{"0":"post-242236","1":"post","2":"type-post","3":"status-publish","4":"format-standard","5":"has-post-thumbnail","7":"category-nantes","8":"tag-17","9":"tag-actu","10":"tag-actualites","11":"tag-bac","12":"tag-eu","13":"tag-europe","14":"tag-fr","15":"tag-francais","16":"tag-france","17":"tag-nantes","18":"tag-news","19":"tag-pays-de-la-loire","20":"tag-republique-francaise","21":"tag-resultats","22":"tag-trouver"},"share_on_mastodon":{"url":"https:\/\/pubeurope.com\/@fr\/114834140361776768","error":""},"_links":{"self":[{"href":"https:\/\/www.europesays.com\/fr\/wp-json\/wp\/v2\/posts\/242236","targetHints":{"allow":["GET"]}}],"collection":[{"href":"https:\/\/www.europesays.com\/fr\/wp-json\/wp\/v2\/posts"}],"about":[{"href":"https:\/\/www.europesays.com\/fr\/wp-json\/wp\/v2\/types\/post"}],"author":[{"embeddable":true,"href":"https:\/\/www.europesays.com\/fr\/wp-json\/wp\/v2\/users\/2"}],"replies":[{"embeddable":true,"href":"https:\/\/www.europesays.com\/fr\/wp-json\/wp\/v2\/comments?post=242236"}],"version-history":[{"count":0,"href":"https:\/\/www.europesays.com\/fr\/wp-json\/wp\/v2\/posts\/242236\/revisions"}],"wp:featuredmedia":[{"embeddable":true,"href":"https:\/\/www.europesays.com\/fr\/wp-json\/wp\/v2\/media\/242237"}],"wp:attachment":[{"href":"https:\/\/www.europesays.com\/fr\/wp-json\/wp\/v2\/media?parent=242236"}],"wp:term":[{"taxonomy":"category","embeddable":true,"href":"https:\/\/www.europesays.com\/fr\/wp-json\/wp\/v2\/categories?post=242236"},{"taxonomy":"post_tag","embeddable":true,"href":"https:\/\/www.europesays.com\/fr\/wp-json\/wp\/v2\/tags?post=242236"}],"curies":[{"name":"wp","href":"https:\/\/api.w.org\/{rel}","templated":true}]}}