{"id":242238,"date":"2025-07-11T10:31:11","date_gmt":"2025-07-11T10:31:11","guid":{"rendered":"https:\/\/www.europesays.com\/fr\/242238\/"},"modified":"2025-07-11T10:31:11","modified_gmt":"2025-07-11T10:31:11","slug":"ivre-il-demande-a-son-enfant-de-souffler-dans-lethylotest-pour-faire-demarrer-la-voiture","status":"publish","type":"post","link":"https:\/\/www.europesays.com\/fr\/242238\/","title":{"rendered":"ivre, il demande \u00e0 son enfant de souffler dans l\u2019\u00e9thylotest pour faire d\u00e9marrer la voiture"},"content":{"rendered":"<p>Un quinquag\u00e9naire a demand\u00e9 \u00e0 son fils, \u00e2g\u00e9 de 11 ans, de faire d\u00e9marrer son v\u00e9hicule \u00e9quip\u00e9 d\u2019un \u00e9thylotest antid\u00e9marrage, que lui avait impos\u00e9 la justice. L\u2019individu a \u00e9t\u00e9 d\u00e9f\u00e9r\u00e9 vendredi devant le parquet de Nantes.<\/p>\n<p class=\"fig-paragraph\">La supercherie n\u2019a pas \u00e9chapp\u00e9 aux gardiens de la paix. Un conducteur \u00e2g\u00e9 d\u2019une cinquantaine d\u2019ann\u00e9es a \u00e9t\u00e9 interpell\u00e9 dans l\u2019est\u00a0<a href=\"https:\/\/www.lefigaro.fr\/nantes\" target=\"_blank\" data-fig-type=\"Section\" rel=\"noopener\" data-gtm-custom-categorie=\"navigation\" data-gtm-custom-action=\"crossclick\" data-gtm-custom-label=\"Contextuel\" data-gtm-event=\"customEventSPE\" data-fig-domain=\"LEFIGARO\">de Nantes<\/a>\u00a0(Loire-Atlantique), lors d\u2019un contr\u00f4le effectu\u00e9 le mercredi 9 juillet par des agents de la police municipale. Le chauffeur avait \u00e9t\u00e9 aper\u00e7u par les forces de l\u2019ordre en train d\u2019emprunter \u00e0 contresens un boulevard. Aussit\u00f4t arr\u00eat\u00e9, l\u2019individu s\u2019est av\u00e9r\u00e9 \u00eatre\u00a0<a href=\"https:\/\/sante.lefigaro.fr\/mieux-etre\/tabac-alcool-drogues\/alcool\/chiffres\" target=\"_blank\" data-fig-type=\"Keyword\" rel=\"noopener\" data-gtm-custom-categorie=\"navigation\" data-gtm-custom-action=\"crossclick\" data-gtm-custom-label=\"Contextuel\" data-gtm-event=\"customEventSPE\" data-fig-domain=\"SANTE\">en \u00e9tat d\u2019\u00e9bri\u00e9t\u00e9<\/a>. Il pr\u00e9sentait un taux de 1,6 g d\u2019alcool par litre de sang. Les agents n\u2019\u00e9taient cependant pas au bout de leurs surprises, puisque le v\u00e9hicule du quinquag\u00e9naire \u00e9tait \u00e9quip\u00e9\u00a0<a href=\"https:\/\/www.lefigaro.fr\/automobile\/l-ethylotest-antidemarrage-une-alternative-au-retrait-de-permis-20190606\" target=\"_blank\" data-fig-type=\"Article\" rel=\"noopener\" data-gtm-custom-categorie=\"navigation\" data-gtm-custom-action=\"crossclick\" data-gtm-custom-label=\"Contextuel\" data-gtm-event=\"customEventSPE\" data-fig-domain=\"LEFIGARO\">d\u2019un \u00e9thylotest antid\u00e9marrage<\/a>.<\/p>\n<p class=\"fig-paragraph\">Le syst\u00e8me en question n\u00e9cessite de souffler une premi\u00e8re fois pour faire d\u00e9marrer le v\u00e9hicule, puis une seconde fois, de mani\u00e8re al\u00e9atoire, entre 5 et 30 minutes apr\u00e8s le premier souffle, pour v\u00e9rifier que le conducteur n\u2019\u00e9tait pas en phase d\u2019alcool\u00e9mie ascendante ou qu\u2019une personne n\u2019avait pas souffl\u00e9 \u00e0 sa place au d\u00e9part du trajet, indique une notice de la d\u00e9l\u00e9gation \u00e0 la s\u00e9curit\u00e9 routi\u00e8re. Or l\u2019individu interpell\u00e9 mercredi \u00e0 Nantes a bel et bien rus\u00e9. Il a tout simplement fait souffler \u00e0 sa place son fils \u00e2g\u00e9 de 11 ans.<\/p>\n<p>                                    <a class=\"fig-a11y-skip a11y-hidden\" href=\"#fig-a11y-skip-main-inarticle\"><br \/>\n        Passer la publicit\u00e9<br \/>\n    <\/a><\/p>\n<p class=\"fig-paragraph\">Le dispositif de l\u2019\u00e9thylotest antid\u00e9marrage peut \u00eatre impos\u00e9 au v\u00e9hicule d\u2019une personne par une d\u00e9cision de justice, comme alternative \u00e0 la suspension du permis de conduire. C\u2019\u00e9tait pr\u00e9cis\u00e9ment le cas du quinquag\u00e9naire nantais, qui a reconnu, au cours de son audition, souffrir d\u2019alcoolisme, indiquent nos confr\u00e8res de\u00a0<a href=\"https:\/\/www.ouest-france.fr\/societe\/faits-divers\/il-fait-souffler-son-fils-de-11-ans-dans-lethylotest-pour-pouvoir-demarrer-et-prendre-le-volant-e2180aae-5d70-11f0-a0c4-7d0511e82e11\" target=\"_blank\" rel=\"noopener\" data-gtm-custom-categorie=\"navigation\" data-gtm-custom-action=\"crossclick\" data-gtm-custom-label=\"Contextuel\" data-gtm-event=\"customEventSPE\">Ouest France<\/a> . Plac\u00e9 en garde \u00e0 vue pour \u00abmise en danger de la vie d\u2019autrui\u00bb et \u00abconduite en \u00e9tat d\u2019ivresse\u00bb, l\u2019individu a \u00e9t\u00e9 d\u00e9f\u00e9r\u00e9 vendredi matin devant le parquet de Nantes en vue d\u2019une comparution imm\u00e9diate, indique au Figaro une source polici\u00e8re nantaise.<\/p>\n","protected":false},"excerpt":{"rendered":"Un quinquag\u00e9naire a demand\u00e9 \u00e0 son fils, \u00e2g\u00e9 de 11 ans, de faire d\u00e9marrer son v\u00e9hicule \u00e9quip\u00e9 d\u2019un&hellip;\n","protected":false},"author":2,"featured_media":242239,"comment_status":"","ping_status":"","sticky":false,"template":"","format":"standard","meta":{"footnotes":""},"categories":[2818],"tags":[1111,11,4826,1777,674,1011,27,766,12,2636,25],"class_list":{"0":"post-242238","1":"post","2":"type-post","3":"status-publish","4":"format-standard","5":"has-post-thumbnail","7":"category-nantes","8":"tag-actu","9":"tag-actualites","10":"tag-alcoolisme","11":"tag-eu","12":"tag-europe","13":"tag-fr","14":"tag-france","15":"tag-nantes","16":"tag-news","17":"tag-pays-de-la-loire","18":"tag-republique-francaise"},"share_on_mastodon":{"url":"https:\/\/pubeurope.com\/@fr\/114834144221644452","error":""},"_links":{"self":[{"href":"https:\/\/www.europesays.com\/fr\/wp-json\/wp\/v2\/posts\/242238","targetHints":{"allow":["GET"]}}],"collection":[{"href":"https:\/\/www.europesays.com\/fr\/wp-json\/wp\/v2\/posts"}],"about":[{"href":"https:\/\/www.europesays.com\/fr\/wp-json\/wp\/v2\/types\/post"}],"author":[{"embeddable":true,"href":"https:\/\/www.europesays.com\/fr\/wp-json\/wp\/v2\/users\/2"}],"replies":[{"embeddable":true,"href":"https:\/\/www.europesays.com\/fr\/wp-json\/wp\/v2\/comments?post=242238"}],"version-history":[{"count":0,"href":"https:\/\/www.europesays.com\/fr\/wp-json\/wp\/v2\/posts\/242238\/revisions"}],"wp:featuredmedia":[{"embeddable":true,"href":"https:\/\/www.europesays.com\/fr\/wp-json\/wp\/v2\/media\/242239"}],"wp:attachment":[{"href":"https:\/\/www.europesays.com\/fr\/wp-json\/wp\/v2\/media?parent=242238"}],"wp:term":[{"taxonomy":"category","embeddable":true,"href":"https:\/\/www.europesays.com\/fr\/wp-json\/wp\/v2\/categories?post=242238"},{"taxonomy":"post_tag","embeddable":true,"href":"https:\/\/www.europesays.com\/fr\/wp-json\/wp\/v2\/tags?post=242238"}],"curies":[{"name":"wp","href":"https:\/\/api.w.org\/{rel}","templated":true}]}}