{"id":242242,"date":"2025-07-11T10:33:14","date_gmt":"2025-07-11T10:33:14","guid":{"rendered":"https:\/\/www.europesays.com\/fr\/242242\/"},"modified":"2025-07-11T10:33:14","modified_gmt":"2025-07-11T10:33:14","slug":"girondins-lallusion-doliver-letang-a-la-situation-dramatique-de-bordeaux","status":"publish","type":"post","link":"https:\/\/www.europesays.com\/fr\/242242\/","title":{"rendered":"Girondins : l&rsquo;allusion d&rsquo;Oliver L\u00e9tang \u00e0 la situation dramatique de Bordeaux"},"content":{"rendered":"<p><img decoding=\"async\" src=\"https:\/\/www.europesays.com\/fr\/wp-content\/uploads\/2025\/07\/671_c90d8be7ad3de0b00efe41c8aa156ccb.jpg\" alt=\"Girondins : l'allusion d'Oliver L\u00e9tang \u00e0 la situation dramatique de Bordeaux\" class=\"img-responsive mt-3\"\/><\/p>\n<p class=\"text-center mb-3\" style=\"font-size: 14px\">\u00a9 Iconsport<\/p>\n<p style=\"text-align: justify;\">L&rsquo;OL a \u00e9t\u00e9 r\u00e9int\u00e9gr\u00e9 par la DNCG d&rsquo;appel en Ligue 1 avec encadrement de sa masse salariale. Auparavant, le club lyonnais avait \u00e9t\u00e9 rel\u00e9gu\u00e9 en Ligue 2. Il sauve donc sa place en Ligue 1.<\/p>\n<p style=\"text-align: justify;\">La r\u00e9action d&rsquo;Olivier L\u00e9tang dans <a href=\"https:\/\/www.lequipe.fr\/Football\/Actualites\/Labrune-letang-diallo-la-ligue-1-se-dit-ravie-du-maintien-de-l-ol\/1577037?fbclid=IwY2xjawLdEnBleHRuA2FlbQIxMABicmlkETBGUnU0UDBMbllNSmVTU3JTAR6Rvxsz7QwbDUi1WSaweQsoPpCIrB-u04FY0KPsLVxYFGsRbJpjSvHnyTEHSQ_aem_HcuNRS6rAyW7_yK5u5WBow\" target=\"_blank\" rel=\"noopener\">L&rsquo;\u00c9quipe<\/a> : \u00ab\u00a0Il faut respecter les r\u00e8gles. Si Lyon \u00e9tait reparti en L2, ils auraient construit un projet diff\u00e9rent. Il ne faut pas de funambules qui mettent en danger les institutions du football. Ce n&rsquo;est pas le premier, il y en a un autre \u00e0 qui on a donn\u00e9 d&rsquo;autres clubs (il pense \u00e9videmment \u00e0 G\u00e9rard Lopez) et on a vu ce qu&rsquo;il en a fait.\u00a0\u00bb<\/p>\n<p style=\"text-align: justify;\">L&rsquo;homme d&rsquo;affaires G\u00e9rard Lopez a pris la possession des Girondins de Bordeaux en Ligue 1 lors de l\u2019\u00e9t\u00e9 2021. Aujourd&rsquo;hui, 4 ans apr\u00e8s, le club au scapulaire a perdu son statut professionnel, son centre de formation, et entame sa deuxi\u00e8me saison en 4e division fran\u00e7aise. De plus, les Girondins de Bordeaux qui \u00e9taient en redressement judiciaire doivent rembourser 26M\u20ac sur 10 ans.<\/p>\n<p style=\"text-align: justify;\">\u00c0 lire &gt;&gt; <strong><a href=\"https:\/\/www.webgirondins.com\/actualite-girondins-girondins-gerard-lopez-je-n-ai-pas-besoin-de-reconnaissance-publique-ni-de-justifier-chacune-de-mes-decisions-129694\" target=\"_blank\" rel=\"noopener\">G\u00e9rard Lopez : \u00ab\u00a0Je n\u2019ai pas besoin de reconnaissance publique, ni de justifier chacune de mes d\u00e9cisions\u00a0\u00bb<\/a><\/strong><\/p>\n<p>\u00a0<\/p>\n<p>N.P<\/p>\n","protected":false},"excerpt":{"rendered":"\u00a9 Iconsport L&rsquo;OL a \u00e9t\u00e9 r\u00e9int\u00e9gr\u00e9 par la DNCG d&rsquo;appel en Ligue 1 avec encadrement de sa masse&hellip;\n","protected":false},"author":2,"featured_media":242243,"comment_status":"","ping_status":"","sticky":false,"template":"","format":"standard","meta":{"footnotes":""},"categories":[2817],"tags":[1111,11,38176,150,1997,4511,37071,1777,674,8290,1011,27,38178,1987,425,38177,3022,2267,16400,6341,8771,12,2219,241,4653,4919,25,1447,14607],"class_list":{"0":"post-242242","1":"post","2":"type-post","3":"status-publish","4":"format-standard","5":"has-post-thumbnail","7":"category-bordeaux","8":"tag-actu","9":"tag-actualites","10":"tag-allusion","11":"tag-apres","12":"tag-bordeaux","13":"tag-danger","14":"tag-dramatique","15":"tag-eu","16":"tag-europe","17":"tag-faut","18":"tag-fr","19":"tag-france","20":"tag-funambules","21":"tag-girondins","22":"tag-institutions","23":"tag-letang","24":"tag-ligue","25":"tag-losc","26":"tag-mache","27":"tag-mettent","28":"tag-mots","29":"tag-news","30":"tag-nouvelle-aquitaine","31":"tag-ol","32":"tag-oliver","33":"tag-president","34":"tag-republique-francaise","35":"tag-situation","36":"tag-validation"},"share_on_mastodon":{"url":"https:\/\/pubeurope.com\/@fr\/114834152082264298","error":""},"_links":{"self":[{"href":"https:\/\/www.europesays.com\/fr\/wp-json\/wp\/v2\/posts\/242242","targetHints":{"allow":["GET"]}}],"collection":[{"href":"https:\/\/www.europesays.com\/fr\/wp-json\/wp\/v2\/posts"}],"about":[{"href":"https:\/\/www.europesays.com\/fr\/wp-json\/wp\/v2\/types\/post"}],"author":[{"embeddable":true,"href":"https:\/\/www.europesays.com\/fr\/wp-json\/wp\/v2\/users\/2"}],"replies":[{"embeddable":true,"href":"https:\/\/www.europesays.com\/fr\/wp-json\/wp\/v2\/comments?post=242242"}],"version-history":[{"count":0,"href":"https:\/\/www.europesays.com\/fr\/wp-json\/wp\/v2\/posts\/242242\/revisions"}],"wp:featuredmedia":[{"embeddable":true,"href":"https:\/\/www.europesays.com\/fr\/wp-json\/wp\/v2\/media\/242243"}],"wp:attachment":[{"href":"https:\/\/www.europesays.com\/fr\/wp-json\/wp\/v2\/media?parent=242242"}],"wp:term":[{"taxonomy":"category","embeddable":true,"href":"https:\/\/www.europesays.com\/fr\/wp-json\/wp\/v2\/categories?post=242242"},{"taxonomy":"post_tag","embeddable":true,"href":"https:\/\/www.europesays.com\/fr\/wp-json\/wp\/v2\/tags?post=242242"}],"curies":[{"name":"wp","href":"https:\/\/api.w.org\/{rel}","templated":true}]}}