{"id":242244,"date":"2025-07-11T10:34:08","date_gmt":"2025-07-11T10:34:08","guid":{"rendered":"https:\/\/www.europesays.com\/fr\/242244\/"},"modified":"2025-07-11T10:34:08","modified_gmt":"2025-07-11T10:34:08","slug":"voici-quand-partir-pour-eviter-les-bouchons-autour-de-toulouse","status":"publish","type":"post","link":"https:\/\/www.europesays.com\/fr\/242244\/","title":{"rendered":"voici quand partir pour \u00e9viter les bouchons autour de Toulouse"},"content":{"rendered":"<p>            Par<br \/>\n        <strong><br \/>\n            <a href=\"https:\/\/actu.fr\/auteur\/lucie-2\" title=\"Consulter tous les articles de Lucie Fraisse\" target=\"_blank\" rel=\"noopener\">Lucie Fraisse<\/a><br \/>\n        <\/strong><\/p>\n<p>        Publi\u00e9 le<\/p>\n<p>            11 juil. 2025 \u00e0 12h01        <\/p>\n<p>C\u2019est l\u2019un des gros week-ends de d\u00e9parts de l\u2019\u00e9t\u00e9. Entre ceux qui partent en vacances et ceux qui profitent du week-end de trois jours pour prendre le large, il va y avoir du monde sur les routes, et ce, d\u00e8s ce vendredi 11 juillet 2025. Voici ce que pr\u00e9voit Bison fut\u00e9 <a href=\"https:\/\/actu.fr\/toulouse\/\" target=\"_blank\" rel=\"noopener\">autour de Toulouse<\/a>.<\/p>\n<p>Bison fut\u00e9 voit rouge\u00a0<\/p>\n<p class=\" wall-content\">\n<p class=\" wall-content\">L\u2019ensemble de la France est class\u00e9e rouge ce vendredi 11 juillet 2025. Localement, Bison fut\u00e9 annonce des difficult\u00e9s marqu\u00e9es entre 16 et 18 heures, <strong>sur l\u2019A62 puis l\u2019A61<\/strong>, depuis Bordeaux jusqu\u2019\u00e0 la M\u00e9diterran\u00e9e, en passant par le p\u00e9riph\u00e9rique toulousain.<\/p>\n<p class=\" wall-content\">La situation se corse samedi 12 juillet 2025. Bison fut\u00e9 voit toujours rouge et conseille m\u00eame aux automobilistes<strong> de ne pas circuler en France<\/strong> ce jour-l\u00e0.<\/p>\n<p>Difficult\u00e9s d\u00e8s 10 heures samedi\u00a0<\/p>\n<p class=\" wall-content\">Pr\u00e8s de Toulouse, dans le sens des d\u00e9parts, ce sera compliqu\u00e9 d\u00e8s 10 heures sur l\u2019A61,<strong> vers Narbonne<\/strong>. Pic des difficult\u00e9s pr\u00e9vu <strong>entre 12 heures et 14 heures<\/strong>, avant une petite am\u00e9lioration entre 14 heures et 16 heures (mais il y aura toujours du monde sur la route).<\/p>\n<p class=\" wall-content\">Dans le sens des retours, entre Narbonne et Toulouse sur l\u2019A61, des difficult\u00e9s sont \u00e0 craindre<strong> entre 10 et 12 heures<\/strong>.<\/p>\n<p>Vid\u00e9os : en ce moment sur ActuDes bouchons aussi lundi\u00a0<\/p>\n<p class=\" wall-content\">La circulation devrait se d\u00e9rouler normalement dimanche 13 juillet 2025.<\/p>\n<p class=\" wall-content\">Lundi 14 juillet, dans le sens des retours, Bison fut\u00e9 conseille carr\u00e9ment d\u2019\u00e9viter l\u2019A61 entre Narbonne et Toulouse<strong> entre 15 heures et 22 heures<\/strong>.<\/p>\n<p class=\" wall-content\">Suivez toute l\u2019actualit\u00e9 de vos villes et m\u00e9dias favoris en vous inscrivant \u00e0 <a href=\"https:\/\/moncompte.actu.fr\" title=\"D\u00e9couvez Mon Actu\" rel=\"nofollow noopener\" data-trk=\"{&quot;cta&quot;:{&quot;action&quot;:&quot;https:\\\/\\\/moncompte.actu.fr&quot;,&quot;category&quot;:&quot;mon compte&quot;,&quot;from&quot;:&quot;article footer&quot;,&quot;name&quot;:&quot;Mon actu&quot;,&quot;type&quot;:&quot;cta&quot;}}\" target=\"_blank\">Mon Actu<\/a>.<\/p>\n","protected":false},"excerpt":{"rendered":"Par Lucie Fraisse Publi\u00e9 le 11 juil. 2025 \u00e0 12h01 C\u2019est l\u2019un des gros week-ends de d\u00e9parts de&hellip;\n","protected":false},"author":2,"featured_media":81586,"comment_status":"","ping_status":"","sticky":false,"template":"","format":"standard","meta":{"footnotes":""},"categories":[2816],"tags":[1111,11,1777,674,1011,27,803,12,2680,25,104,2312],"class_list":{"0":"post-242244","1":"post","2":"type-post","3":"status-publish","4":"format-standard","5":"has-post-thumbnail","7":"category-toulouse","8":"tag-actu","9":"tag-actualites","10":"tag-eu","11":"tag-europe","12":"tag-fr","13":"tag-france","14":"tag-info-trafic","15":"tag-news","16":"tag-occitanie","17":"tag-republique-francaise","18":"tag-societe","19":"tag-toulouse"},"share_on_mastodon":{"url":"https:\/\/pubeurope.com\/@fr\/114834156023021415","error":""},"_links":{"self":[{"href":"https:\/\/www.europesays.com\/fr\/wp-json\/wp\/v2\/posts\/242244","targetHints":{"allow":["GET"]}}],"collection":[{"href":"https:\/\/www.europesays.com\/fr\/wp-json\/wp\/v2\/posts"}],"about":[{"href":"https:\/\/www.europesays.com\/fr\/wp-json\/wp\/v2\/types\/post"}],"author":[{"embeddable":true,"href":"https:\/\/www.europesays.com\/fr\/wp-json\/wp\/v2\/users\/2"}],"replies":[{"embeddable":true,"href":"https:\/\/www.europesays.com\/fr\/wp-json\/wp\/v2\/comments?post=242244"}],"version-history":[{"count":0,"href":"https:\/\/www.europesays.com\/fr\/wp-json\/wp\/v2\/posts\/242244\/revisions"}],"wp:featuredmedia":[{"embeddable":true,"href":"https:\/\/www.europesays.com\/fr\/wp-json\/wp\/v2\/media\/81586"}],"wp:attachment":[{"href":"https:\/\/www.europesays.com\/fr\/wp-json\/wp\/v2\/media?parent=242244"}],"wp:term":[{"taxonomy":"category","embeddable":true,"href":"https:\/\/www.europesays.com\/fr\/wp-json\/wp\/v2\/categories?post=242244"},{"taxonomy":"post_tag","embeddable":true,"href":"https:\/\/www.europesays.com\/fr\/wp-json\/wp\/v2\/tags?post=242244"}],"curies":[{"name":"wp","href":"https:\/\/api.w.org\/{rel}","templated":true}]}}