{"id":242249,"date":"2025-07-11T10:38:10","date_gmt":"2025-07-11T10:38:10","guid":{"rendered":"https:\/\/www.europesays.com\/fr\/242249\/"},"modified":"2025-07-11T10:38:10","modified_gmt":"2025-07-11T10:38:10","slug":"prado-corniche-cest-quoi-ce-tournage-qui-bloque-les-grand-axes-de-marseille","status":"publish","type":"post","link":"https:\/\/www.europesays.com\/fr\/242249\/","title":{"rendered":"Prado, Corniche&#8230; C&rsquo;est quoi ce tournage qui bloque les grand axes de Marseille\u00a0?"},"content":{"rendered":"<p>            Par<br \/>\n        <strong><br \/>\n            <a href=\"https:\/\/actu.fr\/auteur\/thomas-blanc\" title=\"Consulter tous les articles de Thomas Blanc\" rel=\"nofollow noopener\" target=\"_blank\">Thomas Blanc<\/a><br \/>\n        <\/strong><\/p>\n<p>        Publi\u00e9 le<\/p>\n<p>            11 juil. 2025 \u00e0 12h20        <\/p>\n<p>V\u00e9los, bus, deux-roues, automobiles, pi\u00e9tons, tout le monde \u00e9tait log\u00e9 \u00e0 la m\u00eame enseigne <strong>sur le boulevard Michelet, secteur Prado<\/strong> (9e arrondissement de <a href=\"https:\/\/actu.fr\/?s=marseille\" rel=\"nofollow noopener\" target=\"_blank\">Marseille<\/a>) ce vendredi 11\u00a0juillet au matin. Face \u00e0 la <a href=\"https:\/\/actu.fr\/?s=police\" rel=\"nofollow noopener\" target=\"_blank\">police<\/a> et \u00e0 ses s\u00e9parateurs de voies, tous attendent qu\u2019<strong>un \u00e9tonnant balai<\/strong> se termine.<\/p>\n<p>Tournage d\u2019une publicit\u00e9<\/p>\n<p class=\" wall-content\">La raison de l\u2019occupation de l\u2019espace public n\u2019est pas banale. La marque de voiture roumaine <a href=\"https:\/\/actu.fr\/?s=dacia\" rel=\"nofollow noopener\" target=\"_blank\">Dacia<\/a>, filiale du groupe <a href=\"https:\/\/actu.fr\/?s=renault\" rel=\"nofollow noopener\" target=\"_blank\">Renault<\/a>, privatise le boulevard Michelet pour tourner <strong>le prochain spot publicitaire<\/strong>\u00a0de son SUV le Dacia Sandero.<\/p>\n<p>    <img   decoding=\"async\" loading=\"lazy\" src=\"https:\/\/www.europesays.com\/fr\/wp-content\/uploads\/2025\/07\/dacia-960x640.jpg\" alt=\"Un Dacia Sandero, seul au milieu du boulevard Michelet \u00e0 Marseille.\" width=\"960\" height=\"640\"\/><br \/>\n    Un Dacia Sandero, seul au milieu du boulevard Michelet \u00e0 Marseille. (\u00a9Thomas Blanc \/ actu Marseille)<\/p>\n<p class=\" wall-content\">Marche avant, marche arri\u00e8re, drone, voiture traveling, \u00e9quipe de tournage, tout cela trois heures durant sur l\u2019axe filant vers <strong>Mazargues puis le sud de Marseille<\/strong>.<\/p>\n<p class=\" wall-content\">Les automobilistes et les usagers des transports en commun agac\u00e9s patientent que la police rouvre la circulation. <strong>Le tournage est interrompu toutes les quinze minutes<\/strong> environ pour laisser passer le flot de v\u00e9hicules qui s\u2019accumulent aux extr\u00e9mit\u00e9s du boulevard.<\/p>\n<p>Vid\u00e9os : en ce moment sur ActuD\u2019autres axes de circulation perturb\u00e9s ce week-end<\/p>\n<p class=\" wall-content\">Et ce n\u2019est pas fini, toute la caravane accompagnant les voitures vedettes de cette publicit\u00e9 fera son petit tour de Marseille bloquant successivement la <a href=\"https:\/\/actu.fr\/?s=corniche+kennedy\" rel=\"nofollow noopener\" target=\"_blank\">Corniche Kennedy<\/a> et la rue de Paradis ce samedi 12\u00a0juillet.<\/p>\n<p class=\" wall-content\">En ce qui concerne la Corniche, cela se fera aux premi\u00e8res lueurs du jour, de 5h \u00e0 9h.<\/p>\n<p class=\" wall-content\"><strong>Les circulations routi\u00e8re et pi\u00e9tonne seront bloqu\u00e9es<\/strong>. Au niveau des transports en commun, c\u2019est le bus 83 qui est affect\u00e9, \u00ab\u2009les arr\u00eats Plage du Proph\u00e8te et Corniche Napoule ne sont pas desservis dans les 2 sens,\u2009\u00bb indique la <a href=\"https:\/\/actu.fr\/?s=RTM\" rel=\"nofollow noopener\" target=\"_blank\">R\u00e9gie des transports m\u00e9tropolitains<\/a>.<\/p>\n<p class=\" wall-content\">Apr\u00e8s une pause, l\u2019ensemble se d\u00e9placera vers le centre-ville o\u00f9 <strong>il bloquera la rue Paradis, de 13h \u00e0 16h<\/strong>. Cons\u00e9quence, sur la ligne de bus 41, \u00ab\u20092 arr\u00eats non desservis en direction de Vieux-Port Ballard\u2009: Paradis Lord Duveen et Paradis Wulfran Puget et 2 arr\u00eats non desservis en direction de Rond-Point du Prado\u2009: Paradis Wulfran Puget et Place Delibes.\u2009\u00bb<\/p>\n<p class=\" wall-content\">Suivez toute l\u2019actualit\u00e9 de vos villes et m\u00e9dias favoris en vous inscrivant \u00e0 <a href=\"https:\/\/moncompte.actu.fr\" title=\"D\u00e9couvez Mon Actu\" rel=\"nofollow noopener\" data-trk=\"{&quot;cta&quot;:{&quot;action&quot;:&quot;https:\\\/\\\/moncompte.actu.fr&quot;,&quot;category&quot;:&quot;mon compte&quot;,&quot;from&quot;:&quot;article footer&quot;,&quot;name&quot;:&quot;Mon actu&quot;,&quot;type&quot;:&quot;cta&quot;}}\" target=\"_blank\">Mon Actu<\/a>.<\/p>\n","protected":false},"excerpt":{"rendered":"Par Thomas Blanc Publi\u00e9 le 11 juil. 2025 \u00e0 12h20 V\u00e9los, bus, deux-roues, automobiles, pi\u00e9tons, tout le monde&hellip;\n","protected":false},"author":2,"featured_media":242250,"comment_status":"","ping_status":"","sticky":false,"template":"","format":"standard","meta":{"footnotes":""},"categories":[2814],"tags":[1111,11,3542,1777,674,1011,27,884,12,882,25,10783,104,2803],"class_list":{"0":"post-242249","1":"post","2":"type-post","3":"status-publish","4":"format-standard","5":"has-post-thumbnail","7":"category-marseille","8":"tag-actu","9":"tag-actualites","10":"tag-circulation","11":"tag-eu","12":"tag-europe","13":"tag-fr","14":"tag-france","15":"tag-marseille","16":"tag-news","17":"tag-provence-alpes-cote-dazur","18":"tag-republique-francaise","19":"tag-rtm","20":"tag-societe","21":"tag-transport"},"share_on_mastodon":{"url":"https:\/\/pubeurope.com\/@fr\/114834171915784721","error":""},"_links":{"self":[{"href":"https:\/\/www.europesays.com\/fr\/wp-json\/wp\/v2\/posts\/242249","targetHints":{"allow":["GET"]}}],"collection":[{"href":"https:\/\/www.europesays.com\/fr\/wp-json\/wp\/v2\/posts"}],"about":[{"href":"https:\/\/www.europesays.com\/fr\/wp-json\/wp\/v2\/types\/post"}],"author":[{"embeddable":true,"href":"https:\/\/www.europesays.com\/fr\/wp-json\/wp\/v2\/users\/2"}],"replies":[{"embeddable":true,"href":"https:\/\/www.europesays.com\/fr\/wp-json\/wp\/v2\/comments?post=242249"}],"version-history":[{"count":0,"href":"https:\/\/www.europesays.com\/fr\/wp-json\/wp\/v2\/posts\/242249\/revisions"}],"wp:featuredmedia":[{"embeddable":true,"href":"https:\/\/www.europesays.com\/fr\/wp-json\/wp\/v2\/media\/242250"}],"wp:attachment":[{"href":"https:\/\/www.europesays.com\/fr\/wp-json\/wp\/v2\/media?parent=242249"}],"wp:term":[{"taxonomy":"category","embeddable":true,"href":"https:\/\/www.europesays.com\/fr\/wp-json\/wp\/v2\/categories?post=242249"},{"taxonomy":"post_tag","embeddable":true,"href":"https:\/\/www.europesays.com\/fr\/wp-json\/wp\/v2\/tags?post=242249"}],"curies":[{"name":"wp","href":"https:\/\/api.w.org\/{rel}","templated":true}]}}