{"id":24226,"date":"2025-04-14T12:23:10","date_gmt":"2025-04-14T12:23:10","guid":{"rendered":"https:\/\/www.europesays.com\/fr\/24226\/"},"modified":"2025-04-14T12:23:10","modified_gmt":"2025-04-14T12:23:10","slug":"un-homme-de-28-ans-abattu-par-balles-par-deux-hommes-a-scooter","status":"publish","type":"post","link":"https:\/\/www.europesays.com\/fr\/24226\/","title":{"rendered":"un homme de 28 ans abattu par balles par deux hommes \u00e0 scooter"},"content":{"rendered":"<p>La victime avait d\u00e9j\u00e0 \u00e9t\u00e9 condamn\u00e9e \u00e0 plusieurs reprises, notamment pour des d\u00e9lits routiers, des faits de violences aggrav\u00e9es et des infractions \u00e0 la l\u00e9gislation sur les stup\u00e9fiants.<\/p>\n<p class=\"fig-paragraph\">Un homme a \u00e9t\u00e9 tu\u00e9 par balles dans la nuit de vendredi \u00e0 samedi \u00e0 Nice, apparemment sur fond de\u00a0<a href=\"http:\/\/www.lefigaro.fr\/nice\/reglement-de-comptes-a-nice-le-tireur-un-marseillais-de-20-ans-avait-ete-recrute-contre-2000-euros-20250205\" data-fig-type=\"NewsFlash\" data-gtm-custom-categorie=\"navigation\" data-gtm-custom-action=\"crossclick\" data-gtm-custom-label=\"Contextuel\" data-gtm-event=\"customEventSPE\" data-fig-domain=\"LEFIGARO\" target=\"_blank\" rel=\"noopener\">trafic de stup\u00e9fiants<\/a>, a appris l&rsquo;AFP aupr\u00e8s du parquet de la ville.<\/p>\n<p class=\"fig-paragraph\">L&rsquo;homicide a \u00e9t\u00e9 commis dans le quartier Pasteur, a indiqu\u00e9 dans un communiqu\u00e9 le procureur de la R\u00e9publique\u00a0<a href=\"http:\/\/www.lefigaro.fr\/nice\/a-nice-le-procureur-de-la-republique-alerte-sur-l-explosion-de-la-delinquance-des-mineurs-depuis-janvier-20241008\" data-fig-type=\"NewsFlash\" data-gtm-custom-categorie=\"navigation\" data-gtm-custom-action=\"crossclick\" data-gtm-custom-label=\"Contextuel\" data-gtm-event=\"customEventSPE\" data-fig-domain=\"LEFIGARO\" target=\"_blank\" rel=\"noopener\">Damien Martinelli<\/a>, pr\u00e9cisant que la victime, \u00e2g\u00e9e de 28 ans, \u00e9tait \u00abporteuse d&rsquo;\u00e9l\u00e9ments susceptibles d&rsquo;\u00eatre en lien avec des faits de trafic de stup\u00e9fiants\u00bb. \u00abLes premi\u00e8res constatations m\u00e9dico-l\u00e9gales permettaient la mise en \u00e9vidence de six impacts l\u00e9sionnels par balle, dix \u00e9tuis de calibre 9 mm \u00e9tant retrouv\u00e9s sur place\u00bb, poursuit le magistrat.<\/p>\n<p>R\u00e8glements de comptes<\/p>\n<p class=\"fig-paragraph\">Selon une source polici\u00e8re, la victime a \u00e9t\u00e9 tu\u00e9e par deux individus circulant \u00e0 scooter vers 00H45 qui l&rsquo;ont mortellement touch\u00e9 au torse et \u00e0 la gorge. La victime avait par ailleurs d\u00e9j\u00e0 \u00e9t\u00e9 condamn\u00e9e \u00e0 plusieurs reprises notamment pour des d\u00e9lits routiers, des faits de violences aggrav\u00e9es et des infractions \u00e0 la l\u00e9gislation sur les stup\u00e9fiants. L&rsquo;enqu\u00eate pour \u00abhomicide en bande organis\u00e9e et association de malfaiteurs\u00bb a \u00e9t\u00e9 confi\u00e9e \u00e0 la police judiciaire locale. Le quartier Pasteur, situ\u00e9 dans l&rsquo;est de la ville, se trouve non loin de points de deal, th\u00e9\u00e2tres r\u00e9cents\u00a0<a href=\"http:\/\/www.lefigaro.fr\/nice\/nice-nouvelle-fusillade-sur-fond-de-narcotrafic-une-kalachnikov-decouverte-dans-un-espace-vert-20250120\" data-fig-type=\"NewsFlash\" data-gtm-custom-categorie=\"navigation\" data-gtm-custom-action=\"crossclick\" data-gtm-custom-label=\"Contextuel\" data-gtm-event=\"customEventSPE\" data-fig-domain=\"LEFIGARO\" target=\"_blank\" rel=\"noopener\">de r\u00e8glements de comptes<\/a>.<\/p>\n","protected":false},"excerpt":{"rendered":"La victime avait d\u00e9j\u00e0 \u00e9t\u00e9 condamn\u00e9e \u00e0 plusieurs reprises, notamment pour des d\u00e9lits routiers, des faits de violences&hellip;\n","protected":false},"author":2,"featured_media":24227,"comment_status":"","ping_status":"","sticky":false,"template":"","format":"standard","meta":{"footnotes":""},"categories":[4],"tags":[11,2898,2829,2971,2972,2973,2974,2975,6017,1011,27,2969,2970,2987,2980,777,8721,12,2897,2976,2977,2978,2985,2986,2979,2981,2982,2983,2984,2991,2992,2993,2994,2996,2997,2998,2999,3000,3001,3002,2995,3003,3004,3005,3007,2268,25,2988,2989,2990,2968,3006],"class_list":{"0":"post-24226","1":"post","2":"type-post","3":"status-publish","4":"format-standard","5":"has-post-thumbnail","7":"category-france","8":"tag-actualites","9":"tag-alpes-maritimes","10":"tag-baumettes","11":"tag-carabacel","12":"tag-caucade","13":"tag-cimiez","14":"tag-cremat","15":"tag-fabron","16":"tag-fait-divers","17":"tag-fr","18":"tag-france","19":"tag-larenas","20":"tag-lariane","21":"tag-le-ray","22":"tag-lingostiere","23":"tag-meurtre","24":"tag-narcotrafic","25":"tag-news","26":"tag-nice-cote-dazur","27":"tag-nice-gairaut","28":"tag-nice-gambetta","29":"tag-nice-jean-medecin","30":"tag-nice-le-piol","31":"tag-nice-le-port","32":"tag-nice-liberation","33":"tag-nice-magnan","34":"tag-nice-mantega-mont-boron","35":"tag-nice-pasteur","36":"tag-nice-pessicart","37":"tag-nice-rue-de-france","38":"tag-nice-saint-antoine","39":"tag-nice-saint-augustin","40":"tag-nice-saint-isidore","41":"tag-nice-saint-maurice","42":"tag-nice-saint-pancrace","43":"tag-nice-saint-philippe","44":"tag-nice-saint-pierre-de-feric","45":"tag-nice-saint-roch","46":"tag-nice-saint-roman-de-bellet","47":"tag-nice-saint-sylvestre","48":"tag-nice-sainte-marguerite","49":"tag-nice-thiers","50":"tag-nice-ventabrun","51":"tag-nice-vernier","52":"tag-nice-vinaigrier","53":"tag-ogc-nice","54":"tag-republique-francaise","55":"tag-rimiez","56":"tag-riquier","57":"tag-roquebilliere","58":"tag-sud-est","59":"tag-vieux-nice"},"share_on_mastodon":{"url":"","error":"Validation failed: Text character limit of 500 exceeded"},"_links":{"self":[{"href":"https:\/\/www.europesays.com\/fr\/wp-json\/wp\/v2\/posts\/24226","targetHints":{"allow":["GET"]}}],"collection":[{"href":"https:\/\/www.europesays.com\/fr\/wp-json\/wp\/v2\/posts"}],"about":[{"href":"https:\/\/www.europesays.com\/fr\/wp-json\/wp\/v2\/types\/post"}],"author":[{"embeddable":true,"href":"https:\/\/www.europesays.com\/fr\/wp-json\/wp\/v2\/users\/2"}],"replies":[{"embeddable":true,"href":"https:\/\/www.europesays.com\/fr\/wp-json\/wp\/v2\/comments?post=24226"}],"version-history":[{"count":0,"href":"https:\/\/www.europesays.com\/fr\/wp-json\/wp\/v2\/posts\/24226\/revisions"}],"wp:featuredmedia":[{"embeddable":true,"href":"https:\/\/www.europesays.com\/fr\/wp-json\/wp\/v2\/media\/24227"}],"wp:attachment":[{"href":"https:\/\/www.europesays.com\/fr\/wp-json\/wp\/v2\/media?parent=24226"}],"wp:term":[{"taxonomy":"category","embeddable":true,"href":"https:\/\/www.europesays.com\/fr\/wp-json\/wp\/v2\/categories?post=24226"},{"taxonomy":"post_tag","embeddable":true,"href":"https:\/\/www.europesays.com\/fr\/wp-json\/wp\/v2\/tags?post=24226"}],"curies":[{"name":"wp","href":"https:\/\/api.w.org\/{rel}","templated":true}]}}