{"id":242261,"date":"2025-07-11T10:45:12","date_gmt":"2025-07-11T10:45:12","guid":{"rendered":"https:\/\/www.europesays.com\/fr\/242261\/"},"modified":"2025-07-11T10:45:12","modified_gmt":"2025-07-11T10:45:12","slug":"pres-de-paris-les-derniers-pigeons-militaires-deurope-senvolent-toujours","status":"publish","type":"post","link":"https:\/\/www.europesays.com\/fr\/242261\/","title":{"rendered":"Pr\u00e8s de Paris, les derniers pigeons militaires d&rsquo;Europe s&rsquo;envolent toujours"},"content":{"rendered":"<p>\u00ab\u00a0Ce pigeon-ci, c&rsquo;est le 193.529, un pigeon de 2017, le premier pigeon que j&rsquo;ai badg\u00e9\u00a0\u00bb : dans la forteresse du Mont-Val\u00e9rien, \u00e0 Suresnes (ouest de Paris), se trouve le dernier colombier militaire d&rsquo;Europe, jadis utilis\u00e9 par l&rsquo;arm\u00e9e pour transmettre des messages.<\/p>\n<p>\u00ab\u00a0C&rsquo;est un pigeon voyageur, un pigeon qui aurait pu servir \u00e0 transmettre des messages pendant la Premi\u00e8re et la Deuxi\u00e8me Guerre mondiale\u00a0\u00bb, explique le mar\u00e9chal des logis Sylvain \u00e0 l&rsquo;AFP, tout en tentant de maintenir l&rsquo;oiseau qui s&rsquo;agite entre ses mains.<\/p>\n<p>\u00ab\u00a0C&rsquo;est maintenant un pigeon de concours\u00a0\u00bb, pr\u00e9cise le militaire du 8e r\u00e9giment de transmissions, qui n&rsquo;a pas le droit de r\u00e9v\u00e9ler son nom de famille : les pigeons voyageurs h\u00e9berg\u00e9s dans la forteresse militaire n&rsquo;ont plus aucune \u00ab\u00a0fonction de messager\u00a0\u00bb.<\/p>\n<p>Les progr\u00e8s technologiques ont eu raison de leur r\u00f4le de messagers de l&rsquo;arm\u00e9e fran\u00e7aise, capables de revenir vers le colombier o\u00f9 ils ont \u00e9t\u00e9 entra\u00een\u00e9s gr\u00e2ce \u00e0 leur GPS naturel et \u00e0 leurs sens aiguis\u00e9s.<\/p>\n<p>Naviguant entre la dizaine de voli\u00e8res qui abritent l&rsquo;ensemble des pigeons \u2014 pigeons de vitesse, pigeons voyageurs&#8230; \u2014 de la forteresse du Mont-Val\u00e9rien surplombant Paris, le mar\u00e9chal des logis, la quarantaine et lui-m\u00eame petit-fils de colombophile \u2014 nom donn\u00e9 aux dresseurs de pigeons voyageurs \u2014 s&rsquo;active pour v\u00e9rifier la sant\u00e9 de chaque volatile, nettoyer leurs abris, les nourrir et les soigner en cas de besoin.<\/p>\n<p>&#8211; Exploit historique &#8211;<\/p>\n<p>Le sous-officier s&rsquo;occupe notamment de pr\u00e8s de 200 pigeons voyageurs, qui servent aux concours de colombophilie, aux l\u00e2chers lors de c\u00e9r\u00e9monies ou encore aux pr\u00e9sentations lors de visites des lieux.<\/p>\n<p>Si le recours aux pigeons voyageurs remonte \u00e0 l&rsquo;Antiquit\u00e9, c&rsquo;est surtout dans les ann\u00e9es 1870 que l&rsquo;arm\u00e9e fran\u00e7aise en fait officiellement un outil de communication, avec la cr\u00e9ation d&rsquo;un \u00ab\u00a0service de colombophilie aux arm\u00e9es\u00a0\u00bb pendant la guerre franco-prussienne et l&rsquo;utilisation des pigeongrammes, ces photographies microfilm\u00e9es destin\u00e9es \u00e0 \u00eatre transport\u00e9es par pigeon voyageur.<\/p>\n<p>S&rsquo;ensuit alors une utilisation accrue des pigeons voyageurs durant les deux conflits mondiaux\u00a0en tant que \u00ab\u00a0relais\u00a0\u00bb, lorsque \u00ab\u00a0les moyens modernes atteignaient leurs limites, que les bombardements avaient arrach\u00e9 des fils de t\u00e9l\u00e9phone\u00a0\u00bb ou \u00ab\u00a0emp\u00eachaient d&rsquo;utiliser les moyens optiques\u00a0\u00bb, raconte le mar\u00e9chal des logis Sylvain.<\/p>\n<p>Bien que moyens secondaires, les pigeons voyageurs ont parfois r\u00e9alis\u00e9 des exploits notables, \u00e0 l&rsquo;instar de Gustav, \u00ab\u00a0le premier pigeon qui a transmis un message des plages du D\u00e9barquement le 6 juin 1944\u00a0\u00bb.<\/p>\n<p>Fra\u00eechement d\u00e9barqu\u00e9 en Normandie d&rsquo;un navire anglais, alors que toutes les communications radio sont coup\u00e9es, le pigeon voyageur repart en Grande-Bretagne, message \u00e0 la patte, ce qui lui vaudra d&rsquo;\u00eatre r\u00e9compens\u00e9 de la m\u00e9daille Dickin, une d\u00e9coration militaire animali\u00e8re.<\/p>\n<p>&#8211; Cages de Faraday &#8211;<\/p>\n<p>La colombophilie militaire fran\u00e7aise s&rsquo;\u00e9teint progressivement, les derniers recours aux pigeons voyageurs datant de la guerre d&rsquo;Alg\u00e9rie, jusqu&rsquo;\u00e0 prendre officiellement fin en 1961, lorsque le g\u00e9n\u00e9ral De Gaulle ordonne la dissolution du dernier colombier militaire op\u00e9rationnel de France.<\/p>\n<p>L&rsquo;arm\u00e9e consid\u00e9rant que \u00ab\u00a0les moyens techniques de l&rsquo;\u00e9poque \u00e9taient suffisants\u00a0\u00bb, les pigeons ont perdu leur fonction militaire, tout en continuant \u00e0 \u00eatre form\u00e9s \u00e0 la transmission de messages durant quelques ann\u00e9es, par crainte d&rsquo;une \u00ab\u00a0attaque par impulsion \u00e9lectromagn\u00e9tique qui aurait d\u00e9truit les moyens de communication \u00e9lectroniques de l&rsquo;arm\u00e9e fran\u00e7aise\u00a0\u00bb, pr\u00e9cise le mar\u00e9chal des logis Sylvain.<\/p>\n<p>\u00ab\u00a0Officiellement, je n&rsquo;ai aucun ordre selon lequel les pigeons doivent \u00eatre form\u00e9s \u00e0 la transmission de messages\u00a0\u00bb car \u00ab\u00a0il n&rsquo;y a aucun risque de black-out national\u00a0\u00bb, l&rsquo;ensemble des communications \u00e9tant prot\u00e9g\u00e9es par des cages de Faraday, bloquant\u00a0les champs \u00e9lectromagn\u00e9tiques.<\/p>\n<p>Le maintien du savoir-faire du colombier est avant tout un hommage \u00ab\u00a0pour la repr\u00e9sentation de l&rsquo;arm\u00e9e\u00a0\u00bb, que ce soit \u00e0 travers les visites du mus\u00e9e, les concours de colombophilie ou lors des c\u00e9r\u00e9monies militaires.<\/p>\n<p>tez\/mra\/dab\/thm<\/p>\n","protected":false},"excerpt":{"rendered":"\u00ab\u00a0Ce pigeon-ci, c&rsquo;est le 193.529, un pigeon de 2017, le premier pigeon que j&rsquo;ai badg\u00e9\u00a0\u00bb : dans la&hellip;\n","protected":false},"author":2,"featured_media":242262,"comment_status":"","ping_status":"","sticky":false,"template":"","format":"standard","meta":{"footnotes":""},"categories":[1888],"tags":[1111,1928,11,1927,38182,1777,674,1011,27,14509,38179,38181,12,1926,626,1925,38180,25],"class_list":{"0":"post-242261","1":"post","2":"type-post","3":"status-publish","4":"format-standard","5":"has-post-thumbnail","7":"category-paris","8":"tag-actu","9":"tag-actu-paris","10":"tag-actualites","11":"tag-actualites-paris","12":"tag-cages-de-faraday","13":"tag-eu","14":"tag-europe","15":"tag-fr","16":"tag-france","17":"tag-larmee-francaise","18":"tag-marechal-des-logis","19":"tag-mont-valerien","20":"tag-news","21":"tag-news-paris","22":"tag-paris","23":"tag-paris-news","24":"tag-pigeon-voyageur","25":"tag-republique-francaise"},"share_on_mastodon":{"url":"https:\/\/pubeurope.com\/@fr\/114834199344691924","error":""},"_links":{"self":[{"href":"https:\/\/www.europesays.com\/fr\/wp-json\/wp\/v2\/posts\/242261","targetHints":{"allow":["GET"]}}],"collection":[{"href":"https:\/\/www.europesays.com\/fr\/wp-json\/wp\/v2\/posts"}],"about":[{"href":"https:\/\/www.europesays.com\/fr\/wp-json\/wp\/v2\/types\/post"}],"author":[{"embeddable":true,"href":"https:\/\/www.europesays.com\/fr\/wp-json\/wp\/v2\/users\/2"}],"replies":[{"embeddable":true,"href":"https:\/\/www.europesays.com\/fr\/wp-json\/wp\/v2\/comments?post=242261"}],"version-history":[{"count":0,"href":"https:\/\/www.europesays.com\/fr\/wp-json\/wp\/v2\/posts\/242261\/revisions"}],"wp:featuredmedia":[{"embeddable":true,"href":"https:\/\/www.europesays.com\/fr\/wp-json\/wp\/v2\/media\/242262"}],"wp:attachment":[{"href":"https:\/\/www.europesays.com\/fr\/wp-json\/wp\/v2\/media?parent=242261"}],"wp:term":[{"taxonomy":"category","embeddable":true,"href":"https:\/\/www.europesays.com\/fr\/wp-json\/wp\/v2\/categories?post=242261"},{"taxonomy":"post_tag","embeddable":true,"href":"https:\/\/www.europesays.com\/fr\/wp-json\/wp\/v2\/tags?post=242261"}],"curies":[{"name":"wp","href":"https:\/\/api.w.org\/{rel}","templated":true}]}}