{"id":242267,"date":"2025-07-11T10:48:11","date_gmt":"2025-07-11T10:48:11","guid":{"rendered":"https:\/\/www.europesays.com\/fr\/242267\/"},"modified":"2025-07-11T10:48:11","modified_gmt":"2025-07-11T10:48:11","slug":"defense-la-russie-a-designe-la-france-comme-son-principal-adversaire-en-europe","status":"publish","type":"post","link":"https:\/\/www.europesays.com\/fr\/242267\/","title":{"rendered":"D\u00e9fense. La Russie a d\u00e9sign\u00e9 la France comme \u00ab son principal adversaire en Europe \u00bb"},"content":{"rendered":"<p>Dans une rare conf\u00e9rence de presse donn\u00e9e ce vendredi, le chef d&rsquo;\u00e9tat-major fran\u00e7ais Thierry Burkhard s&rsquo;est voulu\u00a0tr\u00e8s clair\u00a0: \u00ab\u00a0La Russie a ouvertement d\u00e9sign\u00e9 la France comme son premier adversaire en Europe\u00a0\u00bb,\u00a0en l&rsquo;expliquant notamment par le soutien de Paris \u00e0 l&rsquo;Ukraine.<\/p>\n<p>  \u00ab Puissance de nuisance \u00bb<\/p>\n<p>\u00ab C&rsquo;est (Vladimir) Poutine qui a dit \u00bb cela, a soulign\u00e9 le g\u00e9n\u00e9ral Burkhard lors d&rsquo;une rare conf\u00e9rence de presse. \u00ab Cela ne pas dire qu&rsquo;il s&rsquo;occupe pas des autres pays et cela ne veut pas dire qu&rsquo;il ne s&rsquo;occupe que de nous \u00bb, par des actions hybrides, a-t-il ajout\u00e9.<\/p>\n<p>La France, puissance nucl\u00e9aire prot\u00e9g\u00e9e par sa dissuasion, n&rsquo;est pas menac\u00e9e de \u00ab se faire attaquer directement et lourdement sur le territoire national \u00bb, mais la Russie a \u00ab beaucoup d&rsquo;autres options \u00bb via des actions hybrides, incluant d\u00e9sinformation, cyberattaques ou espionnage, a-t-il fait valoir.<\/p>\n<p>\u00ab Puissance de nuisance \u00bb, la Russie \u00ab est partie prenante de toutes les menaces \u00bb, que ce soit les sabotages d&rsquo;infrastructures sous-marines, les campagnes de d\u00e9sinformation en France ou en Afrique, des actes d&rsquo;espionnage, ou encore dans l&rsquo;espace, avec \u00ab les manoeuvres de satellites russes soit pour g\u00eaner nos trajectoires de satellites, soit pour s&rsquo;approcher pour les brouiller, soit pour s&rsquo;approcher pour les espionner \u00bb.<\/p>\n<p>  \u00ab\u00a0Les frictions, les interactions sont fr\u00e9quentes \u00bb<\/p>\n<p>S&rsquo;agissant des espaces maritimes, le haut grad\u00e9 a \u00e9voqu\u00e9 \u00ab les sous-marins nucl\u00e9aires d&rsquo;attaque russe qui r\u00e9guli\u00e8rement p\u00e9n\u00e8trent en Atlantique Nord et ensuite descendent quelquefois en M\u00e9diterran\u00e9e et qui cherchent \u00e9videmment \u00e0 surveiller les zones qui sont importantes pour nous mais \u00e9galement chez les Britanniques \u00bb, un autre soutien majeur de l&rsquo;Ukraine et une cible importante pour Moscou.<\/p>\n<p>\u00ab Dans les airs, les frictions, les interactions sont fr\u00e9quentes \u00bb, avec les a\u00e9ronefs russes, a-t-il \u00e9galement soulign\u00e9, en mer Noire, \u00ab au-dessus de la Syrie \u00bb, en M\u00e9diterran\u00e9e, \u00ab quelquefois assez loin en Atlantique Nord \u00bb.<\/p>\n","protected":false},"excerpt":{"rendered":"Dans une rare conf\u00e9rence de presse donn\u00e9e ce vendredi, le chef d&rsquo;\u00e9tat-major fran\u00e7ais Thierry Burkhard s&rsquo;est voulu\u00a0tr\u00e8s clair\u00a0:&hellip;\n","protected":false},"author":2,"featured_media":242268,"comment_status":"","ping_status":"","sticky":false,"template":"","format":"standard","meta":{"footnotes":""},"categories":[1591],"tags":[11,3206,1887,107,329,12,1885,1886,132],"class_list":{"0":"post-242267","1":"post","2":"type-post","3":"status-publish","4":"format-standard","5":"has-post-thumbnail","7":"category-russie","8":"tag-actualites","9":"tag-defense-guerre-conflit","10":"tag-federation-de-russie","11":"tag-fil-info","12":"tag-france-monde","13":"tag-news","14":"tag-russia","15":"tag-russian-federation","16":"tag-russie"},"share_on_mastodon":{"url":"https:\/\/pubeurope.com\/@fr\/114834211015769533","error":""},"_links":{"self":[{"href":"https:\/\/www.europesays.com\/fr\/wp-json\/wp\/v2\/posts\/242267","targetHints":{"allow":["GET"]}}],"collection":[{"href":"https:\/\/www.europesays.com\/fr\/wp-json\/wp\/v2\/posts"}],"about":[{"href":"https:\/\/www.europesays.com\/fr\/wp-json\/wp\/v2\/types\/post"}],"author":[{"embeddable":true,"href":"https:\/\/www.europesays.com\/fr\/wp-json\/wp\/v2\/users\/2"}],"replies":[{"embeddable":true,"href":"https:\/\/www.europesays.com\/fr\/wp-json\/wp\/v2\/comments?post=242267"}],"version-history":[{"count":0,"href":"https:\/\/www.europesays.com\/fr\/wp-json\/wp\/v2\/posts\/242267\/revisions"}],"wp:featuredmedia":[{"embeddable":true,"href":"https:\/\/www.europesays.com\/fr\/wp-json\/wp\/v2\/media\/242268"}],"wp:attachment":[{"href":"https:\/\/www.europesays.com\/fr\/wp-json\/wp\/v2\/media?parent=242267"}],"wp:term":[{"taxonomy":"category","embeddable":true,"href":"https:\/\/www.europesays.com\/fr\/wp-json\/wp\/v2\/categories?post=242267"},{"taxonomy":"post_tag","embeddable":true,"href":"https:\/\/www.europesays.com\/fr\/wp-json\/wp\/v2\/tags?post=242267"}],"curies":[{"name":"wp","href":"https:\/\/api.w.org\/{rel}","templated":true}]}}