{"id":242273,"date":"2025-07-11T10:51:09","date_gmt":"2025-07-11T10:51:09","guid":{"rendered":"https:\/\/www.europesays.com\/fr\/242273\/"},"modified":"2025-07-11T10:51:09","modified_gmt":"2025-07-11T10:51:09","slug":"la-france-et-le-royaume-uni-a-la-rescousse-du-starlink-europeen","status":"publish","type":"post","link":"https:\/\/www.europesays.com\/fr\/242273\/","title":{"rendered":"la France et le Royaume-Uni \u00e0 la rescousse du Starlink europ\u00e9en"},"content":{"rendered":"<p>Les deux pays vont participer \u00e0 une op\u00e9ration de financement qui permettra \u00e0 Eutelsat de trouver une solution face \u00e0 son endettement de plus de 2,6 milliards d\u2019euros.<\/p>\n<p>Pour que l\u2019Europe obtienne <a href=\"https:\/\/www.01net.com\/actualites\/eutelsat-pour-remplacer-starlink-en-italie-cest-pas-gagne.html\" target=\"_blank\" rel=\"noopener\">son autonomie<\/a> sur les syst\u00e8mes de communications par satellite, il va falloir compter sur Eutelsat. Or l\u2019op\u00e9rateur fran\u00e7ais est fortement endett\u00e9, avec 2,6 milliards d\u2019euros de manque \u00e0 la fin 2024 selon ses propres comptes, limitant ses capacit\u00e9s de d\u00e9veloppement. Une lev\u00e9e de fonds a donc \u00e9t\u00e9 organis\u00e9e et le pr\u00e9sident fran\u00e7ais Emmanuel Macron a annonc\u00e9, le 10 juillet, que le Royaume-Uni rejoindrait la table pour investir \u00e0 hauteur de 163 millions d\u2019euros.<\/p>\n<p>La France serait en voie pour d\u00e9bourser 717 millions d\u2019euros et l\u2019objectif serait d\u2019atteindre un total de 1,35 milliard d\u2019euros de contributions. Avec l\u2019arriv\u00e9e du Royaume-Uni, le montant total serait d\u00e9sormais de 1,5 milliard d\u2019euros. \u00ab\u00a0Cette participation suppl\u00e9mentaire de la part d\u2019un autre actionnaire de r\u00e9f\u00e9rence portera \u00e0 1,5 milliard d\u2019euros le montant total de l\u2019augmentation de capital envisag\u00e9e, consolidant ainsi la mise en \u0153uvre de la strat\u00e9gie \u00e0 long terme d\u2019Eutelsat\u00a0\u00bb, affirme le groupe fran\u00e7ais.<\/p>\n<blockquote class=\"twitter-tweet\" data-width=\"500\" data-dnt=\"true\">\n<p lang=\"en\" dir=\"ltr\">Thanks to our British friends as they continue to follow us on the Eutelsat adventure! We\u2019re over the moon to keep going with you.<\/p>\n<p>Together we go further!<\/p>\n<p>\u2014 Emmanuel Macron (@EmmanuelMacron) <a href=\"https:\/\/twitter.com\/EmmanuelMacron\/status\/1943203088392753480?ref_src=twsrc%5Etfw\" target=\"_blank\" rel=\"noopener\">July 10, 2025<\/a><\/p>\n<\/blockquote>\n<p>Dans le d\u00e9tail, le Royaume-Uni se participer \u00e0 ce tour de financement si l\u2019Etat ne voulait pas voir ses parts \u00eatre dilu\u00e9es dans la soci\u00e9t\u00e9. Avec ses 163 millions d\u2019euros investis, le Royaume-Uni conservera une participation de 10,89\u00a0% dans Eutelsat. Les autres participants \u00e0 l\u2019op\u00e9ration sont des acteurs priv\u00e9s comme l\u2019armateur marseillais CMA CGM et le groupe indien Bharti Space.<\/p>\n<p> Un relent d\u2019int\u00e9r\u00eat pour Eutelsat et les alternatives \u00e0 Starlink <\/p>\n<p>Malgr\u00e9 sa taille minuscule <a href=\"https:\/\/www.01net.com\/astuces\/prix-starlink-abonnement-forfait.html\" target=\"_blank\" rel=\"noopener\">face \u00e0 Starlink<\/a>, Eutelsat est le troisi\u00e8me exploitant mondial de satellites, avec 653 engins plac\u00e9s sur une orbite \u00e0 1\u00a0200 kilom\u00e8tres d\u2019altitude. Elle poss\u00e8de aussi des satellites g\u00e9ostationnaires au nombre de 36, positionn\u00e9s \u00e0 pr\u00e8s de 36\u00a0000 kilom\u00e8tres de la Terre. Il peut d\u00e9sormais compter sur un lanceur europ\u00e9en, Ariane 6, qui doit acc\u00e9l\u00e9rer dans ses lancements commerciaux cette ann\u00e9e 2025.<\/p>\n<p>\u00c0 l\u2019annonce de son augmentation de capital, fin juin, Eutelsat avait satisfait les investisseurs qui s\u2019empressaient d\u2019acheter des actions de l\u2019entreprise en Bourse. Au m\u00eame moment, <a href=\"https:\/\/www.01net.com\/actualites\/5x-plus-rapide-starlink-chine-pulverise-record-debit-internet-satellite.html\" target=\"_blank\" rel=\"noopener\">la Chine r\u00e9alisait une d\u00e9monstration de force<\/a> avec une nouvelle technologie par signal laser, permettant d\u2019offrir un d\u00e9bit de connexion encore plus important que celui de Starlink avec un satellite g\u00e9ostationnaire. Un coup de pub pour les alternatives \u00e0 Starlink, y compris pour les dispositifs g\u00e9ostationnaires.<\/p>\n<p>Eutelsat a un objectif avec un partenaire luxembourgeois, SES, <a href=\"https:\/\/www.01net.com\/actualites\/iris%C2%B2-constellation-europeenne-satellites-phase-decollage.html\" target=\"_blank\" rel=\"noopener\">appel\u00e9 IRIS2<\/a>. Avec lui, le but serait de lancer un syst\u00e8me de communication par satellite enti\u00e8rement souverain, \u00ab\u00a0pilier essentiel\u00a0\u00bb dans l\u2019autonomie spatiale de l\u2019Europe. La nouvelle constellation de satellites est attendue pour 2030 avec 264 satellites en orbite basse et 18 satellites en orbite moyenne (8\u00a0000 kilom\u00e8tres d\u2019altitude). Elle ne sera donc pas une m\u00e9ga-constellation comme Starlink, Kuiper ou encore Guowang en Chine.<\/p>\n<p>Pour se lancer, le consortium SpaceRISE du projet IRIS2 compte sur un contrat de concession de 10,6 milliards d\u2019euros, 60\u00a0% provenant de fonds publics europ\u00e9ens et les 40\u00a0% restants \u00e9tant assum\u00e9s par les trois membres du consortium (Eutelsat, SES et l\u2019espagnol Hispasat).<\/p>\n<blockquote>\n<p class=\"text-base text-neutral-700 dark:text-neutral-300\">\ud83d\udd34 Pour ne manquer aucune actualit\u00e9 de 01net, suivez-nous sur <a href=\"https:\/\/news.google.com\/publications\/CAAqBwgKMJPsvAswoIfUAw?hl=fr&amp;gl=FR&amp;ceid=FR%3Afr\" target=\"_blank\" rel=\"noopener\">Google Actualit\u00e9s<\/a> et <a href=\"https:\/\/whatsapp.com\/channel\/0029VaH5gKg6xCSG9nQQhQ1Z\" target=\"_blank\" rel=\"noopener\">WhatsApp<\/a>.<\/p>\n<\/blockquote>\n<p>              <script async src=\"https:\/\/platform.twitter.com\/widgets.js\" charset=\"utf-8\"><\/script><\/p>\n","protected":false},"excerpt":{"rendered":"Les deux pays vont participer \u00e0 une op\u00e9ration de financement qui permettra \u00e0 Eutelsat de trouver une solution&hellip;\n","protected":false},"author":2,"featured_media":242274,"comment_status":"","ping_status":"","sticky":false,"template":"","format":"standard","meta":{"footnotes":""},"categories":[1588],"tags":[11,386,1777,674,18157,3531,38183,6325,12,473,1853,4313,1851,1850,1852],"class_list":{"0":"post-242273","1":"post","2":"type-post","3":"status-publish","4":"format-standard","5":"has-post-thumbnail","7":"category-royaume-uni","8":"tag-actualites","9":"tag-espace","10":"tag-eu","11":"tag-europe","12":"tag-eutelsat","13":"tag-financement","14":"tag-internet-par-satellite","15":"tag-levee-de-fonds","16":"tag-news","17":"tag-royaume-uni","18":"tag-royaume-uni-de-grande-bretagne-et-dirlande-du-nord","19":"tag-satellite","20":"tag-uk","21":"tag-united-kingdom","22":"tag-united-kingdom-of-great-britain-and-northern-ireland"},"share_on_mastodon":{"url":"https:\/\/pubeurope.com\/@fr\/114834222780220749","error":""},"_links":{"self":[{"href":"https:\/\/www.europesays.com\/fr\/wp-json\/wp\/v2\/posts\/242273","targetHints":{"allow":["GET"]}}],"collection":[{"href":"https:\/\/www.europesays.com\/fr\/wp-json\/wp\/v2\/posts"}],"about":[{"href":"https:\/\/www.europesays.com\/fr\/wp-json\/wp\/v2\/types\/post"}],"author":[{"embeddable":true,"href":"https:\/\/www.europesays.com\/fr\/wp-json\/wp\/v2\/users\/2"}],"replies":[{"embeddable":true,"href":"https:\/\/www.europesays.com\/fr\/wp-json\/wp\/v2\/comments?post=242273"}],"version-history":[{"count":0,"href":"https:\/\/www.europesays.com\/fr\/wp-json\/wp\/v2\/posts\/242273\/revisions"}],"wp:featuredmedia":[{"embeddable":true,"href":"https:\/\/www.europesays.com\/fr\/wp-json\/wp\/v2\/media\/242274"}],"wp:attachment":[{"href":"https:\/\/www.europesays.com\/fr\/wp-json\/wp\/v2\/media?parent=242273"}],"wp:term":[{"taxonomy":"category","embeddable":true,"href":"https:\/\/www.europesays.com\/fr\/wp-json\/wp\/v2\/categories?post=242273"},{"taxonomy":"post_tag","embeddable":true,"href":"https:\/\/www.europesays.com\/fr\/wp-json\/wp\/v2\/tags?post=242273"}],"curies":[{"name":"wp","href":"https:\/\/api.w.org\/{rel}","templated":true}]}}