{"id":242275,"date":"2025-07-11T10:52:11","date_gmt":"2025-07-11T10:52:11","guid":{"rendered":"https:\/\/www.europesays.com\/fr\/242275\/"},"modified":"2025-07-11T10:52:11","modified_gmt":"2025-07-11T10:52:11","slug":"lallemagne-negocie-lachat-de-quinze-chasseurs-bombardiers-f-35a-supplementaires","status":"publish","type":"post","link":"https:\/\/www.europesays.com\/fr\/242275\/","title":{"rendered":"L&rsquo;Allemagne n\u00e9gocie l&rsquo;achat de quinze chasseurs-bombardiers F-35A suppl\u00e9mentaires"},"content":{"rendered":"<p><img fetchpriority=\"high\" decoding=\"async\" src=\"https:\/\/www.europesays.com\/fr\/wp-content\/uploads\/2025\/07\/f35-allemagne-20240607.jpg\" alt=\"\" width=\"600\" height=\"399\" class=\"alignnone size-full wp-image-76514\"  \/><\/p>\n<p>Cela fait des mois que l\u2019Association f\u00e9d\u00e9rale de l\u2019industrie a\u00e9rospatiale allemande [BDLI \u2013 Bundesverband der Deutschen Luft- und Raumfahrtindustrie], dirig\u00e9e par Michael Schoellhorn, le PDG d\u2019Airbus Defence &amp; Space, r\u00e9clame \u00e0 Berlin des financements pour le d\u00e9veloppement d\u2019un nouveau standard [dit \u00ab\u00a0Tranche 5\u00a0\u00bb ou \u00ab\u00a0T5\u00a0\u00bb] pour l\u2019avion de combat Eurofighter EF2000\/Typhoon. <\/p>\n<p>\u00ab\u00a0Sans cette Tranche 5, le maintien des savoir-faire technologiques pour la prochaine g\u00e9n\u00e9ration d\u2019avions de combat ne serait pas possible\u00a0\u00bb, estime en effet la BDLI. En clair, faute d\u2019une commande, la production d\u2019avions de combat pourrait \u00eatre mise en p\u00e9ril, ce qui se traduirait par une perte d\u2019emplois et de comp\u00e9tences ainsi que par un d\u00e9crochage technologique. Et cela remettrait en cause la capacit\u00e9 de l\u2019industrie a\u00e9rospatiale allemande \u00e0 participer au projet de Syst\u00e8me de combat a\u00e9rien du futur [SCAF]. <\/p>\n<p>D\u2019ailleurs, ce projet, lanc\u00e9 en 2017 et auquel s\u2019est jointe l\u2019Espagne, donne lieu \u00e0 de nouvelles tensions entre la France et l\u2019Allemagne, en particulier sur le mode de gouvernance du pilier n\u00b01, c\u2019est-\u00e0-dire sur le d\u00e9veloppement de l\u2019avion de combat de nouvelle g\u00e9n\u00e9ration [NGF \u2013 New Generation Fighter]. <\/p>\n<p>En effet, Dassault Aviation estime qu\u2019il n\u2019a pas tous les leviers n\u00e9cessaires pour tenir le r\u00f4le de ma\u00eetre d\u2019\u0153uvre qui lui a \u00e9t\u00e9 assign\u00e9 face aux filiales allemande et espagnole d\u2019Airbus Defence &amp; Space. Aussi plaide-t-il pour un changement de gouvernance et avoir la main sur 80 % du projet. <\/p>\n<p>Ce qui n\u2019est \u00e9videmment pas acceptable pour le gouvernement allemand, comme l\u2019a soulign\u00e9 le chancelier Friedrich Merz. \u00ab\u00a0Je tiens absolument \u00e0 ce que nous respections les accords conclus avec la France et l\u2019Espace au sujet du SCAF. Ce projet pourrait \u00eatre int\u00e9ressant pour la d\u00e9fense europ\u00e9enne. Nous avons besoin d\u2019un tel avion. [\u2026] Des discussions sont en cours en France. Nous avons d\u00e9cid\u00e9 de clarifier d\u00e9finitivement cette question dans les prochains mois. Les divergences de vues sur la composition de ce consortium ne sont pas encore r\u00e9solues. Mais je suis convaincu que nous r\u00e9ussirons\u00a0\u00bb, a-t-il d\u00e9clar\u00e9 lors d\u2019une conf\u00e9rence de presse, le 9 juillet. <\/p>\n<p>Quoi qu\u2019il en soit, et apr\u00e8s en avoir command\u00e9 trente-cinq exemplaires en 2022 pour permettre \u00e0 la Luftwaffe de maintenir sa participation aux plans nucl\u00e9aires de l\u2019Otan, c\u2019est de nouveau vers le F-35A de Lockheed Martin que Berlin \u00e0 l\u2019intention de se tourner. Ce qui n\u2019est gu\u00e8re surprenant \u00e9tant donn\u00e9 que, l\u2019an pass\u00e9, le minist\u00e8re allemand de la D\u00e9fense \u00e9tudiait d\u00e9j\u00e0 la possibilit\u00e9 d\u2019acqu\u00e9rir huit appareils de ce type. <\/p>\n<p>En tout cas, selon des informations de Politico, il est question d\u2019aller plus loin qu\u2019une commande pour huit avions de plus. <\/p>\n<p>\u00ab\u00a0Le gouvernement allemand pr\u00e9voit d\u2019acheter quinze avions de combat F-35 suppl\u00e9mentaires\u00a0\u00bb et de porter ainsi le format pr\u00e9vu de la flotte de \u00ab\u00a0trente-cinq \u00e0 cinquante\u00a0\u00bb appareils, <a href=\"https:\/\/www.politico.eu\/article\/germany-plan-buy-f35-fighter-jet-united-states\/\" target=\"_blank\" rel=\"noopener\">a r\u00e9v\u00e9l\u00e9<\/a> le site d\u2019information, en s\u2019appuyant sur les confidences faites par \u00ab\u00a0plusieurs personnes proches du dossier\u00a0\u00bb. Et d\u2019ajouter : \u00ab\u00a0Ces discussions sur un nouvel accord sur le F-35 marquent un changement notable pour Berlin, qui a publiquement d\u00e9fendu le SCAF comme un pilier de la souverainet\u00e9 europ\u00e9enne\u00a0\u00bb. <\/p>\n<p>Cela \u00e9tant, l\u2019Allemagne n\u2019est pas le seul pays de l\u2019Otan \u00e0 vouloir commander davantage de F-35A. Les Pays-Bas l\u2019ont pr\u00e9c\u00e9d\u00e9e sur cette voie\u2026 que la Belgique et le Danemark s\u2019appr\u00eatent \u00e9galement \u00e0 emprunter. <\/p>\n<p>Au niveau industriel, une nouvelle commande de Berlin pourrait faire les affaires de Rheinmetall, qui s\u2019est associ\u00e9 \u00e0 Lockheed Martin et \u00e0 Northrop Grumman pour produire au moins 400 sections centrale de fuselage de F-35 dans son usine de Weeze [Rh\u00e9nanie-du-Nord-Westphalie]\u2026 Mais pas celles d\u2019Airbus Defence &amp; Space. <\/p>\n<p>\u00ab\u00a0Si on utilise la hausse des d\u00e9penses de d\u00e9fense pour continuer \u00e0 acheter des produits standards aux \u00c9tats-Unis, nous renfor\u00e7ons notre d\u00e9pendance vis-\u00e0-vis des autres pays\u00a0\u00bb et \u00ab\u00a0l\u2019Allemagne, en particulier, doit prendre conscience que l\u2019Europe est menac\u00e9e et trop faible \u00e9conomiquement et militairement dans cette nouvelle \u00e8re de l\u2019histoire\u00a0\u00bb, avait d\u2019ores et d\u00e9j\u00e0 pr\u00e9venu Michael Schoellhorn, dans les pages du quotidien \u00ab\u00a0Augsburger Allgemeine\u00a0\u00bb, le 7 mars. <\/p>\n","protected":false},"excerpt":{"rendered":"Cela fait des mois que l\u2019Association f\u00e9d\u00e9rale de l\u2019industrie a\u00e9rospatiale allemande [BDLI \u2013 Bundesverband der Deutschen Luft- und&hellip;\n","protected":false},"author":2,"featured_media":242276,"comment_status":"","ping_status":"","sticky":false,"template":"","format":"standard","meta":{"footnotes":""},"categories":[1587],"tags":[11,672,1804,1805,1803,1777,38184,674,691,1801,1332,38185,12,1802,16560,29284],"class_list":{"0":"post-242275","1":"post","2":"type-post","3":"status-publish","4":"format-standard","5":"has-post-thumbnail","7":"category-allemagne","8":"tag-actualites","9":"tag-allemagne","10":"tag-bundesrepublik-deutschland","11":"tag-de","12":"tag-deutschland","13":"tag-eu","14":"tag-eurofighter-tranche-5","15":"tag-europe","16":"tag-f-35a","17":"tag-germany","18":"tag-lockheed-martin","19":"tag-luftwaffe","20":"tag-news","21":"tag-republique-federale-dallemagne","22":"tag-rheinmetall","23":"tag-scaf"},"share_on_mastodon":{"url":"https:\/\/pubeurope.com\/@fr\/114834226784576137","error":""},"_links":{"self":[{"href":"https:\/\/www.europesays.com\/fr\/wp-json\/wp\/v2\/posts\/242275","targetHints":{"allow":["GET"]}}],"collection":[{"href":"https:\/\/www.europesays.com\/fr\/wp-json\/wp\/v2\/posts"}],"about":[{"href":"https:\/\/www.europesays.com\/fr\/wp-json\/wp\/v2\/types\/post"}],"author":[{"embeddable":true,"href":"https:\/\/www.europesays.com\/fr\/wp-json\/wp\/v2\/users\/2"}],"replies":[{"embeddable":true,"href":"https:\/\/www.europesays.com\/fr\/wp-json\/wp\/v2\/comments?post=242275"}],"version-history":[{"count":0,"href":"https:\/\/www.europesays.com\/fr\/wp-json\/wp\/v2\/posts\/242275\/revisions"}],"wp:featuredmedia":[{"embeddable":true,"href":"https:\/\/www.europesays.com\/fr\/wp-json\/wp\/v2\/media\/242276"}],"wp:attachment":[{"href":"https:\/\/www.europesays.com\/fr\/wp-json\/wp\/v2\/media?parent=242275"}],"wp:term":[{"taxonomy":"category","embeddable":true,"href":"https:\/\/www.europesays.com\/fr\/wp-json\/wp\/v2\/categories?post=242275"},{"taxonomy":"post_tag","embeddable":true,"href":"https:\/\/www.europesays.com\/fr\/wp-json\/wp\/v2\/tags?post=242275"}],"curies":[{"name":"wp","href":"https:\/\/api.w.org\/{rel}","templated":true}]}}