{"id":242281,"date":"2025-07-11T10:55:12","date_gmt":"2025-07-11T10:55:12","guid":{"rendered":"https:\/\/www.europesays.com\/fr\/242281\/"},"modified":"2025-07-11T10:55:12","modified_gmt":"2025-07-11T10:55:12","slug":"la-russie-a-fait-de-la-france-lune-de-ses-cibles-prioritaires-declare-le-chef-detat-major-des-armees","status":"publish","type":"post","link":"https:\/\/www.europesays.com\/fr\/242281\/","title":{"rendered":"\u00ab\u00a0La Russie a fait de la France l&rsquo;une de ses cibles prioritaires\u00a0\u00bb, d\u00e9clare le chef d&rsquo;\u00e9tat-major des arm\u00e9es"},"content":{"rendered":"<ul class=\"jsx-862013697 ArticleChapo__List\">\n<li class=\"jsx-862013697 ArticleChapo__List_Item flex\">Le chef d&rsquo;\u00e9tat-major des arm\u00e9es Thierry Burkhard s&rsquo;exprimait ce vendredi 11 juillet.<\/li>\n<li class=\"jsx-862013697 ArticleChapo__List_Item flex\">Lors d&rsquo;une conf\u00e9rence de presse, un exercice rarissime pour lui, il a d\u00e9taill\u00e9 \u00ab\u00a0les menaces auxquelles la France fait face\u00a0\u00bb.<\/li>\n<li class=\"jsx-862013697 ArticleChapo__List_Item flex\">Revivez son intervention.<\/li>\n<\/ul>\n<p>Les \u00e9l\u00e9ments marquantsLA RUSSIE, UNE \u00ab\u00a0MENACE PROCHE\u00a0\u00bb11:26<br class=\"jsx-494582681\"\/> 11 juillet 2025<\/p>\n<p>\u00ab\u00a0La Russie a d\u00e9sign\u00e9 la France comme son premier adversaire en Europe. C&rsquo;est une menace durable, proche et, pour moi, la plus dimensionnant\u00a0\u00bb, s&rsquo;inqui\u00e8te Thierry Burkhard.<\/p>\n<p>\u00ab\u00a0Elle a tous les attributs d&rsquo;un \u00c9tat totalitaire. Elle se positionne plus en puissance de nuisance qu&rsquo;en puissance de construction.\u00a0\u00bb Pour le g\u00e9n\u00e9ral, l&rsquo;arm\u00e9e russe est \u00ab\u00a0compl\u00e8te\u00a0\u00bb et \u00ab\u00a0dispose de tout ce qu&rsquo;il faut\u00a0\u00bb sur le plan militaire pour mener ses op\u00e9rations. \u00ab\u00a0La Russie a une dissuasion nucl\u00e9aire compl\u00e8te\u00a0\u00bb, ajoute-t-il.<\/p>\n<p>\u00ab\u00a0Culturellement, son peuple peut endurer des choses qui nous paraissent inimaginables. Poutine a vraiment remis un endoctrinement tr\u00e8s fort des jeunes. (&#8230;) Le Kremlin a fait de la France une cible prioritaire\u00a0\u00bb, conclut-il.<\/p>\n<p>Minute par minute12:04<br class=\"jsx-494582681\"\/> 11 juillet 2025<\/p>\n<p>Ce live est \u00e0 pr\u00e9sent termin\u00e9.\u00a0<\/p>\n<p>Suivez nos directs du moment :DIRECT TERMIN\u00c912:04<br class=\"jsx-494582681\"\/> 11 juillet 2025<\/p>\n<p>Ce direct est \u00e0 pr\u00e9sent termin\u00e9. Merci de l&rsquo;avoir suivi avec nous.<\/p>\n<p>FIN DE LA CONF\u00c9RENCE DE PRESSE11:53<br class=\"jsx-494582681\"\/> 11 juillet 2025<\/p>\n<p>La conf\u00e9rence de presse du chef d&rsquo;\u00e9tat-major des arm\u00e9es est d\u00e9sormais termin\u00e9e.<\/p>\n<p>AFRIQUE11:44<br class=\"jsx-494582681\"\/> 11 juillet 2025<\/p>\n<p>En Afrique, \u00ab\u00a0il y a un vrai besoin de France\u00a0\u00bb, alors que les bases de l&rsquo;arm\u00e9e fran\u00e7aise ont \u00e9t\u00e9 ferm\u00e9es dans plusieurs pays. \u00ab\u00a0Les inconv\u00e9nients li\u00e9s \u00e0 notre pr\u00e9sence permanente \u00e9taient devenus insupportables. (&#8230;) On aboutira \u00e0 l&rsquo;\u00e9t\u00e9 sur le transfert de nos bases permanentes et \u00e0 l&rsquo;\u00e9tablissement d&rsquo;une relation \u00e9quilibr\u00e9e\u00a0\u00bb avec les pays africains. \u00ab\u00a0J&rsquo;estime qu&rsquo;on avance dans la bonne direction.\u00a0\u00bb<\/p>\n<p>UNE INVASION RUSSE EN FRANCE ?11:43<br class=\"jsx-494582681\"\/> 11 juillet 2025<\/p>\n<p>Le chef d&rsquo;\u00e9tat-major r\u00e9pond maintenant aux questions des journalistes. Il estime que la Russie ne va pas envahir prochainement la France.<\/p>\n<p>\u00ab\u00a0La France en Europe n&rsquo;est pas toute seule, il y a des outils de d\u00e9fense collective. Nous ne sommes pas le pays le plus menac\u00e9 directement\u00a0\u00bb par une invasion russe. \u00ab\u00a0\u00c0 d\u00e9faut de se faire attaquer lourdement sur le territoire national, il y a d&rsquo;autres options\u00a0\u00bb, rappelant les diff\u00e9rents champs de la guerre hybride. \u00ab\u00a0Notre objectif est d&rsquo;\u00e9viter la guerre.\u00a0\u00bb<\/p>\n<p>\u00ab\u00a0ACCOUTUMANCE \u00c0 LA VIOLENCE\u00a0\u00bb11:41<br class=\"jsx-494582681\"\/> 11 juillet 2025<\/p>\n<p>Selon Thierry Burkhard, le monde actuel est marqu\u00e9 par 4 marqueurs :<\/p>\n<p>&#8211; \u00ab\u00a0un emploi de la force d\u00e9sinhib\u00e9\u00a0\u00bb qui est pour beaucoup de pays \u00ab\u00a0le moyen le plus simple d&rsquo;obtenir des r\u00e9sultats\u00a0\u00bb ;<\/p>\n<p>&#8211; \u00ab\u00a0contestation de l&rsquo;Occident et de l&rsquo;ordre \u00e9tabli apr\u00e8s 1945\u00a0\u00bb avec une remise en cause du droit international dont Poutine est le leader ;<\/p>\n<p>&#8211; \u00ab\u00a0la puissance de l&rsquo;information\u00a0\u00bb, que ce soit sur le plan des renseignements ou de la guerre informationnelle ;<\/p>\n<p>&#8211; \u00ab\u00a0l&rsquo;impact du changement climatique, catalyseur du chaos\u00a0\u00bb.<\/p>\n<p>\u00ab\u00a0Je pense qu&rsquo;il faut qu&rsquo;on fasse tous preuve de lucidit\u00e9 et qu&rsquo;actuellement, il y a une forme d&rsquo;accoutumance \u00e0 la violence\u00a0\u00bb, d\u00e9clare le chef d&rsquo;\u00e9tat-major en conclusion de sa conf\u00e9rence de presse.<\/p>\n<p>\u00ab\u00a0D\u00c9MANTELER L&rsquo;OTAN\u00a0\u00bb11:36<br class=\"jsx-494582681\"\/> 11 juillet 2025<\/p>\n<p>\u00ab\u00a0L&rsquo;objectif de Poutine est de d\u00e9manteler l&rsquo;Otan\u00a0\u00bb gr\u00e2ce \u00e0 son \u00e9conomie de guerre, d\u00e9clare le chef d&rsquo;\u00e9tat-major des arm\u00e9es. Moscou conna\u00eet pourtant des pertes humaines \u00ab\u00a0incroyables\u00a0\u00bb. \u00ab\u00a0Si le point de sortie en Ukraine est une victoire russe, cela serait une vraie d\u00e9faite europ\u00e9enne qu&rsquo;on subirait. (&#8230;) On deviendrait des herbivores dans un monde de carnivores. La r\u00e9ponse doit donc \u00eatre europ\u00e9enne mais il faut conserver le lien avec les Am\u00e9ricains.\u00a0\u00bb<\/p>\n<p>\u00ab\u00a0Je ne crains pas un retrait total des Am\u00e9ricains sur le terrain\u00a0\u00bb, rassure Thierry Burkhard.<\/p>\n<p>UNE \u00ab\u00a0GUERRE HYBRIDE\u00a0\u00bb MEN\u00c9E PAR LA RUSSIE11:32<br class=\"jsx-494582681\"\/> 11 juillet 2025<\/p>\n<p>La Russie m\u00e8ne une \u00ab\u00a0guerre hybride\u00a0\u00bb selon le chef d&rsquo;\u00e9tat-major, dans l&rsquo;espace, dans les airs, dans les mers et sur le champ informationnel. Il reconna\u00eet une certaine \u00ab\u00a0efficacit\u00e9\u00a0\u00bb.<\/p>\n<p>La Russie \u00ab\u00a0g\u00eane la trajectoire et tente d&rsquo;espionner nos satellites\u00a0\u00bb dans l&rsquo;espace, d\u00e9clare Thierry Burkhard. \u00ab\u00a0En mer et sous les mers, les sous-marins d&rsquo;attaque russes viennent souvent en Atlantique et parfois en M\u00e9diterran\u00e9e et tentent d&rsquo;espionner les zones importantes pour nous\u00a0\u00bb, r\u00e9v\u00e8le-t-il. \u00ab\u00a0Cela est tr\u00e8s pr\u00e9ocuppant, ce sont des man\u0153uvres d&rsquo;intimidations.\u00a0\u00bb Les tensions sont aussi tr\u00e8s pr\u00e9sentes dans les airs mais \u00ab\u00a0les Russes avancent masqu\u00e9s\u00a0\u00bb.\u00a0<\/p>\n<p>\u00ab\u00a0Il ne faut pas non plus exclure des sabotages, comme ceux qui ont vis\u00e9s des usines d&rsquo;armement allemandes\u00a0\u00bb m\u00eame si cela n&rsquo;est pas encore pass\u00e9 en France.<\/p>\n<p>LA RUSSIE, UNE \u00ab\u00a0MENACE PROCHE\u00a0\u00bb11:26<br class=\"jsx-494582681\"\/> 11 juillet 2025<\/p>\n<p>\u00ab\u00a0La Russie a d\u00e9sign\u00e9 la France comme son premier adversaire en Europe. C&rsquo;est une menace durable, proche et, pour moi, la plus dimensionnant\u00a0\u00bb, s&rsquo;inqui\u00e8te Thierry Burkhard.<\/p>\n<p>\u00ab\u00a0Elle a tous les attributs d&rsquo;un \u00c9tat totalitaire. Elle se positionne plus en puissance de nuisance qu&rsquo;en puissance de construction.\u00a0\u00bb Pour le g\u00e9n\u00e9ral, l&rsquo;arm\u00e9e russe est \u00ab\u00a0compl\u00e8te\u00a0\u00bb et \u00ab\u00a0dispose de tout ce qu&rsquo;il faut\u00a0\u00bb sur le plan militaire pour mener ses op\u00e9rations. \u00ab\u00a0La Russie a une dissuasion nucl\u00e9aire compl\u00e8te\u00a0\u00bb, ajoute-t-il.<\/p>\n<p>\u00ab\u00a0Culturellement, son peuple peut endurer des choses qui nous paraissent inimaginables. Poutine a vraiment remis un endoctrinement tr\u00e8s fort des jeunes. (&#8230;) Le Kremlin a fait de la France une cible prioritaire\u00a0\u00bb, conclut-il.<\/p>\n<p>IRAN11:24<br class=\"jsx-494582681\"\/> 11 juillet 2025<\/p>\n<p>\u00ab\u00a0L&rsquo;Iran pratique le terrorisme d&rsquo;\u00c9tat avec les prises d&rsquo;otages\u00a0\u00bb, assure le chef d&rsquo;\u00e9tat-major. \u00ab\u00a0Il y a aussi une r\u00e9elle volont\u00e9 de reprise du programme nucl\u00e9aire.\u00a0\u00bb<\/p>\n<p>MOYEN-ORIENT11:23<br class=\"jsx-494582681\"\/> 11 juillet 2025<\/p>\n<p>Au Moyen-Orient, le g\u00e9n\u00e9ral insiste sur le \u00ab\u00a0d\u00e9cha\u00eenement de violences\u00a0\u00bb observ\u00e9 depuis le 7-Octobre dans plusieurs pays, rappelant que la France cherche \u00e0 s\u00e9curiser la population.<\/p>\n<p>MENACES AILLEURS DANS LE MONDE11:21<br class=\"jsx-494582681\"\/> 11 juillet 2025<\/p>\n<p>Thierry Burkhard \u00e9voque maintenant les menaces hors de France, notamment en Afrique : \u00ab\u00a0Ce qui se passe chez l&rsquo;un a des r\u00e9percussions chez l&rsquo;autre. L&rsquo;Afrique est un continent marqu\u00e9 par l&rsquo;instabilit\u00e9 et donc une difficult\u00e9 \u00e0 monter des op\u00e9rations dans le long terme.\u00a0\u00bb La zone est aussi tr\u00e8s marqu\u00e9e par le terrorisme ces derniers mois.<\/p>\n<p>\u00ab\u00a0La France a une position particuli\u00e8re en Afrique de l&rsquo;Ouest et elle a \u00e9t\u00e9 attaqu\u00e9e pour cela sur le plan informationnel. (&#8230;) La France ne peut pas se d\u00e9sint\u00e9resser de l&rsquo;Afrique.\u00a0\u00bb<\/p>\n<p>\u00ab\u00a0COH\u00c9SION NATIONALE\u00a0\u00bb11:19<br class=\"jsx-494582681\"\/> 11 juillet 2025<\/p>\n<p>\u00ab\u00a0Toutes ces menaces directement ou indirectement ciblent la coh\u00e9sion nationale. (&#8230;) Elle fait notre force mais nos adversaires ont int\u00e9r\u00eat \u00e0 l&rsquo;attaquer\u00a0\u00bb, estime le chef d&rsquo;\u00e9tat-major des arm\u00e9es.<\/p>\n<p>Selon lui, \u00ab\u00a0la d\u00e9sinformation est le moyen privil\u00e9gi\u00e9 pour attaquer notre coh\u00e9sion nationale\u00a0\u00bb mais ces actions sont \u00ab\u00a0difficiles \u00e0 attribuer\u00a0\u00bb.<\/p>\n<p>AUTRES MENACES11:18<br class=\"jsx-494582681\"\/> 11 juillet 2025<\/p>\n<p>Thierry Burkhard \u00e9voque maintenant de nouvelles menaces qui touchent la France, que ce soit \u00ab\u00a0dans l&rsquo;espace\u00a0\u00bb, \u00ab\u00a0le champ informationnel\u00a0\u00bb et \u00e0 propos des \u00ab\u00a0c\u00e2bles sous-marins\u00a0\u00bb qu&rsquo;il faut surveiller.<\/p>\n<p>\u00ab\u00a0Cela met en tension les moyens de l&rsquo;\u00c9tat et ces menaces sont instrumentalis\u00e9es.\u00a0\u00bb<\/p>\n<p>MENACES EN FRANCE11:14<br class=\"jsx-494582681\"\/> 11 juillet 2025<\/p>\n<p>\u00ab\u00a0Concernant les menaces qui touchent directement les Fran\u00e7ais, elles sont hybrides\u00a0\u00bb, assure Thierry Burkhard. Il \u00e9voque d&rsquo;abord le terrorisme qui \u00ab\u00a0reste pr\u00e9sent\u00a0\u00bb avec la poursuite des missions Sentinelle.<\/p>\n<p>FINANCEMENTS DE L&rsquo;ARM\u00c9E11:12<br class=\"jsx-494582681\"\/> 11 juillet 2025<\/p>\n<p>Le g\u00e9n\u00e9ral assure que \u00ab\u00a0la France n&rsquo;a pas \u00e9t\u00e9 aveugle\u00a0\u00bb \u00e0 la multiplication des conflits. Il en veut pour preuves les lois de programmation militaire \u00ab\u00a0in\u00e9dites\u00a0\u00bb, avec un financement important : \u00ab\u00a0en 2017, le budget annuel de la d\u00e9fense \u00e9tait de 32,3 milliards d&rsquo;euros. Maintenant, nous sommes \u00e0 47,2 milliards d&rsquo;euros.\u00a0\u00bb\u00a0<\/p>\n<p>Pour lui, cette augmentation est \u00ab\u00a0logique\u00a0\u00bb. \u00ab\u00a0Les Arm\u00e9es sont conscientes de l&rsquo;effort fait par la Nation.\u00a0\u00bb<\/p>\n<p>\u00ab\u00a0LES CRISES SE MULTIPLIENT\u00a0\u00bb11:10<br class=\"jsx-494582681\"\/> 11 juillet 2025<\/p>\n<p>Thierry Burkhard commence sa prise de parole : \u00ab\u00a0Vous constatez que l&rsquo;environnement strat\u00e9gique est marqu\u00e9 par des crises qui se multiplient et se superposent. (&#8230;) Il y a 30 ans, il y avait 30 conflits, aujourd&rsquo;hui il y en a 120 dans le monde.\u00a0\u00bb<\/p>\n<p>\u00ab\u00a0On est face \u00e0 un changement de r\u00e9f\u00e9rentiel strat\u00e9gique\u00a0\u00bb, assure-t-il. \u00ab\u00a0Je peine \u00e0 voir les portes de sortie rapidement\u00a0\u00bb dans les conflits en cours. \u00ab\u00a0Il n&rsquo;y a pas de retour en arri\u00e8re.\u00a0\u00bb<\/p>\n<p>LA CONF\u00c9RENCE DE PRESSE COMMENCE11:08<br class=\"jsx-494582681\"\/> 11 juillet 2025<\/p>\n<p>Thierry Burkhard vient d&rsquo;arriver au pupitre, la conf\u00e9rence de presse est sur le point de commencer.<\/p>\n<p>QUELS SUJETS ?10:42<br class=\"jsx-494582681\"\/> 11 juillet 2025<\/p>\n<p>Nos journalistes pr\u00e9sents au minist\u00e8re des Arm\u00e9es expliquent sur LCI les sujets de strat\u00e9gie militaire que va \u00e9voquer le g\u00e9n\u00e9ral Thierry Burkhard.<\/p>\n<p>Le chef d&rsquo;\u00e9tat-major des arm\u00e9es s&rsquo;exprime \u00e0 11hSource : TF1 Info<\/p>\n<p><img decoding=\"async\" src=\"https:\/\/www.europesays.com\/fr\/wp-content\/uploads\/2025\/07\/le-chef-d-etat-major-des-armees-s-exprime-a-11h-819849-0@1x.jpeg\" alt=\"Le chef d'\u00e9tat-major des arm\u00e9es s'exprime \u00e0 11h\" loading=\"lazy\" importance=\"low\" fetchpriority=\"low\" class=\"\"\/><img decoding=\"async\" src=\"https:\/\/www.tf1info.fr\/images\/icons\/player-logo-play.svg\" alt=\"Logo lecture\" class=\"jsx-d0de44c05fe3042c PlayerLazyload__Play\"\/>UNE PRISE DE PAROLE AVANT CELLE D&rsquo;EMMANUEL MACRON10:39<br class=\"jsx-494582681\"\/> 11 juillet 2025<\/p>\n<p>La prise de parole de Thierry Burkhard intervient en amont du 14 juillet, alors qu&rsquo;Emmanuel Macron devrait faire de \u00ab\u00a0grandes annonces\u00a0\u00bb dimanche. Le pr\u00e9sident pourrait notamment \u00e9voquer un \u00ab\u00a0service militaire volontaire\u00a0\u00bb \u00e0 destination des jeunes.<\/p>\n<p>QUI EST THIERRY BURKHARD ?10:37<br class=\"jsx-494582681\"\/> 11 juillet 2025<\/p>\n<p>\u00c2g\u00e9 de 60 ans, Thierry Burkhard occupe son poste depuis juillet 2021, une long\u00e9vit\u00e9 exceptionnelle. Cet homme originaire de la Franche-Comt\u00e9 et saint-cyrien a auparavant \u00e9t\u00e9 envoy\u00e9 sur de nombreux th\u00e9\u00e2tres d&rsquo;op\u00e9ration : Irak, ex-Yougoslavie, C\u00f4te d&rsquo;Ivoire&#8230;<\/p>\n<p>Emmanuel Macron lui fait une confiance sans limites, c&rsquo;est d&rsquo;ailleurs \u00e0 sa demande que le militaire s&rsquo;exprime ce matin.<\/p>\n<p>UNE PREMI\u00c8RE DEPUIS SEPTEMBRE 202110:33<br class=\"jsx-494582681\"\/> 11 juillet 2025<\/p>\n<p>Le g\u00e9n\u00e9ral Thierry Burkhard ne s&rsquo;est jamais exprim\u00e9 publiquement depuis septembre 2021. C&rsquo;est donc \u00e0 un exercice rarissime auquel il se livre ce matin. Le but : faire le point sur les \u00ab\u00a0menaces qui p\u00e8sent sur la France\u00a0\u00bb et sur \u00ab\u00a0l&rsquo;aggravation des dangers\u00a0\u00bb internationaux.<\/p>\n<p>BONJOUR \u00c0 TOUS10:31<br class=\"jsx-494582681\"\/> 11 juillet 2025<\/p>\n<p>Bonjour \u00e0 tous et bienvenue dans ce direct comment\u00e9 consacr\u00e9 \u00e0 la prise de parole du chef d&rsquo;\u00e9tat-major des arm\u00e9es Thierry Burkhard, pr\u00e9vue pour commencer \u00e0 11h. Vous pouvez \u00e9galement suivre la conf\u00e9rence de presse gr\u00e2ce \u00e0 l&rsquo;\u00e9dition sp\u00e9ciale sur LCI.<\/p>\n<p data-module=\"article-paragraph\" class=\"jsx-3046738180 Paragraph Paragraph__End\">L&rsquo;exercice est in\u00e9dit depuis septembre 2021. \u00c0 quelques jours du 14-Juillet, le chef d&rsquo;\u00e9tat-major des arm\u00e9es s&rsquo;exprime lors d&rsquo;une conf\u00e9rence de presse \u00e0 11h ce vendredi 11 juillet. Il y d\u00e9taillera le contexte g\u00e9opolitique mondial auquel la France est confront\u00e9e, ainsi que les r\u00e9ponses militaires \u00e0 apporter \u00e0 court et moyen termes.<\/p>\n<p data-module=\"article-paragraph\" class=\"jsx-3046738180 Paragraph\">Thierry Burkhard va \u00e9voquer \u00ab\u00a0l&rsquo;environnement strat\u00e9gique toujours plus incertain\u00a0\u00bb observ\u00e9 dans plusieurs endroits du globe, selon l&rsquo;\u00c9lys\u00e9e. Une attention sera port\u00e9e sur la <a href=\"https:\/\/www.tf1info.fr\/international\/guerre-ukraine-russie-iran-coree-du-nord-sous-marins-d-attaque-usines-de-munition-face-a-la-menace-russe-le-royaume-uni-se-rearme-a-son-tour-2374675.html\" target=\"_blank\" rel=\"noopener\">\u00ab\u00a0menace russe\u00a0\u00bb<\/a>, comme l&rsquo;expliquait \u00ab\u00a0Bonjour ! La Matinale TF1\u00a0\u00bb ce matin. Les n\u00e9gociations n&rsquo;avancent pas entre Moscou et Kiev, alors que les Europ\u00e9ens craignent toujours des attaques du r\u00e9gime de Vladimir Poutine contre d&rsquo;autres pays frontaliers.<\/p>\n<p data-module=\"article-paragraph\" class=\"jsx-3046738180 Paragraph\">Avec les conclusions de la Revue nationale strat\u00e9gique, le chef d&rsquo;\u00e9tat-major rappellera le <a href=\"https:\/\/www.tf1info.fr\/international\/guerre-ukraine-russie-apres-3-ans-de-conflit-les-francais-toujours-au-soutien-des-ukrainiens-2355650.html\" target=\"_blank\" rel=\"noopener\">soutien militaire \u00e0 l&rsquo;Ukraine<\/a> et la menace des drones. Leur utilisation s&rsquo;est intensifi\u00e9e ces derniers jours, avec des bombardements incessants la nuit. Autre r\u00e9gion du monde soumise \u00e0 des tensions extr\u00eames : le <a href=\"https:\/\/www.tf1info.fr\/international\/le-programme-nucleaire-iranien-retarde-d-environ-deux-ans-mais-pas-aneanti-par-les-frappes-americaines-2380634.html\" target=\"_blank\" rel=\"noopener\">Moyen-Orient<\/a>, dont Thierry Burkhard pourrait dire quelques mots.<\/p>\n<p data-module=\"article-paragraph\" class=\"jsx-3046738180 Paragraph Paragraph__End\">Le plus haut grad\u00e9 de la hi\u00e9rarchie militaire fran\u00e7aise devrait aussi insister sur le besoin de d\u00e9bloquer des fonds pour le budget des arm\u00e9es. Fin juin, les pays de l&rsquo;Otan se sont engag\u00e9s \u00e0 consacrer 5% de leur PIB \u00e0 la D\u00e9fense, soit 145 milliards d&rsquo;euros rien que pour l&rsquo;Hexagone. Thierry Burkhard a donc la lourde t\u00e2che \u00ab\u00a0de faire comprendre aux Fran\u00e7ais qu&rsquo;il va falloir investir pour faire passer cette menace\u00a0\u00bb, selon notre journaliste Charline Hurel. La loi de programmation militaire se chiffre \u00e0 413 milliards d\u2019euros pour les arm\u00e9es entre 2024 et 2030.<\/p>\n<p><a href=\"https:\/\/www.tf1info.fr\/international\/video-tf1-avion-atlantique-2-a-bord-d-une-mission-de-surveillance-de-l-otan-en-mer-baltique-guerre-en-ukraine-russie-2379145.html\" rel=\"noopener\" class=\"jsx-3308031228 Link flex\" target=\"_blank\"><img decoding=\"async\" src=\"https:\/\/www.europesays.com\/fr\/wp-content\/uploads\/2025\/07\/cap-jt-otan-exo-bis-78e914-1@1x.jpeg\" alt=\"TF1\" loading=\"lazy\" importance=\"low\" fetchpriority=\"low\" class=\"\" aria-hidden=\"true\"\/><\/p>\n<p class=\"jsx-3657663356 ReadMoreArticle__Title\">Lire aussi<\/p>\n<p class=\"jsx-3657663356\">VID\u00c9O &#8211; Flotte fant\u00f4me, menace russe, surveillance&#8230; TF1 \u00e0 bord d&rsquo;une mission de surveillance de l&rsquo;Otan en mer Baltique<\/p>\n<p><\/a><\/p>\n<p data-module=\"article-paragraph\" class=\"jsx-3046738180 Paragraph\">\u00c2g\u00e9 de 60 ans, Thierry Burkhard occupe son poste depuis juillet 2021, une long\u00e9vit\u00e9 exceptionnelle. Cet homme originaire de la Franche-Comt\u00e9 et saint-cyrien a auparavant \u00e9t\u00e9 envoy\u00e9 sur de nombreux th\u00e9\u00e2tres d&rsquo;op\u00e9ration : Irak, ex-Yougoslavie, C\u00f4te d&rsquo;Ivoire&#8230;<\/p>\n<p data-module=\"article-paragraph\" class=\"jsx-3046738180 Paragraph Paragraph__End\">Sa conf\u00e9rence de presse se tient \u00e0 la D\u00e9l\u00e9gation \u00e0 l&rsquo;information et \u00e0 la communication de la d\u00e9fense, \u00e0 Paris, \u00e0 11h. Elle pr\u00e9c\u00e8de donc la prise de parole d&rsquo;Emmanuel Macron dimanche, veille de la f\u00eate nationale, au minist\u00e8re des Arm\u00e9es. \u00ab\u00a0Tr\u00e8s clairement, nous devons aujourd&rsquo;hui r\u00e9viser notre programmation et notre strat\u00e9gie, la r\u00e9viser \u00e0 la lumi\u00e8re du changement de la nature du risque\u00a0\u00bb, a d\u00e9j\u00e0 affirm\u00e9 le pr\u00e9sident de la R\u00e9publique ce jeudi. Il pr\u00e9voit de faire cette semaine des \u00ab\u00a0annonces majeures\u00a0\u00bb, a r\u00e9v\u00e9l\u00e9 l&rsquo;\u00c9lys\u00e9e. La question d&rsquo;un service militaire et volontaire pour la jeunesse est \u00e0 l&rsquo;ordre du jour.<\/p>\n<p>Zo\u00e9 SAMIN<\/p>\n","protected":false},"excerpt":{"rendered":"Le chef d&rsquo;\u00e9tat-major des arm\u00e9es Thierry Burkhard s&rsquo;exprimait ce vendredi 11 juillet. Lors d&rsquo;une conf\u00e9rence de presse, un&hellip;\n","protected":false},"author":2,"featured_media":242282,"comment_status":"","ping_status":"","sticky":false,"template":"","format":"standard","meta":{"footnotes":""},"categories":[2],"tags":[1111,11,1921,1073,5582,1011,27,1922,3257,12,136,25,132,220,133,1920],"class_list":{"0":"post-242281","1":"post","2":"type-post","3":"status-publish","4":"format-standard","5":"has-post-thumbnail","7":"category-actualites","8":"tag-actu","9":"tag-actualites","10":"tag-article-video","11":"tag-emmanuel-macron","12":"tag-forces-de-lordre-armee-pompiers","13":"tag-fr","14":"tag-france","15":"tag-info","16":"tag-moyen-orient","17":"tag-news","18":"tag-otan","19":"tag-republique-francaise","20":"tag-russie","21":"tag-ukraine","22":"tag-video","23":"tag-video-international"},"share_on_mastodon":{"url":"https:\/\/pubeurope.com\/@fr\/114834238765169538","error":""},"_links":{"self":[{"href":"https:\/\/www.europesays.com\/fr\/wp-json\/wp\/v2\/posts\/242281","targetHints":{"allow":["GET"]}}],"collection":[{"href":"https:\/\/www.europesays.com\/fr\/wp-json\/wp\/v2\/posts"}],"about":[{"href":"https:\/\/www.europesays.com\/fr\/wp-json\/wp\/v2\/types\/post"}],"author":[{"embeddable":true,"href":"https:\/\/www.europesays.com\/fr\/wp-json\/wp\/v2\/users\/2"}],"replies":[{"embeddable":true,"href":"https:\/\/www.europesays.com\/fr\/wp-json\/wp\/v2\/comments?post=242281"}],"version-history":[{"count":0,"href":"https:\/\/www.europesays.com\/fr\/wp-json\/wp\/v2\/posts\/242281\/revisions"}],"wp:featuredmedia":[{"embeddable":true,"href":"https:\/\/www.europesays.com\/fr\/wp-json\/wp\/v2\/media\/242282"}],"wp:attachment":[{"href":"https:\/\/www.europesays.com\/fr\/wp-json\/wp\/v2\/media?parent=242281"}],"wp:term":[{"taxonomy":"category","embeddable":true,"href":"https:\/\/www.europesays.com\/fr\/wp-json\/wp\/v2\/categories?post=242281"},{"taxonomy":"post_tag","embeddable":true,"href":"https:\/\/www.europesays.com\/fr\/wp-json\/wp\/v2\/tags?post=242281"}],"curies":[{"name":"wp","href":"https:\/\/api.w.org\/{rel}","templated":true}]}}