{"id":242287,"date":"2025-07-11T10:59:12","date_gmt":"2025-07-11T10:59:12","guid":{"rendered":"https:\/\/www.europesays.com\/fr\/242287\/"},"modified":"2025-07-11T10:59:12","modified_gmt":"2025-07-11T10:59:12","slug":"la-creme-de-la-creme-attendue-pour-le-tournoi-international-des-catalans","status":"publish","type":"post","link":"https:\/\/www.europesays.com\/fr\/242287\/","title":{"rendered":"la cr\u00e8me de la cr\u00e8me attendue pour le tournoi international des Catalans"},"content":{"rendered":"<p>\u00c7a va cogner s\u00e9v\u00e8re de vendredi \u00e0 dimanche sur le sable de la plage des Catalans \u00e0 Marseille. D&rsquo;abord, parce que le 76e tournoi international, <a href=\"https:\/\/www.laprovence.com\/article\/sports\/2183284831330915\/beach-volley-tournoi-des-catalans-un-final-qui-a-tenu-toutes-ses-promesses\" target=\"_blank\" rel=\"noopener\">v\u00e9n\u00e9rable institution de ce quartier marseillais depuis trois quarts de si\u00e8cle<\/a>, s&rsquo;annonce relev\u00e9 autant chez les hommes que chez les femmes. Ensuite, parce que le soleil va smasher fort tout le week-end, et la Ligue contre le cancer, partenaire du CVBC (Club de volley-ball des Catalans) sera l\u00e0 pour lui r\u00e9server un monster block avec ce mot d&rsquo;ordre\u00a0: \u00ab\u00a0Il faut se prot\u00e9ger du soleil.\u00a0\u00bb<\/p>\n<p>\u00ab\u00a0Pour l&rsquo;instant, la mise en place se passe parfaitement bien, relatait en d\u00e9but de semaine Marion Castelli, pr\u00e9sidente du CVBC et tenante du titre de la comp\u00e9tition f\u00e9minine (avec Caroline Reb et Felicia Menara) depuis\u00a02018. On a pas mal de chance avec la m\u00e9t\u00e9o puisqu&rsquo;il y aura du vent en d\u00e9but de semaine, donc moins de gens sur la plage. Puis juste un grand soleil.\u00a0\u00bb<\/p>\n<p>Cr\u00e8me solaire exig\u00e9e donc pour voir la cr\u00e8me de la cr\u00e8me du volley 3&#215;3. Dans le tournoi masculin, les quatre demi-finalistes de l&rsquo;an dernier sont attendus et dans leur sillage, le suspense, quand on sait que la derni\u00e8re \u00e9dition s&rsquo;\u00e9tait jou\u00e9e au super tie-break. Des internationaux et des joueurs d&rsquo;avenir sont \u00e9galement annonc\u00e9s.<\/p>\n<p>Dans le tournoi f\u00e9minin, on signalera quelques joueuses de Cannes, l&rsquo;un des fiefs du volley indoor, et une \u00e9quipe venue de R\u00e9publique tch\u00e8que avec l&rsquo;exp\u00e9rience du 3&#215;3 sur sable.<\/p>\n<p>Le tout se veut \u00e9videmment populaire malgr\u00e9 \u00ab\u00a0les dossiers de plus en plus complexes \u00e0 monter, ne serait-ce que sur l&rsquo;aspect s\u00e9curitaire\u00a0\u00bb, souligne Jean Castelli, le p\u00e8re de Marion et grand manitou de l&rsquo;\u00e9v\u00e9nement\u00a0: l&rsquo;\u00e9v\u00e9nement draine plus de\u00a01000 personnes par jour (baigneurs non compris) dans \u00ab\u00a0la plus belle baie du monde\u00a0\u00bb, rappelle Castelli p\u00e8re sans chauvinisme aucun.<\/p>\n<p>Tournois principaux d\u00e8s vendredi 11 juillet\u00a0 \u00e0 10h. Finales f\u00e9minine puis masculine dimanche 13 juillet (d\u00e8s 16h). Entr\u00e9e gratuite.<\/p>\n","protected":false},"excerpt":{"rendered":"\u00c7a va cogner s\u00e9v\u00e8re de vendredi \u00e0 dimanche sur le sable de la plage des Catalans \u00e0 Marseille.&hellip;\n","protected":false},"author":2,"featured_media":242288,"comment_status":"","ping_status":"","sticky":false,"template":"","format":"standard","meta":{"footnotes":""},"categories":[1417],"tags":[17,38186,27306,29789,1011,27,14,471,60,9621,1470,1469],"class_list":{"0":"post-242287","1":"post","2":"type-post","3":"status-publish","4":"format-standard","5":"has-post-thumbnail","7":"category-volley","8":"tag-17","9":"tag-attendue","10":"tag-beach-volley","11":"tag-creme","12":"tag-fr","13":"tag-france","14":"tag-international","15":"tag-pour","16":"tag-sports","17":"tag-tournoi","18":"tag-volley","19":"tag-volleyball"},"share_on_mastodon":{"url":"https:\/\/pubeurope.com\/@fr\/114834254281129332","error":""},"_links":{"self":[{"href":"https:\/\/www.europesays.com\/fr\/wp-json\/wp\/v2\/posts\/242287","targetHints":{"allow":["GET"]}}],"collection":[{"href":"https:\/\/www.europesays.com\/fr\/wp-json\/wp\/v2\/posts"}],"about":[{"href":"https:\/\/www.europesays.com\/fr\/wp-json\/wp\/v2\/types\/post"}],"author":[{"embeddable":true,"href":"https:\/\/www.europesays.com\/fr\/wp-json\/wp\/v2\/users\/2"}],"replies":[{"embeddable":true,"href":"https:\/\/www.europesays.com\/fr\/wp-json\/wp\/v2\/comments?post=242287"}],"version-history":[{"count":0,"href":"https:\/\/www.europesays.com\/fr\/wp-json\/wp\/v2\/posts\/242287\/revisions"}],"wp:featuredmedia":[{"embeddable":true,"href":"https:\/\/www.europesays.com\/fr\/wp-json\/wp\/v2\/media\/242288"}],"wp:attachment":[{"href":"https:\/\/www.europesays.com\/fr\/wp-json\/wp\/v2\/media?parent=242287"}],"wp:term":[{"taxonomy":"category","embeddable":true,"href":"https:\/\/www.europesays.com\/fr\/wp-json\/wp\/v2\/categories?post=242287"},{"taxonomy":"post_tag","embeddable":true,"href":"https:\/\/www.europesays.com\/fr\/wp-json\/wp\/v2\/tags?post=242287"}],"curies":[{"name":"wp","href":"https:\/\/api.w.org\/{rel}","templated":true}]}}