{"id":242289,"date":"2025-07-11T11:00:10","date_gmt":"2025-07-11T11:00:10","guid":{"rendered":"https:\/\/www.europesays.com\/fr\/242289\/"},"modified":"2025-07-11T11:00:10","modified_gmt":"2025-07-11T11:00:10","slug":"transferts-de-legende-fabien-galthie-lenfant-de-colomiers-monte-a-paris-nous-navons-pas-parle-dargent-avec-fabien","status":"publish","type":"post","link":"https:\/\/www.europesays.com\/fr\/242289\/","title":{"rendered":"Transferts de l\u00e9gende \u2013 Fabien Galthi\u00e9, l\u2019enfant de Colomiers monte \u00e0 Paris : \u00ab\u00a0Nous n\u2019avons pas parl\u00e9 d\u2019argent avec Fabien\u00a0\u00bb"},"content":{"rendered":"<p>\n                Chaque semaine, Midi Olympique vous propose de plonger dans les coulisses d\u2019un transfert qui aura marqu\u00e9 l\u2019histoire du Top 14. Cette semaine, retour sur l\u2019arriv\u00e9e de Fabien Galthi\u00e9 au Stade fran\u00e7ais Paris \u00e0 l\u2019\u00e9t\u00e9 2001. Alors capitaine de l\u2019\u00e9quipe de France, le demi de m\u00eal\u00e9e se lan\u00e7ait un dernier d\u00e9fi apr\u00e8s avoir fait toute sa carri\u00e8re \u00e0 Colomiers.\n            <\/p>\n<p>L\u2019information est r\u00e9v\u00e9l\u00e9e le 24\u00a0juin 2001. Fabien Galthi\u00e9, demi de m\u00eal\u00e9e embl\u00e9matique de Colomiers, s\u2019est engag\u00e9 avec le Stade fran\u00e7ais Paris pour la saison suivante. C\u2019est un coup de tonnerre car l\u2019actuel s\u00e9lectionneur du XV de France n\u2019avait connu qu\u2019un seul club (mis \u00e0 part un passage de quelques mois \u00e0 la Western Province en Afrique du Sud pour disputer la Currie Cup \u00e0 l\u2019\u00e9t\u00e9 1995), depuis l\u2019\u00e9cole de rugby jusqu\u2019\u00e0 l\u2019\u00e9quipe professionnelle, o\u00f9 il avait notamment disput\u00e9 une finale de Coupe d\u2019Europe en 1999 avant de voir son \u00e9quipe atteindre la finale du championnat de France la saison suivante. Malheureusement, Fabien Galthi\u00e9, bless\u00e9, ne peut pas y participer, assistant depuis les tribunes \u00e0 la d\u00e9faite de Colomiers face\u2026 au Stade fran\u00e7ais. \u00ab\u00a0La finale la plus difficile que l\u2019on ait eue \u00e0 jouer\u00a0\u00bb, se souvient Max Guazzini, alors pr\u00e9sident du club parisien :\u00a0\u00ab\u00a0On gagne sur une derni\u00e8re m\u00eal\u00e9e. Fabien, bless\u00e9, pleurait dans les tribunes.\u00a0\u00bb<\/p>\n<p>Cet \u00e9v\u00e9nement est certainement le point de d\u00e9part de la suite entre deux hommes qui se connaissent depuis des ann\u00e9es. \u00ab\u00a0Je connaissais Fabien avant m\u00eame de devenir dirigeant d\u2019un club de rugby. \u00c0 l\u2019\u00e9poque o\u00f9 j\u2019\u00e9tais dirigeant de la radio NRJ, j\u2019avais eu l\u2019id\u00e9e de cr\u00e9er des modules rugby tous les lundis dans les villes o\u00f9 il y avait des clubs importants. Un joueur de chaque \u00e9quipe faisait alors un compte rendu du week-end. C\u2019\u00e9tait donc Fabien Galthi\u00e9 pour Colomiers, mais nous avions Philippe Saint-Andr\u00e9 \u00e0 Clermont, Fabrice Landreau \u00e0 Grenoble, Patrice Lagisquet \u00e0 Bayonne,\u00a0etc. Notre amiti\u00e9 est n\u00e9e d\u00e8s ce moment-l\u00e0. En 1993, je suis \u00e9lu pr\u00e9sident du Stade fran\u00e7ais sans vraiment m\u2019y attendre. Deux personnes m\u2019ont alors aid\u00e9 \u00e0 recruter\u00a0: Fabien Galthi\u00e9 et Fabrice Landreau. Nous \u00e9tions en F\u00e9d\u00e9rale 2, soit la quatri\u00e8me division, et je ne pouvais pas imaginer un jour qu\u2019il jouerait chez nous.\u00a0\u00bb C\u2019\u00e9tait sans compter sur la folle ascension du club parisien, vainqueur du Bouclier de Brennus d\u00e8s son retour en premi\u00e8re division en 1998, port\u00e9 par son pr\u00e9sident appel\u00e9 \u00e0 devenir un personnage central du rugby fran\u00e7ais tant il a bouscul\u00e9 les us et coutumes d\u2019un sport qui avait besoin de renouveau pour embrasser v\u00e9ritablement le professionnalisme.<\/p>\n<blockquote><p>\nJe comprends que c\u2019est tr\u00e8s difficile pour lui de quitter Colomiers\n<\/p><\/blockquote>\n<p>Quelques mois apr\u00e8s la finale remport\u00e9e par le Stade Fran\u00e7ais face \u00e0 Colomiers, Max Guazzini, en qu\u00eate d\u2019un nouveau demi de m\u00eal\u00e9e, va sonder Fabien Galthi\u00e9 alors capitaine de l\u2019\u00e9quipe de France. \u00ab\u00a0Je vais le voir dans sa chambre de l\u2019h\u00f4tel Concorde Saint-Lazare o\u00f9 s\u00e9journaient alors les Bleus quand ils \u00e9taient sur Paris. Fabien n\u2019arr\u00eatait pas de boire de l\u2019eau et d\u2019aller aux toilettes. C\u2019\u00e9tait incroyable\u00a0: une v\u00e9ritable fontaine (rires). Je comprends que c\u2019est tr\u00e8s difficile pour lui de quitter Colomiers. Il \u00e9tait vraiment colum\u00e9rin, c\u2019\u00e9tait ancr\u00e9 en lui, mais je lui ai demand\u00e9 de nous rejoindre. Il fallait oser car si on ne le fait pas, rien ne se passe dans la vie. Surtout, Fabien, c\u2019est quelqu\u2019un qui veut gagner. Il avait eu un parcours magnifique \u00e0 Colomiers mais il venait de perdre une finale de Coupe d\u2019Europe et il sentait certainement qu\u2019il venait de rater le coche pour le Brennus. Il a senti qu\u2019il avait une opportunit\u00e9 d\u2019\u00eatre champion de France avant de prendre sa retraite, puisque nous avions remport\u00e9 deux titres en\u00a01998 et\u00a02000. Il ne s\u2019est pas tromp\u00e9.\u00a0\u00bb<\/p>\n<p>Le contrat est sign\u00e9 alors que Fabien Galthi\u00e9 se trouve en Afrique du Sud avec l\u2019\u00e9quipe de France. Le capitaine des Bleus confirme l\u2019information de sa signature au Stade fran\u00e7ais le 25\u00a0juin lors d\u2019une escale \u00e0 Singapour, puisque le XV de France se rend en Nouvelle-Z\u00e9lande apr\u00e8s deux tests face aux Springboks. \u00ab\u00a0Nous n\u2019avons pas parl\u00e9 d\u2019argent avec Fabien. Il n\u2019avait m\u00eame pas d\u2019agent. C\u2019est Pascal Forni (agent de joueur) qui est all\u00e9 en Afrique du Sud pour le faire signer mais il n\u2019a jamais touch\u00e9 un centime sur le contrat de Fabien. Il y est all\u00e9 pour me rendre service. Malgr\u00e9 les mauvaises langues de l\u2019\u00e9poque, nous n\u2019avions pas des tarifs \u00e9lev\u00e9s au Stade fran\u00e7ais. Mais les joueurs \u00e9taient enthousiastes par l\u2019id\u00e9e de rejoindre ce club avec cette histoire, cette folie mais aussi cette discipline. D\u2019ailleurs, une fois je me retrouve dans les locaux de la section omnisports avec Fabien. Il me dit\u00a0:\u00a0\u00ab\u00a0Tu as confiance en moi, je suis s\u00fbr que tu ne me prolongerais pas tout de suite\u00a0\u00bb. Je l\u2019ai prolong\u00e9 tout de suite au m\u00eame prix sans l\u2019augmenter. \u00c0 l\u2019\u00e9poque, il n\u2019y avait pas des salaires monstrueux au Stade fran\u00e7ais. Il faut \u00eatre lucide. Deux clubs ne faisaient jamais de surench\u00e8re\u00a0: Toulouse et le Stade fran\u00e7ais. On faisait une proposition et si \u00e7a n\u2019allait pas tant pis. C\u2019\u00e9tait comme \u00e7a.\u00a0\u00bb<\/p>\n<p>Ainsi, Fabien Galthi\u00e9 d\u00e9barque \u00e0 l\u2019\u00e9t\u00e9 2001 dans la capitale avec un contrat de deux ans, apr\u00e8s \u00ab\u00a0des n\u00e9gociations serr\u00e9es entre Max Guazzini et Michel Bendichou (pr\u00e9sident de Colomiers)\u00a0\u00bb, relate Midi Olympique. Un versement de 400\u00a0000\u00a0francs est alors demand\u00e9 pour lib\u00e9rer le capitaine de l\u2019\u00e9quipe de France. \u00ab\u00a0Afin d\u2019\u00e9viter toute pol\u00e9mique inutile, le joueur d\u00e9cide de payer lui-m\u00eame cette somme pour acheter sa libert\u00e9\u00a0\u00bb, peut-on lire alors dans Midi Olympique. Soulever le Bouclier de Brennus en 2003 pour le dernier match de sa carri\u00e8re en club en tant que joueur n\u2019avait pas de prix pour l\u2019actuel s\u00e9lectionneur du XV de France.<\/p>\n","protected":false},"excerpt":{"rendered":"Chaque semaine, Midi Olympique vous propose de plonger dans les coulisses d\u2019un transfert qui aura marqu\u00e9 l\u2019histoire du&hellip;\n","protected":false},"author":2,"featured_media":242290,"comment_status":"","ping_status":"","sticky":false,"template":"","format":"standard","meta":{"footnotes":""},"categories":[1416],"tags":[1011,27,479,1468,60],"class_list":{"0":"post-242289","1":"post","2":"type-post","3":"status-publish","4":"format-standard","5":"has-post-thumbnail","7":"category-rugby","8":"tag-fr","9":"tag-france","10":"tag-rugby","11":"tag-rugby-football","12":"tag-sports"},"share_on_mastodon":{"url":"https:\/\/pubeurope.com\/@fr\/114834258196514919","error":""},"_links":{"self":[{"href":"https:\/\/www.europesays.com\/fr\/wp-json\/wp\/v2\/posts\/242289","targetHints":{"allow":["GET"]}}],"collection":[{"href":"https:\/\/www.europesays.com\/fr\/wp-json\/wp\/v2\/posts"}],"about":[{"href":"https:\/\/www.europesays.com\/fr\/wp-json\/wp\/v2\/types\/post"}],"author":[{"embeddable":true,"href":"https:\/\/www.europesays.com\/fr\/wp-json\/wp\/v2\/users\/2"}],"replies":[{"embeddable":true,"href":"https:\/\/www.europesays.com\/fr\/wp-json\/wp\/v2\/comments?post=242289"}],"version-history":[{"count":0,"href":"https:\/\/www.europesays.com\/fr\/wp-json\/wp\/v2\/posts\/242289\/revisions"}],"wp:featuredmedia":[{"embeddable":true,"href":"https:\/\/www.europesays.com\/fr\/wp-json\/wp\/v2\/media\/242290"}],"wp:attachment":[{"href":"https:\/\/www.europesays.com\/fr\/wp-json\/wp\/v2\/media?parent=242289"}],"wp:term":[{"taxonomy":"category","embeddable":true,"href":"https:\/\/www.europesays.com\/fr\/wp-json\/wp\/v2\/categories?post=242289"},{"taxonomy":"post_tag","embeddable":true,"href":"https:\/\/www.europesays.com\/fr\/wp-json\/wp\/v2\/tags?post=242289"}],"curies":[{"name":"wp","href":"https:\/\/api.w.org\/{rel}","templated":true}]}}