{"id":242291,"date":"2025-07-11T11:01:11","date_gmt":"2025-07-11T11:01:11","guid":{"rendered":"https:\/\/www.europesays.com\/fr\/242291\/"},"modified":"2025-07-11T11:01:11","modified_gmt":"2025-07-11T11:01:11","slug":"wimbledon-sabalenka-sarrache-et-soffre-un-point-de-fou","status":"publish","type":"post","link":"https:\/\/www.europesays.com\/fr\/242291\/","title":{"rendered":"Wimbledon > Sabalenka s&rsquo;arrache et s&rsquo;offre un point de \u00ab\u00a0fou\u00a0\u00bb"},"content":{"rendered":"<p>Aryna Sabalenka \u00e9tait en bien mauvaise posture dans cette demi\u2010finale de Wimbledon.<\/p>\n<p>Surprise par l\u2019intensit\u00e9 d\u2019Amanda Anisimova, la num\u00e9ro une mondiale a conc\u00e9d\u00e9 le premier set sur le Centre Court, visi\u00adble\u00adment en diffi\u00adcult\u00e9 pour imposer son rythme.<\/p>\n<p>Mais fid\u00e8le \u00e0 sa r\u00e9pu\u00adta\u00adtion de combat\u00adtante, la Bi\u00e9lorusse a su puiser dans ses ressources mentales et physiques pour inverser la tendance.<\/p>\n<p>Plus mobile, plus inspir\u00e9e, elle est sortie de son registre habi\u00adtuel en propo\u00adsant davan\u00adtage de varia\u00adtions, ce qui lui a permis de d\u00e9sta\u00adbi\u00adliser son adver\u00adsaire et de s\u2019offrir le point du set dans un moment d\u00e9cisif.<\/p>\n<p>Tout reste d\u00e9sor\u00admais \u00e0 jouer dans une troi\u00adsi\u00e8me manche qui s\u2019annonce aussi ind\u00e9\u00adcise que spectaculaire.<\/p>\n<p class=\"post-published-date\" style=\"color: silver; font-size: 75%; text-align: left;\">Publi\u00e9 le jeudi 10 juillet 2025 \u00e0 16:26<\/p>\n","protected":false},"excerpt":{"rendered":"Aryna Sabalenka \u00e9tait en bien mauvaise posture dans cette demi\u2010finale de Wimbledon. Surprise par l\u2019intensit\u00e9 d\u2019Amanda Anisimova, la&hellip;\n","protected":false},"author":2,"featured_media":242292,"comment_status":"","ping_status":"","sticky":false,"template":"","format":"standard","meta":{"footnotes":""},"categories":[1415],"tags":[7615,1011,27,60,1467],"class_list":{"0":"post-242291","1":"post","2":"type-post","3":"status-publish","4":"format-standard","5":"has-post-thumbnail","7":"category-tennis","8":"tag-aryna-sabalenka","9":"tag-fr","10":"tag-france","11":"tag-sports","12":"tag-tennis"},"share_on_mastodon":{"url":"https:\/\/pubeurope.com\/@fr\/114834262128562592","error":""},"_links":{"self":[{"href":"https:\/\/www.europesays.com\/fr\/wp-json\/wp\/v2\/posts\/242291","targetHints":{"allow":["GET"]}}],"collection":[{"href":"https:\/\/www.europesays.com\/fr\/wp-json\/wp\/v2\/posts"}],"about":[{"href":"https:\/\/www.europesays.com\/fr\/wp-json\/wp\/v2\/types\/post"}],"author":[{"embeddable":true,"href":"https:\/\/www.europesays.com\/fr\/wp-json\/wp\/v2\/users\/2"}],"replies":[{"embeddable":true,"href":"https:\/\/www.europesays.com\/fr\/wp-json\/wp\/v2\/comments?post=242291"}],"version-history":[{"count":0,"href":"https:\/\/www.europesays.com\/fr\/wp-json\/wp\/v2\/posts\/242291\/revisions"}],"wp:featuredmedia":[{"embeddable":true,"href":"https:\/\/www.europesays.com\/fr\/wp-json\/wp\/v2\/media\/242292"}],"wp:attachment":[{"href":"https:\/\/www.europesays.com\/fr\/wp-json\/wp\/v2\/media?parent=242291"}],"wp:term":[{"taxonomy":"category","embeddable":true,"href":"https:\/\/www.europesays.com\/fr\/wp-json\/wp\/v2\/categories?post=242291"},{"taxonomy":"post_tag","embeddable":true,"href":"https:\/\/www.europesays.com\/fr\/wp-json\/wp\/v2\/tags?post=242291"}],"curies":[{"name":"wp","href":"https:\/\/api.w.org\/{rel}","templated":true}]}}