{"id":242302,"date":"2025-07-11T11:08:10","date_gmt":"2025-07-11T11:08:10","guid":{"rendered":"https:\/\/www.europesays.com\/fr\/242302\/"},"modified":"2025-07-11T11:08:10","modified_gmt":"2025-07-11T11:08:10","slug":"le-choix-courageux-du-palais-fesch","status":"publish","type":"post","link":"https:\/\/www.europesays.com\/fr\/242302\/","title":{"rendered":"le choix courageux du Palais Fesch"},"content":{"rendered":"<p>\u00c0 l&rsquo;entr\u00e9e du Palais Fesch, le buste du cardinal Fesch accueille les visiteurs. Un chef-d\u2019\u0153uvre grav\u00e9 dans le marbre par Antonio Canova, le roi de la sculpture v\u00e9nitienne. Le cou du cardinal est tourn\u00e9 l\u00e9g\u00e8rement vers la gauche. Il semble regarder vers le couloir et se questionner sur la nouvelle exposition du palais : \u00ab\u00a0Des for\u00eats, des esprits et des hommes. Photographies de Bae Bien-U en Corse\u00a0\u00bb : \u00ab\u00a0Un photographe cor\u00e9en en Corse\u00a0?\u00a0\u00bb.<\/p>\n<p>Un choix courageux de la part du mus\u00e9e\u00a0? \u00ab\u00a0Je ne sais pas si courageux est le bon mot \u00e0 employer\u00a0\u00bb, r\u00e9pond souriante Sophie Makariou, commissaire de l&rsquo;exposition. \u00ab\u00a0C&rsquo;est une opportunit\u00e9. Un hasard heureux\u00a0\u00bb.<\/p>\n<p>La commissaire et l&rsquo;artiste se sont crois\u00e9s l&rsquo;ann\u00e9e derni\u00e8re dans l&rsquo;\u00eele. \u00ab\u00a0Je le connaissais d\u00e9j\u00e0\u00a0\u00bb, affirme Sophie Makariou. \u00ab\u00a0Je lui ai propos\u00e9 d&rsquo;exposer au mus\u00e9e Fesch \u00e0 la fois ses photos en Cor\u00e9e et son travail m\u00e9diterran\u00e9en, entre Venise, l&rsquo;Espagne et, bien s\u00fbr, la Corse\u00a0\u00bb.<\/p>\n<p>Bae Bien-U, n\u00e9 \u00e0 Yeosu en 1950, expose aux quatre coins du monde. Ses instantan\u00e9s d&rsquo;arbres, photographi\u00e9s par le bas, montant vers le ciel, ont acquis une c\u00e9l\u00e9brit\u00e9 internationale. En 2009, l&rsquo;un de ses livres de photographies est offert \u00e0 Barack Obama par l&rsquo;ancien pr\u00e9sident de Cor\u00e9e du Sud, Lee Myung-bak.<\/p>\n","protected":false},"excerpt":{"rendered":"\u00c0 l&rsquo;entr\u00e9e du Palais Fesch, le buste du cardinal Fesch accueille les visiteurs. Un chef-d\u2019\u0153uvre grav\u00e9 dans le&hellip;\n","protected":false},"author":2,"featured_media":242303,"comment_status":"","ping_status":"","sticky":false,"template":"","format":"standard","meta":{"footnotes":""},"categories":[1358],"tags":[17,1348,1384,1385,38187,38188,13898,23156,38189,1687,1386,58,59,3293,1011,27,20528],"class_list":{"0":"post-242302","1":"post","2":"type-post","3":"status-publish","4":"format-standard","5":"has-post-thumbnail","7":"category-arts-et-design","8":"tag-17","9":"tag-arts","10":"tag-arts-and-design","11":"tag-arts-et-design","12":"tag-bae","13":"tag-bien-u","14":"tag-choix","15":"tag-coreen","16":"tag-courageux","17":"tag-culture-loisirs","18":"tag-design","19":"tag-divertissement","20":"tag-entertainment","21":"tag-exposition","22":"tag-fr","23":"tag-france","24":"tag-photographe"},"share_on_mastodon":{"url":"https:\/\/pubeurope.com\/@fr\/114834289657744874","error":""},"_links":{"self":[{"href":"https:\/\/www.europesays.com\/fr\/wp-json\/wp\/v2\/posts\/242302","targetHints":{"allow":["GET"]}}],"collection":[{"href":"https:\/\/www.europesays.com\/fr\/wp-json\/wp\/v2\/posts"}],"about":[{"href":"https:\/\/www.europesays.com\/fr\/wp-json\/wp\/v2\/types\/post"}],"author":[{"embeddable":true,"href":"https:\/\/www.europesays.com\/fr\/wp-json\/wp\/v2\/users\/2"}],"replies":[{"embeddable":true,"href":"https:\/\/www.europesays.com\/fr\/wp-json\/wp\/v2\/comments?post=242302"}],"version-history":[{"count":0,"href":"https:\/\/www.europesays.com\/fr\/wp-json\/wp\/v2\/posts\/242302\/revisions"}],"wp:featuredmedia":[{"embeddable":true,"href":"https:\/\/www.europesays.com\/fr\/wp-json\/wp\/v2\/media\/242303"}],"wp:attachment":[{"href":"https:\/\/www.europesays.com\/fr\/wp-json\/wp\/v2\/media?parent=242302"}],"wp:term":[{"taxonomy":"category","embeddable":true,"href":"https:\/\/www.europesays.com\/fr\/wp-json\/wp\/v2\/categories?post=242302"},{"taxonomy":"post_tag","embeddable":true,"href":"https:\/\/www.europesays.com\/fr\/wp-json\/wp\/v2\/tags?post=242302"}],"curies":[{"name":"wp","href":"https:\/\/api.w.org\/{rel}","templated":true}]}}