{"id":242304,"date":"2025-07-11T11:09:09","date_gmt":"2025-07-11T11:09:09","guid":{"rendered":"https:\/\/www.europesays.com\/fr\/242304\/"},"modified":"2025-07-11T11:09:09","modified_gmt":"2025-07-11T11:09:09","slug":"un-salon-litteraire-contre-la-liberte","status":"publish","type":"post","link":"https:\/\/www.europesays.com\/fr\/242304\/","title":{"rendered":"un salon litt\u00e9raire contre la libert\u00e9\u00bb"},"content":{"rendered":"<p><strong>FIGAROVOX\/TRIBUNE<\/strong> &#8211; La 31e \u00e9dition de ce salon, qui s\u2019est tenue fin juin dans les salons de la mairie de Paris, n\u2019a pas m\u00eame fait le d\u00e9but d\u2019une allusion \u00e0 l\u2019\u00e9crivain embastill\u00e9 dans les ge\u00f4les alg\u00e9riennes, expliquent plusieurs membres du comit\u00e9 de soutien \u00e0 Boualem Sansal.<\/p>\n<p class=\"fig-paragraph\">Il faut croire qu\u2019au salon \u00ab\u00a0Le Maghreb des livres\u00a0\u00bb, organis\u00e9 par l\u2019association Coup de soleil avec le soutien actif de la Ville de Paris, la m\u00e9moire est courte, et la libert\u00e9 optionnelle. En 2022,\u00a0<a href=\"http:\/\/www.lefigaro.fr\/vox\/monde\/jean-francois-colosimo-l-affaire-boualem-sansal-a-scelle-l-evidence-qu-alger-ne-veut-pas-d-une-reconciliation-20250706\" target=\"_blank\" data-fig-type=\"Article\" rel=\"noopener\" data-gtm-custom-categorie=\"navigation\" data-gtm-custom-action=\"crossclick\" data-gtm-custom-label=\"Contextuel\" data-gtm-event=\"customEventSPE\" data-fig-domain=\"LEFIGARO\">Boualem Sansal<\/a>\u00a0\u00e9tait l\u2019\u00e9crivain phare de cette manifestation. Il brillait, les autres gravitaient. On se pressait pour le saluer, se faire prendre en photo avec lui, profiter de son aura. En 2024, l\u2019homme est embastill\u00e9 \u00e0 Alger par une dictature f\u00e9brile qui \u00e9touffe les voix libres, et voil\u00e0 que son nom dispara\u00eet purement et simplement du programme 2025.<\/p>\n<p class=\"fig-paragraph\">Rien. Pas une table ronde. Pas une mention. Pas m\u00eame un mot. Le silence comme complicit\u00e9. Pourtant, en France comme \u00e0 l\u2019\u00e9tranger, Boualem Sansal est honor\u00e9. Son nom est brandi, ses portraits affich\u00e9s sur les fa\u00e7ades de nombreuses mairies, y compris \u00e0 Paris. Il est soutenu par un comit\u00e9 de soutien international actif, c\u00e9l\u00e9br\u00e9 \u00e0 Montr\u00e9al, \u00e0 Prague, \u00e0 Berlin, et bien s\u00fbr en France. Il est la figure vivante de la\u00a0<a href=\"http:\/\/www.lefigaro.fr\/vox\/societe\/les-confidences-de-kamel-daoud-au-figaro-en-algerie-je-suis-un-traitre-en-france-un-mauvais-arabe-20250512\" target=\"_blank\" data-fig-type=\"Article\" rel=\"noopener\" data-gtm-custom-categorie=\"navigation\" data-gtm-custom-action=\"crossclick\" data-gtm-custom-label=\"Contextuel\" data-gtm-event=\"customEventSPE\" data-fig-domain=\"LEFIGARO\">r\u00e9sistance intellectuelle<\/a>\u00a0au despotisme.<\/p>\n<p>                                    <a class=\"fig-a11y-skip a11y-hidden\" href=\"#fig-a11y-skip-main-inarticle\"><br \/>\n        Passer la publicit\u00e9<br \/>\n    <\/a><\/p>\n<p class=\"fig-paragraph\">Couronn\u00e9 depuis son arrestation par le prix SGDL pour les libert\u00e9s d\u2019expression et de cr\u00e9ation, honor\u00e9 du prix Ji\u0159\u00ed Theiner pour la libert\u00e9 de parole, et consacr\u00e9 par le prestigieux Prix mondial Cino-Del-Duca, Boualem Sansal incarne, \u00e0 lui seul, la dignit\u00e9 des \u00e9crivains debout face \u00e0 la censure et \u00e0 la peur.<\/p>\n<p>\u00c0 ce niveau de d\u00e9ni, ce n\u2019est plus de l\u2019indiff\u00e9rence, c\u2019est une faute morale. Il faut oser le dire clairement\u00a0: ce silence est un abandon<\/p>\n<p class=\"fig-paragraph\">Et pendant ce temps, \u00e0 l\u2019H\u00f4tel de Ville de Paris, les 28 et 29 juin, dans les salons bourgeois o\u00f9 l\u2019on pr\u00e9tend c\u00e9l\u00e9brer la litt\u00e9rature maghr\u00e9bine et sp\u00e9cialement la litt\u00e9rature alg\u00e9rienne, on fait comme s\u2019il n\u2019existait plus. Pis encore\u00a0: deux membres \u00e9minents du Comit\u00e9 de soutien \u00e0 Sansal, Kamel Bencheikh et\u00a0<a href=\"http:\/\/www.lefigaro.fr\/flash-actu\/grace-refusee-a-boualem-sansal-on-a-sous-estime-le-fait-que-le-president-tebboune-veut-humilier-la-france-estime-xavier-driencourt-20250707\" target=\"_blank\" data-fig-type=\"NewsFlash\" rel=\"noopener\" data-gtm-custom-categorie=\"navigation\" data-gtm-custom-action=\"crossclick\" data-gtm-custom-label=\"Contextuel\" data-gtm-event=\"customEventSPE\" data-fig-domain=\"LEFIGARO\">Xavier Driencourt<\/a>\u00a0&#8211; tous deux \u00e9crivains, intellectuels, invit\u00e9s des m\u00e9dias, auteurs d\u2019une actualit\u00e9 litt\u00e9raire br\u00fblante &#8211; sont, eux aussi, omis soigneusement de la programmation.<\/p>\n<p class=\"fig-paragraph\">Un oubli\u00a0? Trois fois\u00a0? Ou bien un choix d\u00e9lib\u00e9r\u00e9\u00a0? La question a \u00e9t\u00e9 pos\u00e9e. Une demande d\u2019explication a \u00e9t\u00e9 adress\u00e9e le 17 juin au responsable de Coup de soleil. R\u00e9ponse\u00a0? Aucune. Silence radio. C\u2019est une chose de ne pas soutenir Boualem Sansal. C\u2019en est une autre de l\u2019effacer. \u00c0 ce niveau de d\u00e9ni, ce n\u2019est plus de l\u2019indiff\u00e9rence, c\u2019est une faute morale. Il faut oser le dire clairement\u00a0: ce silence est un abandon.<\/p>\n<p class=\"fig-body-link\">\n            \u00c0 lire aussi<br \/>\n        <a class=\"fig-body-link__link fig-premium-mark\" href=\"http:\/\/www.lefigaro.fr\/politique\/apres-la-condamnation-de-sansal-bruno-retailleau-ne-va-pas-se-laisser-museler-20250706\" target=\"_blank\" data-fig-type=\"Article\" rel=\"noopener\" data-gtm-custom-categorie=\"navigation\" data-gtm-custom-action=\"crossclick\" data-gtm-custom-label=\"Contextuel\" data-gtm-event=\"customEventSPE\" data-fig-domain=\"LEFIGARO\">Apr\u00e8s la condamnation de Sansal, Bruno Retailleau \u00ab\u00a0ne va pas se laisser museler\u00a0\u00bb<br \/>\n    <\/a>\n<\/p>\n<p class=\"fig-paragraph\">Un salon qui c\u00e9l\u00e8bre la culture du\u00a0<a href=\"http:\/\/www.lefigaro.fr\/decideurs\/portraits\/le-marche-est-appele-a-changer-d-ici-2030-le-cabinet-d-audit-pwc-nomme-un-nouveau-president-pour-la-france-et-le-maghreb-20250702\" target=\"_blank\" data-fig-type=\"Article\" rel=\"noopener\" data-gtm-custom-categorie=\"navigation\" data-gtm-custom-action=\"crossclick\" data-gtm-custom-label=\"Contextuel\" data-gtm-event=\"customEventSPE\" data-fig-domain=\"LEFIGARO\">Maghreb<\/a>\u00a0mais raye le nom de son plus grand \u00e9crivain vivant &#8211; en prison pour ses id\u00e9es &#8211; ne c\u00e9l\u00e8bre rien d\u2019autre que la peur et la servilit\u00e9. Nous ne nous tairons pas. \u00c0 d\u00e9faut de courage, nous exigeons au moins de la coh\u00e9rence. Le silence, quand il s\u2019agit de la libert\u00e9, est une tache ind\u00e9l\u00e9bile sur toutes les affiches.<\/p>\n<p class=\"fig-paragraph\">Liste des signataires\u00a0:\u00a0<\/p>\n<p>                                    <a class=\"fig-a11y-skip a11y-hidden\" href=\"#fig-a11y-skip-main-inarticle_mtf\"><br \/>\n        Passer la publicit\u00e9<br \/>\n    <\/a><\/p>\n<p class=\"fig-paragraph\">Georges-Marc Benamou, journaliste et producteur.<\/p>\n<p class=\"fig-paragraph\">Kamel Bencheikh, po\u00e8te et \u00e9crivain<\/p>\n<p class=\"fig-paragraph\">Arnaud Benedetti, r\u00e9dacteur en chef de la Revue Politique et Parlementaire<\/p>\n<p class=\"fig-paragraph\">Xavier Driencourt, ancien ambassadeur en Alg\u00e9rie<\/p>\n<p class=\"fig-paragraph\">No\u00eblle Lenoir, ancienne ministre des Affaires europ\u00e9ennes, avocate.<\/p>\n<p>                                    <a class=\"fig-a11y-skip a11y-hidden\" href=\"#fig-a11y-skip-main-inarticle_btf\"><br \/>\n        Passer la publicit\u00e9<br \/>\n    <\/a><\/p>\n<p class=\"fig-paragraph\">St\u00e9phane Roz\u00e8s, politologue et essayiste<\/p>\n","protected":false},"excerpt":{"rendered":"FIGAROVOX\/TRIBUNE &#8211; La 31e \u00e9dition de ce salon, qui s\u2019est tenue fin juin dans les salons de la&hellip;\n","protected":false},"author":2,"featured_media":242305,"comment_status":"","ping_status":"","sticky":false,"template":"","format":"standard","meta":{"footnotes":""},"categories":[1357],"tags":[15,1379,4142,58,59,1011,27,1351,1380],"class_list":{"0":"post-242304","1":"post","2":"type-post","3":"status-publish","4":"format-standard","5":"has-post-thumbnail","7":"category-livres","8":"tag-algerie","9":"tag-books","10":"tag-boualem-sansal","11":"tag-divertissement","12":"tag-entertainment","13":"tag-fr","14":"tag-france","15":"tag-litterature","16":"tag-livres"},"share_on_mastodon":{"url":"https:\/\/pubeurope.com\/@fr\/114834293603565731","error":""},"_links":{"self":[{"href":"https:\/\/www.europesays.com\/fr\/wp-json\/wp\/v2\/posts\/242304","targetHints":{"allow":["GET"]}}],"collection":[{"href":"https:\/\/www.europesays.com\/fr\/wp-json\/wp\/v2\/posts"}],"about":[{"href":"https:\/\/www.europesays.com\/fr\/wp-json\/wp\/v2\/types\/post"}],"author":[{"embeddable":true,"href":"https:\/\/www.europesays.com\/fr\/wp-json\/wp\/v2\/users\/2"}],"replies":[{"embeddable":true,"href":"https:\/\/www.europesays.com\/fr\/wp-json\/wp\/v2\/comments?post=242304"}],"version-history":[{"count":0,"href":"https:\/\/www.europesays.com\/fr\/wp-json\/wp\/v2\/posts\/242304\/revisions"}],"wp:featuredmedia":[{"embeddable":true,"href":"https:\/\/www.europesays.com\/fr\/wp-json\/wp\/v2\/media\/242305"}],"wp:attachment":[{"href":"https:\/\/www.europesays.com\/fr\/wp-json\/wp\/v2\/media?parent=242304"}],"wp:term":[{"taxonomy":"category","embeddable":true,"href":"https:\/\/www.europesays.com\/fr\/wp-json\/wp\/v2\/categories?post=242304"},{"taxonomy":"post_tag","embeddable":true,"href":"https:\/\/www.europesays.com\/fr\/wp-json\/wp\/v2\/tags?post=242304"}],"curies":[{"name":"wp","href":"https:\/\/api.w.org\/{rel}","templated":true}]}}