{"id":242306,"date":"2025-07-11T11:10:28","date_gmt":"2025-07-11T11:10:28","guid":{"rendered":"https:\/\/www.europesays.com\/fr\/242306\/"},"modified":"2025-07-11T11:10:28","modified_gmt":"2025-07-11T11:10:28","slug":"jennifer-maries-au-premier-regard-regrette-un-detail-dans-le-montage-de-lemission","status":"publish","type":"post","link":"https:\/\/www.europesays.com\/fr\/242306\/","title":{"rendered":"Jennifer (Mari\u00e9s au premier regard) regrette un d\u00e9tail dans le montage de l&rsquo;\u00e9mission"},"content":{"rendered":"<p>Jennifer et Keyn ont \u00e9t\u00e9 suivis par les cam\u00e9ras de M6 lors de la 9e saison de Mari\u00e9s au premier regard. Avec le recul, la coach sportive d\u00e9plore que certaines s\u00e9quences n&rsquo;aient pas \u00e9t\u00e9 montr\u00e9es dans l&rsquo;\u00e9mission, mais se f\u00e9licite d&rsquo;avoir renvoy\u00e9 une image coh\u00e9rente avec sa personnalit\u00e9. <\/p>\n<p>Keyn et Jennifer ont form\u00e9 l&rsquo;un des couples de la saison 9 de <a href=\"https:\/\/www.programme-tv.net\/news\/tele-realite\/371158-maries-au-premier-regard-2025-date-de-diffusion-deux-expertes-nouveautes-les-premieres-infos-sur-la-saison-9\/\" data-api-deeplink=\"teleloisirs:\/\/news\/371158\" target=\"_blank\" rel=\"noopener\">Mari\u00e9s au premier regard<\/a>, diffus\u00e9e au printemps sur M6. Malgr\u00e9 une tr\u00e8s belle rencontre \u00e0 Gibraltar, les \u00e9poux ont d\u00e9cid\u00e9 de divorcer quelque temps apr\u00e8s le bilan face \u00e0 <a href=\"https:\/\/www.programme-tv.net\/biographie\/2380791-dossin-estelle\/\" data-link-people=\"5cf96b53-d73e-418a-ae47-458165086dd3\" target=\"_blank\" rel=\"noopener\">Estelle Dossin<\/a> et Marie Tapernoux. Apr\u00e8s une p\u00e9riode de silence, les deux candidats ont finalement repris contact et sont rest\u00e9s bons amis. Jennifer a m\u00eame pris la <a href=\"https:\/\/www.programme-tv.net\/news\/tele-realite\/382924-il-a-le-mauvais-role-jennifer-maries-au-premier-regard-2025-defend-l-attitude-de-keyn-a-la-fin-du-tournage\/\" data-api-deeplink=\"teleloisirs:\/\/news\/382924\" target=\"_blank\" rel=\"noopener\">d\u00e9fense de Keyn, en expliquant qu&rsquo;il \u00ab\u00a0avait le mauvais r\u00f4le\u00a0\u00bb<\/a>. La candidate revient sur son exp\u00e9rience et explique \u00e0 T\u00e9l\u00e9-Loisirs ces passages qu&rsquo;elle aurait aim\u00e9 voir \u00e0 l&rsquo;\u00e9cran.<\/p>\n<p>Jennifer (Mari\u00e9s au premier 2025) revient sur la diffusion de l&rsquo;\u00e9mission sur M6 : \u00ab\u00a0C&rsquo;\u00e9tait difficile de revoir certains passages\u00a0\u00bb<\/p>\n<p>Quelques semaines apr\u00e8s la fin de la diffusion, Jennifer fait le point sur son aventure : \u00ab\u00a0<b>On n&rsquo;est jamais pr\u00e9par\u00e9 \u00e0 l&rsquo;aspect m\u00e9diatique<\/b>, surtout que j&rsquo;ai \u00e9t\u00e9 le premier visage d\u00e9voil\u00e9. \u00c7a a attis\u00e9 la curiosit\u00e9 et c&rsquo;est vrai que c&rsquo;\u00e9tait assez perturbant\u00a0\u00bb, raconte la trentenaire qui n&rsquo;a rien manqu\u00e9 de cette saison. \u00ab\u00a0J\u2019ai regard\u00e9 les \u00e9pisodes et c&rsquo;\u00e9tait plut\u00f4t coh\u00e9rent avec ce que j&rsquo;ai v\u00e9cu. Mon entourage m&rsquo;a compl\u00e8tement reconnue. Au niveau du storytelling il y a toujours des montages, des trucs comme \u00e7a, mais dans l&rsquo;ensemble, l&rsquo;histoire a \u00e9t\u00e9 bien expliqu\u00e9e. C&rsquo;\u00e9tait difficile de revoir certains passages parce que je suis une nana sensible, \u00e9motive et <b>j&rsquo;ai rev\u00e9cu les \u00e9motions<\/b>, \u00e7a replonge dans ce qu&rsquo;il s&rsquo;est pass\u00e9, les joies, les bonheurs, les douleurs\u00a0\u00bb, explique Jennifer \u00e0 T\u00e9l\u00e9-Loisirs.<\/p>\n<p>                        \u00ab\u00a0Je trouve \u00e7a dommage\u00a0\u00bb : Jennifer d\u00e9voile ce qu&rsquo;elle reproche au montage de Mari\u00e9s au premier regard 2025<\/p>\n<p>Bien que le montage soit coh\u00e9rent avec ce que Jennifer retient de l&rsquo;exp\u00e9rience, elle regrette que <a href=\"https:\/\/www.programme-tv.net\/news\/tele-realite\/380327-ils-coupent-au-montage-marie-maries-au-premier-regard-2025-revele-ce-qu-elle-regrette-dans-certains-episodes\/\" data-api-deeplink=\"teleloisirs:\/\/news\/380327\" target=\"_blank\" rel=\"noopener\">certaines s\u00e9quences n&rsquo;aient pas \u00e9t\u00e9 montr\u00e9es<\/a>. \u00ab\u00a0Ils ont montr\u00e9 l&rsquo;essentiel. C&rsquo;est vrai qu&rsquo;il y a un moment o\u00f9 on a fait un entra\u00eenement de boxe tous les deux, c&rsquo;\u00e9tait assez sympa. Il m&rsquo;avait invit\u00e9e chez lui, malheureusement \u00e7a n&rsquo;a pas \u00e9t\u00e9 montr\u00e9. <b>C&rsquo;\u00e9tait beaucoup orient\u00e9 sur moi,<\/b> mon environnement et je trouve dommage qu&rsquo;on ne soit pas plus all\u00e9 dans son monde \u00e0 lui. Apr\u00e8s, on \u00e9tait beaucoup de couples donc ils ont fait au mieux\u00a0\u00bb, temp\u00e8re la candidate.<\/p>\n","protected":false},"excerpt":{"rendered":"Jennifer et Keyn ont \u00e9t\u00e9 suivis par les cam\u00e9ras de M6 lors de la 9e saison de Mari\u00e9s&hellip;\n","protected":false},"author":2,"featured_media":242307,"comment_status":"","ping_status":"","sticky":false,"template":"","format":"standard","meta":{"footnotes":""},"categories":[1356],"tags":[244,58,59,1011,27,2173,32056,32057,494,5214,252,1364],"class_list":{"0":"post-242306","1":"post","2":"type-post","3":"status-publish","4":"format-standard","5":"has-post-thumbnail","7":"category-television","8":"tag-commentaire","9":"tag-divertissement","10":"tag-entertainment","11":"tag-fr","12":"tag-france","13":"tag-interview","14":"tag-jennifer-mariu00e9s-au-premier-regard-9","15":"tag-keyn-mariu00e9s-au-premier-regard-9","16":"tag-m6","17":"tag-mariu00e9s-au-premier-regard","18":"tag-television","19":"tag-tv"},"share_on_mastodon":{"url":"https:\/\/pubeurope.com\/@fr\/114834297514611808","error":""},"_links":{"self":[{"href":"https:\/\/www.europesays.com\/fr\/wp-json\/wp\/v2\/posts\/242306","targetHints":{"allow":["GET"]}}],"collection":[{"href":"https:\/\/www.europesays.com\/fr\/wp-json\/wp\/v2\/posts"}],"about":[{"href":"https:\/\/www.europesays.com\/fr\/wp-json\/wp\/v2\/types\/post"}],"author":[{"embeddable":true,"href":"https:\/\/www.europesays.com\/fr\/wp-json\/wp\/v2\/users\/2"}],"replies":[{"embeddable":true,"href":"https:\/\/www.europesays.com\/fr\/wp-json\/wp\/v2\/comments?post=242306"}],"version-history":[{"count":0,"href":"https:\/\/www.europesays.com\/fr\/wp-json\/wp\/v2\/posts\/242306\/revisions"}],"wp:featuredmedia":[{"embeddable":true,"href":"https:\/\/www.europesays.com\/fr\/wp-json\/wp\/v2\/media\/242307"}],"wp:attachment":[{"href":"https:\/\/www.europesays.com\/fr\/wp-json\/wp\/v2\/media?parent=242306"}],"wp:term":[{"taxonomy":"category","embeddable":true,"href":"https:\/\/www.europesays.com\/fr\/wp-json\/wp\/v2\/categories?post=242306"},{"taxonomy":"post_tag","embeddable":true,"href":"https:\/\/www.europesays.com\/fr\/wp-json\/wp\/v2\/tags?post=242306"}],"curies":[{"name":"wp","href":"https:\/\/api.w.org\/{rel}","templated":true}]}}