{"id":242308,"date":"2025-07-11T11:11:09","date_gmt":"2025-07-11T11:11:09","guid":{"rendered":"https:\/\/www.europesays.com\/fr\/242308\/"},"modified":"2025-07-11T11:11:09","modified_gmt":"2025-07-11T11:11:09","slug":"sonnez-les-trompettes-les-blackpink-sont-de-retour-avec-un-hymne-hard-country","status":"publish","type":"post","link":"https:\/\/www.europesays.com\/fr\/242308\/","title":{"rendered":"Sonnez les trompettes, les BLACKPINK sont de retour avec un hymne hard-country"},"content":{"rendered":"<p>Plus de 8 millions de vues en 4 heures, on le savait, le retour en groupe des BLACKPINK \u00e9tait attendu. Teas\u00e9 depuis quelques jours, leur nouveau single \u00ab\u00a0JUMP\u00a0\u00bb est donc l\u00e0, et porte clairement bien son nom.<\/p>\n<p>Ros\u00e9, Jennie, Jisoo et Lisa font donc un retour \u00e9nergique qui surfe sur la tendance du moment, avec un brin de country sous st\u00e9ro\u00efdes, normal avec, entre autres, Diplo cr\u00e9dit\u00e9 \u00e0 la production. \u00ab\u00a0Are you not entertained ?\u00a0\u00bb, si si, mais c\u2019est cardio.<\/p>\n<p>\u00ab\u00a0JUMP\u00a0\u00bb est dispo en streaming partout o\u00f9 vous streamez.<\/p>\n","protected":false},"excerpt":{"rendered":"Plus de 8 millions de vues en 4 heures, on le savait, le retour en groupe des BLACKPINK&hellip;\n","protected":false},"author":2,"featured_media":242309,"comment_status":"","ping_status":"","sticky":false,"template":"","format":"standard","meta":{"footnotes":""},"categories":[1355],"tags":[58,59,1011,27,1361,873,1970],"class_list":{"0":"post-242308","1":"post","2":"type-post","3":"status-publish","4":"format-standard","5":"has-post-thumbnail","7":"category-musique","8":"tag-divertissement","9":"tag-entertainment","10":"tag-fr","11":"tag-france","12":"tag-music","13":"tag-musique","14":"tag-pop-culture"},"share_on_mastodon":{"url":"https:\/\/pubeurope.com\/@fr\/114834301917583942","error":""},"_links":{"self":[{"href":"https:\/\/www.europesays.com\/fr\/wp-json\/wp\/v2\/posts\/242308","targetHints":{"allow":["GET"]}}],"collection":[{"href":"https:\/\/www.europesays.com\/fr\/wp-json\/wp\/v2\/posts"}],"about":[{"href":"https:\/\/www.europesays.com\/fr\/wp-json\/wp\/v2\/types\/post"}],"author":[{"embeddable":true,"href":"https:\/\/www.europesays.com\/fr\/wp-json\/wp\/v2\/users\/2"}],"replies":[{"embeddable":true,"href":"https:\/\/www.europesays.com\/fr\/wp-json\/wp\/v2\/comments?post=242308"}],"version-history":[{"count":0,"href":"https:\/\/www.europesays.com\/fr\/wp-json\/wp\/v2\/posts\/242308\/revisions"}],"wp:featuredmedia":[{"embeddable":true,"href":"https:\/\/www.europesays.com\/fr\/wp-json\/wp\/v2\/media\/242309"}],"wp:attachment":[{"href":"https:\/\/www.europesays.com\/fr\/wp-json\/wp\/v2\/media?parent=242308"}],"wp:term":[{"taxonomy":"category","embeddable":true,"href":"https:\/\/www.europesays.com\/fr\/wp-json\/wp\/v2\/categories?post=242308"},{"taxonomy":"post_tag","embeddable":true,"href":"https:\/\/www.europesays.com\/fr\/wp-json\/wp\/v2\/tags?post=242308"}],"curies":[{"name":"wp","href":"https:\/\/api.w.org\/{rel}","templated":true}]}}