{"id":242310,"date":"2025-07-11T11:12:36","date_gmt":"2025-07-11T11:12:36","guid":{"rendered":"https:\/\/www.europesays.com\/fr\/242310\/"},"modified":"2025-07-11T11:12:36","modified_gmt":"2025-07-11T11:12:36","slug":"le-deuxieme-film-mobile-suit-gundam-hathaway-se-devoile-10-juillet-2025","status":"publish","type":"post","link":"https:\/\/www.europesays.com\/fr\/242310\/","title":{"rendered":"Le deuxi\u00e8me film Mobile Suit Gundam Hathaway se d\u00e9voile, 10 Juillet 2025"},"content":{"rendered":"<p>Depuis la sortie du premier opus en juin 2021, la suite de la trilogie <a href=\"https:\/\/www.manga-news.com\/index.php\/dvd\/Mobile-Suit-Gundam-Hathaways-Flash\" target=\"_blank\" rel=\"noopener\"><strong xmlns=\"http:\/\/www.w3.org\/1999\/xhtml\">Mobile Suit Gundam Hathaway<\/strong><\/a><strong><\/strong> se faisait attendre. De bonnes nouvelles ont r\u00e9cemment \u00e9t\u00e9 d\u00e9voil\u00e9es aux fans : la r\u00e9v\u00e9lation plus concr\u00e8te du deuxi\u00e8me film !<\/p>\n<p>Ce deuxi\u00e8me volet aura pour titre <a href=\"https:\/\/www.manga-news.com\/index.php\/dvd\/Mobile-Suit-Gundam-Leclat-de-Hathaway-:-La-sorciere-de-Circe\" target=\"_blank\" rel=\"noopener\"><strong xmlns=\"http:\/\/www.w3.org\/1999\/xhtml\">Mobile Suit Gundam Hathaway : La sorci\u00e8re de Circ\u00e9<\/strong><\/a><strong><\/strong> (ou <strong>Kid\u00f4 Senshi Gundam: Senk\u00f4 no Hathaway &#8211; Circ\u00e9 no Maj\u00f4<\/strong>) et verra le jour cet hiver. Le staff principal du premier volet reprend du service, incluant <a href=\"https:\/\/www.manga-news.com\/index.php\/auteur\/MURASE-Shukou\" target=\"_blank\" rel=\"noopener\">Shuko Murase<\/a> \u00e0 la r\u00e9alisation, <a href=\"https:\/\/www.manga-news.com\/index.php\/auteur\/UCHIDA-Pablo\" target=\"_blank\" rel=\"noopener\">Pablo Uchida<\/a> au character-design, <a href=\"https:\/\/www.manga-news.com\/index.php\/auteur\/MUTO-Yasuyuki\" target=\"_blank\" rel=\"noopener\">Yasuyuki Muto<\/a> au sc\u00e9nario et <a href=\"https:\/\/www.manga-news.com\/index.php\/auteur\/SAWANO-Hiroyuki\" target=\"_blank\" rel=\"noopener\">Hiroyuki Sawano<\/a> \u00e0 la composition musicale. <a href=\"https:\/\/www.manga-news.com\/index.php\/auteur\/Sunrise\" target=\"_blank\" rel=\"noopener\">Sunrise<\/a>, studio historique de la saga, reste \u00e0 la production.<\/p>\n<p>En attendant des images plus concr\u00e8tes, un teaser a \u00e9t\u00e9 d\u00e9voil\u00e9.<\/p>\n<p><\/p>\n<p>Les films Mobile Suit Gundam Hathaway sont tir\u00e9s d&rsquo;une trilogie de romans parue entre 1989 et 1990, \u00e9crite par <a href=\"https:\/\/www.manga-news.com\/index.php\/auteur\/TOMINO-Yoshiyuki\" target=\"_blank\" rel=\"noopener\">Yoshiyuki Tomino<\/a>, le cr\u00e9ateur de la saga Gundam en personne, et illustr\u00e9e par <a href=\"https:\/\/www.manga-news.com\/index.php\/auteur\/MIKIMOTO-Haruhiko\" target=\"_blank\" rel=\"noopener\">Haruhiko Mikimoto<\/a>. L&rsquo;intrigue se d\u00e9roule en l&rsquo;an 105 du Si\u00e8cle Universel et prend place 12 ann\u00e9es apr\u00e8s les \u00e9v\u00e9nements du film <a href=\"https:\/\/www.manga-news.com\/index.php\/dvd\/Mobile-Suit-Gundam-Char-Contre-Attaque\" target=\"_blank\" rel=\"noopener\">Mobile Suit Gundam : Char contre-attaque<\/a>. Le jeune Hathaway Noah prend la t\u00eate de l&rsquo;organisation terroriste Mufti pour se venger de la F\u00e9d\u00e9ration terrienne, responsable de bien des maux de l&rsquo;\u00e9poque&#8230;<\/p>\n<p>Le premier long m\u00e9trage est sorti le 11 juin 2021 et reste disponible chez nous sur <strong>Netflix<\/strong>. Entre janvier et f\u00e9vrier 2023, il fut d\u00e9coup\u00e9 en une minis\u00e9rie t\u00e9l\u00e9vis\u00e9e de 4 \u00e9pisodes.<\/p>\n<p><img decoding=\"async\" src=\"https:\/\/www.europesays.com\/fr\/wp-content\/uploads\/2025\/07\/Mobile-Syut-Gundam-Hathaway-Flash-affiche-2.jpg\" alt=\"\" style=\"width: 100%; max-width: 327px; height: auto; max-height: 462px;\"\/>\u00a0<img decoding=\"async\" src=\"https:\/\/www.europesays.com\/fr\/wp-content\/uploads\/2025\/07\/Mobile-Suit-Gundam-Hathaway-anime-visual.webp.webp\" style=\"width: 100%; max-width: 327px; height: auto; max-height: 462px;\" alt=\"\"\/><\/p>\n","protected":false},"excerpt":{"rendered":"Depuis la sortie du premier opus en juin 2021, la suite de la trilogie Mobile Suit Gundam Hathaway&hellip;\n","protected":false},"author":2,"featured_media":242311,"comment_status":"","ping_status":"","sticky":false,"template":"","format":"standard","meta":{"footnotes":""},"categories":[1354],"tags":[1111,47,2566,58,59,1346,1011,27,1922,38190,6681,6683,2567,6682,1360,1404],"class_list":{"0":"post-242310","1":"post","2":"type-post","3":"status-publish","4":"format-standard","5":"has-post-thumbnail","7":"category-films","8":"tag-actu","9":"tag-actualite","10":"tag-anime","11":"tag-divertissement","12":"tag-entertainment","13":"tag-films","14":"tag-fr","15":"tag-france","16":"tag-info","17":"tag-le-deuxieme-film-mobile-suit-gundam-hathaway-se-devoile","18":"tag-manga","19":"tag-manga-news","20":"tag-manga-news-com","21":"tag-mangas","22":"tag-movies","23":"tag-quotidien"},"share_on_mastodon":{"url":"https:\/\/pubeurope.com\/@fr\/114834305467138398","error":""},"_links":{"self":[{"href":"https:\/\/www.europesays.com\/fr\/wp-json\/wp\/v2\/posts\/242310","targetHints":{"allow":["GET"]}}],"collection":[{"href":"https:\/\/www.europesays.com\/fr\/wp-json\/wp\/v2\/posts"}],"about":[{"href":"https:\/\/www.europesays.com\/fr\/wp-json\/wp\/v2\/types\/post"}],"author":[{"embeddable":true,"href":"https:\/\/www.europesays.com\/fr\/wp-json\/wp\/v2\/users\/2"}],"replies":[{"embeddable":true,"href":"https:\/\/www.europesays.com\/fr\/wp-json\/wp\/v2\/comments?post=242310"}],"version-history":[{"count":0,"href":"https:\/\/www.europesays.com\/fr\/wp-json\/wp\/v2\/posts\/242310\/revisions"}],"wp:featuredmedia":[{"embeddable":true,"href":"https:\/\/www.europesays.com\/fr\/wp-json\/wp\/v2\/media\/242311"}],"wp:attachment":[{"href":"https:\/\/www.europesays.com\/fr\/wp-json\/wp\/v2\/media?parent=242310"}],"wp:term":[{"taxonomy":"category","embeddable":true,"href":"https:\/\/www.europesays.com\/fr\/wp-json\/wp\/v2\/categories?post=242310"},{"taxonomy":"post_tag","embeddable":true,"href":"https:\/\/www.europesays.com\/fr\/wp-json\/wp\/v2\/tags?post=242310"}],"curies":[{"name":"wp","href":"https:\/\/api.w.org\/{rel}","templated":true}]}}