{"id":242312,"date":"2025-07-11T11:13:13","date_gmt":"2025-07-11T11:13:13","guid":{"rendered":"https:\/\/www.europesays.com\/fr\/242312\/"},"modified":"2025-07-11T11:13:13","modified_gmt":"2025-07-11T11:13:13","slug":"un-quatrieme-cas-autochtone-signale-a-porticcio-en-corse-du-sud","status":"publish","type":"post","link":"https:\/\/www.europesays.com\/fr\/242312\/","title":{"rendered":"un quatri\u00e8me cas autochtone signal\u00e9 \u00e0 Porticcio, en Corse-du-Sud"},"content":{"rendered":"<p>L&rsquo;agence r\u00e9gionale de sant\u00e9 (ARS) signale, ce jeudi 10\u00a0juillet 2025, la pr\u00e9sence d&rsquo;un quatri\u00e8me cas autochtone de chikungunya sur la commune de Grosseto-Prugna, \u00e0 Porticcio, sur la rive sud du golfe d&rsquo;Ajaccio. \u00ab\u00a0La date du d\u00e9but des sympt\u00f4mes et la zone d&rsquo;habitation de la personne infect\u00e9e, proches des trois premiers cas d\u00e9tect\u00e9s la semaine derni\u00e8re, sugg\u00e8rent une continuit\u00e9 de l&rsquo;\u00e9pisode pr\u00e9c\u00e9dent \u00e0 travers une cha\u00eene de transmission locale av\u00e9r\u00e9e\u00a0\u00bb, pr\u00e9cise l&rsquo;ARS.<\/p>\n<p>Les quatre cas font donc partie d&rsquo;un seul foyer de contagion dans un p\u00e9rim\u00e8tre tr\u00e8s d\u00e9limit\u00e9.<\/p>\n<p>Pour m\u00e9moire, le foyer de Porticcio est n\u00e9 d&rsquo;une personne piqu\u00e9e \u00e0 l&rsquo;\u00e9tranger par un moustique tigre. Arriv\u00e9e en Corse, elle a de nouveau \u00e9t\u00e9 piqu\u00e9e par la m\u00eame esp\u00e8ce d&rsquo;insecte. Le moustique tigre contamin\u00e9 s&rsquo;est ensuite attaqu\u00e9 \u00e0 un couple et leur a transmis le virus\u00a0: la transmission a alors \u00e9t\u00e9 d\u00e9finie comme \u00ab\u00a0autochtone\u00a0\u00bb.<\/p>\n<p>Renforcement des mesures de lutte antivectorielle<\/p>\n<p>L&rsquo;ARS, Sant\u00e9 publique France et le service de lutte antivectorielle de la Collectivit\u00e9 de Corse ont renforc\u00e9 le plan de lutte contre la propagation\u00a0: campagnes de d\u00e9moustication cibl\u00e9es, enqu\u00eate \u00e9pid\u00e9miologique pour identifier les lieux \u00e0 risque et enqu\u00eate entomologique.<\/p>\n<p>La pr\u00e9vention \u00ab\u00a0reste la meilleure arme\u00a0\u00bb contre le chikungunya, mart\u00e8le l&rsquo;ARS. Cette derni\u00e8re invite la population \u00e0 se prot\u00e9ger des piq\u00fbres de moustiques en utilisant un r\u00e9pulsif cutan\u00e9, en particulier le matin et en fin de journ\u00e9e, \u00e0 porter des v\u00eatements couvrants et amples, \u00e0 utiliser climatiseurs et ventilateurs, \u00e0 installer des moustiquaires, surtout pour prot\u00e9ger les nourrissons et les personnes alit\u00e9es.<\/p>\n<p>L&rsquo;eau stagnante \u00e0 proximit\u00e9 des lieux d&rsquo;habitation doit \u00eatre \u00e9limin\u00e9e pour emp\u00eacher la prolif\u00e9ration des moustiques.<\/p>\n<p>Le chikungunya est une maladie virale transmise \u00e0 l&rsquo;homme par le moustique de type Aedes dit \u00ab\u00a0moustique tigre\u00a0\u00bb. Elle provoque de la fi\u00e8vre et des douleurs articulaires s\u00e9v\u00e8res. Les autres sympt\u00f4mes sont myalgies, c\u00e9phal\u00e9es, naus\u00e9es, fatigue et \u00e9ruptions cutan\u00e9es.<\/p>\n","protected":false},"excerpt":{"rendered":"L&rsquo;agence r\u00e9gionale de sant\u00e9 (ARS) signale, ce jeudi 10\u00a0juillet 2025, la pr\u00e9sence d&rsquo;un quatri\u00e8me cas autochtone de chikungunya&hellip;\n","protected":false},"author":2,"featured_media":242313,"comment_status":"","ping_status":"","sticky":false,"template":"","format":"standard","meta":{"footnotes":""},"categories":[10],"tags":[17,36074,1102,14362,6443,38192,1011,27,72,38191,15432,71,33724],"class_list":{"0":"post-242312","1":"post","2":"type-post","3":"status-publish","4":"format-standard","5":"has-post-thumbnail","7":"category-sante","8":"tag-17","9":"tag-autochtone","10":"tag-breakingnews","11":"tag-cas","12":"tag-chikungunya","13":"tag-corse-du-sud","14":"tag-fr","15":"tag-france","16":"tag-health","17":"tag-porticcio","18":"tag-quatrieme","19":"tag-sante","20":"tag-signale"},"share_on_mastodon":{"url":"https:\/\/pubeurope.com\/@fr\/114834309316502059","error":""},"_links":{"self":[{"href":"https:\/\/www.europesays.com\/fr\/wp-json\/wp\/v2\/posts\/242312","targetHints":{"allow":["GET"]}}],"collection":[{"href":"https:\/\/www.europesays.com\/fr\/wp-json\/wp\/v2\/posts"}],"about":[{"href":"https:\/\/www.europesays.com\/fr\/wp-json\/wp\/v2\/types\/post"}],"author":[{"embeddable":true,"href":"https:\/\/www.europesays.com\/fr\/wp-json\/wp\/v2\/users\/2"}],"replies":[{"embeddable":true,"href":"https:\/\/www.europesays.com\/fr\/wp-json\/wp\/v2\/comments?post=242312"}],"version-history":[{"count":0,"href":"https:\/\/www.europesays.com\/fr\/wp-json\/wp\/v2\/posts\/242312\/revisions"}],"wp:featuredmedia":[{"embeddable":true,"href":"https:\/\/www.europesays.com\/fr\/wp-json\/wp\/v2\/media\/242313"}],"wp:attachment":[{"href":"https:\/\/www.europesays.com\/fr\/wp-json\/wp\/v2\/media?parent=242312"}],"wp:term":[{"taxonomy":"category","embeddable":true,"href":"https:\/\/www.europesays.com\/fr\/wp-json\/wp\/v2\/categories?post=242312"},{"taxonomy":"post_tag","embeddable":true,"href":"https:\/\/www.europesays.com\/fr\/wp-json\/wp\/v2\/tags?post=242312"}],"curies":[{"name":"wp","href":"https:\/\/api.w.org\/{rel}","templated":true}]}}