{"id":242329,"date":"2025-07-11T11:22:13","date_gmt":"2025-07-11T11:22:13","guid":{"rendered":"https:\/\/www.europesays.com\/fr\/242329\/"},"modified":"2025-07-11T11:22:13","modified_gmt":"2025-07-11T11:22:13","slug":"brevet-decouvrez-les-meilleurs-colleges-de-saint-etienne-et-de-la-loire-selon-ce-classement","status":"publish","type":"post","link":"https:\/\/www.europesays.com\/fr\/242329\/","title":{"rendered":"Brevet. D\u00e9couvrez les meilleurs coll\u00e8ges de Saint-\u00c9tienne et de la Loire selon ce classement"},"content":{"rendered":"<p>            Par<br \/>\n        <strong><br \/>\n            <a href=\"https:\/\/actu.fr\/auteur\/julien-sournies\" title=\"Consulter tous les articles de Julien Sournies\" rel=\"nofollow noopener\" target=\"_blank\">Julien Sournies<\/a><br \/>\n        <\/strong><\/p>\n<p>        Publi\u00e9 le<\/p>\n<p>            11 juil. 2025 \u00e0 12h32        <\/p>\n<p>Un palmar\u00e8s attendu chaque ann\u00e9e. Alors que les <strong>r\u00e9sultats du brevet 2025<\/strong> viennent de tomber, le c\u00e9l\u00e8bre magazine<a href=\"https:\/\/www.letudiant.fr\/classements\/classement-des-meilleurs-colleges\/ville-saint-etienne.html\" rel=\"nofollow noopener\" target=\"_blank\"> L\u2019\u00c9tudiant<\/a>\u00a0a d\u00e9voil\u00e9\u00a0son classement des meilleurs coll\u00e8ges\u00a0en France ce mardi 8\u00a0juillet 2025. La hi\u00e9rarchie se base sur les r\u00e9sultats du brevet des coll\u00e8ges (2024, 2023 et 2022), mais aussi sur les indicateurs de mixit\u00e9 sociale du minist\u00e8re de l\u2019\u00c9ducation nationale publi\u00e9s chaque ann\u00e9e.<br \/>D\u00e9couvrez donc quels sont les <strong>meilleurs \u00e9tablissements<\/strong> de <a href=\"https:\/\/actu.fr\/saint-etienne\/\" rel=\"nofollow noopener\" target=\"_blank\">Saint-\u00c9tienne<\/a> et de la <a href=\"https:\/\/actu.fr\/auvergne-rhone-alpes\/loire_42\" rel=\"nofollow noopener\" target=\"_blank\">Loire<\/a>.<\/p>\n<p>Les meilleurs coll\u00e8ges de Saint-\u00c9tienne<\/p>\n<p class=\" wall-content\">\u00c0 partir des quatre crit\u00e8res observ\u00e9s par le magazine (le taux de r\u00e9ussite au brevet sur trois ans, la note moyenne \u00e0 l\u2019\u00e9crit du brevet en 2024, la valeur ajout\u00e9e ou la capacit\u00e9 \u00e0 faire progresser les \u00e9l\u00e8ves et l\u2019indicateur de mixit\u00e9 sociale), une note sur 20 est attribu\u00e9e \u00e0 chaque \u00e9tablissement. Les laur\u00e9ats sont ensuite r\u00e9partis dans cinq groupes class\u00e9s par ordre de performance, de<strong> A \u00e0 E<\/strong>.<\/p>\n<p class=\" wall-content\">Sur les 18 coll\u00e8ges r\u00e9pertori\u00e9s \u00e0 Saint-\u00c9tienne, seuls <strong>cinq<\/strong> sont class\u00e9s en A\u2009:<\/p>\n<ul class=\" wall-content\">\n<li><strong>Coll\u00e8ge priv\u00e9 Saint-Paul<\/strong>\u2009: taux de r\u00e9ussite au brevet sur 3\u00a0ans\u2009: 98,67\u2009%\u2009; note moyenne \u00e0 l\u2019\u00e9crit du brevet 2024\u00a0: 13,6<\/li>\n<li><strong>Coll\u00e8ge priv\u00e9 Les Chartreux-Sainte Famille<\/strong>\u2009: taux de r\u00e9ussite au brevet sur 3\u00a0ans\u2009: 97,67\u2009%\u2009; note moyenne \u00e0 l\u2019\u00e9crit du brevet 2024\u00a0: 14,7<\/li>\n<li><strong>Coll\u00e8ge priv\u00e9 Notre-Dame-D\u2019Esp\u00e9rance<\/strong>\u2009: taux de r\u00e9ussite au brevet sur 3\u00a0ans\u2009: 92,00\u2009%\u2009; note moyenne \u00e0 l\u2019\u00e9crit du brevet 2024\u00a0: 12<\/li>\n<li><strong>Coll\u00e8ge priv\u00e9 Ensemble Scolaire La Salle<\/strong>\u2009: taux de r\u00e9ussite au brevet sur 3\u00a0ans\u2009: 91,67\u2009%\u2009; note moyenne \u00e0 l\u2019\u00e9crit du brevet 2024\u00a0: 11,7<\/li>\n<li><strong>Coll\u00e8ge priv\u00e9 Tezenas Du Montcel<\/strong>\u2009: taux de r\u00e9ussite au brevet sur 3\u00a0ans\u2009: 90,00\u2009%\u2009; note moyenne \u00e0 l\u2019\u00e9crit du brevet 2024\u00a0: 12<\/li>\n<\/ul>\n<p>Ces autres \u00e9tablissements dans la Loire qui se d\u00e9marquent<\/p>\n<p class=\" wall-content\">Ailleurs, dans la Loire, d\u2019autres \u00e9tablissements se sont \u00e9galement d\u00e9marqu\u00e9s au cours de ces trois derni\u00e8res ann\u00e9es, en \u00e9tant class\u00e9s A. En voici quelques-uns\u2009:<\/p>\n<ul class=\" wall-content\">\n<li><strong>Coll\u00e8ge Charles-Exbrayat \u2013 La Grand Croix<\/strong>\u2009: taux de r\u00e9ussite au brevet sur 3\u00a0ans\u2009: 88,00\u2009%\u2009; note moyenne \u00e0 l\u2019\u00e9crit du brevet 2024\u00a0: 10,8<\/li>\n<li><strong>Coll\u00e8ge Emile-Falabregue \u2013 Saint-Bonnet-le-Chateau<\/strong>\u2009: taux de r\u00e9ussite au brevet sur 3\u00a0ans\u2009: 91,00\u2009%\u2009; note moyenne \u00e0 l\u2019\u00e9crit du brevet 2024\u00a0: 12<\/li>\n<li><strong>Coll\u00e8ge Francois-Truffaut \u2013 Rive-de-Gier<\/strong>\u2009: taux de r\u00e9ussite au brevet sur 3\u00a0ans\u2009: 90,67\u2009%\u2009; note moyenne \u00e0 l\u2019\u00e9crit du brevet 2024\u00a0: 11,7<\/li>\n<li><strong>Coll\u00e8ge Jean-Papon \u2013 La Pacaudiere<\/strong>\u2009: taux de r\u00e9ussite au brevet sur 3\u00a0ans\u2009: 95,00\u2009%\u2009; note moyenne \u00e0 l\u2019\u00e9crit du brevet 2024\u00a0: 11,3<\/li>\n<li><strong>Coll\u00e8ge Louis-Gruner \u2013 Roche La Moliere<\/strong>\u2009: taux de r\u00e9ussite au brevet sur 3\u00a0ans\u2009: 93,33\u2009%\u2009; note moyenne \u00e0 l\u2019\u00e9crit du brevet 2024\u00a0: 11,6<\/li>\n<li><strong>Coll\u00e8ge Montaigne \u2013 Balbigny<\/strong>\u2009: taux de r\u00e9ussite au brevet sur 3\u00a0ans\u2009: 93,00\u2009%\u2009; note moyenne \u00e0 l\u2019\u00e9crit du brevet 2024\u00a0: 13<\/li>\n<li><strong>Coll\u00e8ge Nicolas-Conte \u2013 Regny<\/strong>\u2009: taux de r\u00e9ussite au brevet sur 3\u00a0ans\u2009: 97,00\u2009%\u2009; note moyenne \u00e0 l\u2019\u00e9crit du brevet 2024\u00a0: 11,9<\/li>\n<\/ul>\n<p class=\" wall-content\">Suivez toute l\u2019actualit\u00e9 de vos villes et m\u00e9dias favoris en vous inscrivant \u00e0 <a href=\"https:\/\/moncompte.actu.fr\" title=\"D\u00e9couvez Mon Actu\" rel=\"nofollow noopener\" data-trk=\"{&quot;cta&quot;:{&quot;action&quot;:&quot;https:\\\/\\\/moncompte.actu.fr&quot;,&quot;category&quot;:&quot;mon compte&quot;,&quot;from&quot;:&quot;article footer&quot;,&quot;name&quot;:&quot;Mon actu&quot;,&quot;type&quot;:&quot;cta&quot;}}\" target=\"_blank\">Mon Actu<\/a>.<\/p>\n","protected":false},"excerpt":{"rendered":"Par Julien Sournies Publi\u00e9 le 11 juil. 2025 \u00e0 12h32 Un palmar\u00e8s attendu chaque ann\u00e9e. Alors que les&hellip;\n","protected":false},"author":2,"featured_media":239621,"comment_status":"","ping_status":"","sticky":false,"template":"","format":"standard","meta":{"footnotes":""},"categories":[9653],"tags":[1111,11,2430,36556,1777,674,1011,27,12,25,4001,104],"class_list":{"0":"post-242329","1":"post","2":"type-post","3":"status-publish","4":"format-standard","5":"has-post-thumbnail","7":"category-saint-etienne","8":"tag-actu","9":"tag-actualites","10":"tag-auvergne-rhone-alpes","11":"tag-brevet-dnb","12":"tag-eu","13":"tag-europe","14":"tag-fr","15":"tag-france","16":"tag-news","17":"tag-republique-francaise","18":"tag-saint-etienne","19":"tag-societe"},"share_on_mastodon":{"url":"https:\/\/pubeurope.com\/@fr\/114834344760718632","error":""},"_links":{"self":[{"href":"https:\/\/www.europesays.com\/fr\/wp-json\/wp\/v2\/posts\/242329","targetHints":{"allow":["GET"]}}],"collection":[{"href":"https:\/\/www.europesays.com\/fr\/wp-json\/wp\/v2\/posts"}],"about":[{"href":"https:\/\/www.europesays.com\/fr\/wp-json\/wp\/v2\/types\/post"}],"author":[{"embeddable":true,"href":"https:\/\/www.europesays.com\/fr\/wp-json\/wp\/v2\/users\/2"}],"replies":[{"embeddable":true,"href":"https:\/\/www.europesays.com\/fr\/wp-json\/wp\/v2\/comments?post=242329"}],"version-history":[{"count":0,"href":"https:\/\/www.europesays.com\/fr\/wp-json\/wp\/v2\/posts\/242329\/revisions"}],"wp:featuredmedia":[{"embeddable":true,"href":"https:\/\/www.europesays.com\/fr\/wp-json\/wp\/v2\/media\/239621"}],"wp:attachment":[{"href":"https:\/\/www.europesays.com\/fr\/wp-json\/wp\/v2\/media?parent=242329"}],"wp:term":[{"taxonomy":"category","embeddable":true,"href":"https:\/\/www.europesays.com\/fr\/wp-json\/wp\/v2\/categories?post=242329"},{"taxonomy":"post_tag","embeddable":true,"href":"https:\/\/www.europesays.com\/fr\/wp-json\/wp\/v2\/tags?post=242329"}],"curies":[{"name":"wp","href":"https:\/\/api.w.org\/{rel}","templated":true}]}}