{"id":242330,"date":"2025-07-11T11:23:10","date_gmt":"2025-07-11T11:23:10","guid":{"rendered":"https:\/\/www.europesays.com\/fr\/242330\/"},"modified":"2025-07-11T11:23:10","modified_gmt":"2025-07-11T11:23:10","slug":"jusqua-deux-ans-ferme-requis","status":"publish","type":"post","link":"https:\/\/www.europesays.com\/fr\/242330\/","title":{"rendered":"jusqu\u2019\u00e0 deux ans ferme requis"},"content":{"rendered":"<p>On trouve tout sur les r\u00e9seaux sociaux. Des faux amis, des fausses informations, des faux permis de conduire, des faux dipl\u00f4mes et \u00e9galement des faux arr\u00eats de travail. C\u2019est la Caisse primaire d\u2019assurance maladie de Meurthe-et-Moselle qui a lev\u00e9 le li\u00e8vre, apr\u00e8s avoir constat\u00e9 l\u2019utilisation d\u2019arr\u00eats de travail frauduleusement \u00e9tablis au nom de deux m\u00e9decins de Nancy et Essey-l\u00e8s-Nancy.<\/p>\n<p>La CPAM 54 d\u00e9pose plainte, tout&#8230;<\/p>\n","protected":false},"excerpt":{"rendered":"On trouve tout sur les r\u00e9seaux sociaux. Des faux amis, des fausses informations, des faux permis de conduire,&hellip;\n","protected":false},"author":2,"featured_media":242331,"comment_status":"","ping_status":"","sticky":false,"template":"","format":"standard","meta":{"footnotes":""},"categories":[9635],"tags":[1111,11,1704,1777,674,274,1011,27,775,1702,1703,12,25],"class_list":{"0":"post-242330","1":"post","2":"type-post","3":"status-publish","4":"format-standard","5":"has-post-thumbnail","7":"category-nancy","8":"tag-actu","9":"tag-actualites","10":"tag-edition-nancy-et-agglomeration","11":"tag-eu","12":"tag-europe","13":"tag-faits-divers-justice","14":"tag-fr","15":"tag-france","16":"tag-grand-est","17":"tag-nancy","18":"tag-nancy-ville-54b","19":"tag-news","20":"tag-republique-francaise"},"share_on_mastodon":{"url":"https:\/\/pubeurope.com\/@fr\/114834348697354677","error":""},"_links":{"self":[{"href":"https:\/\/www.europesays.com\/fr\/wp-json\/wp\/v2\/posts\/242330","targetHints":{"allow":["GET"]}}],"collection":[{"href":"https:\/\/www.europesays.com\/fr\/wp-json\/wp\/v2\/posts"}],"about":[{"href":"https:\/\/www.europesays.com\/fr\/wp-json\/wp\/v2\/types\/post"}],"author":[{"embeddable":true,"href":"https:\/\/www.europesays.com\/fr\/wp-json\/wp\/v2\/users\/2"}],"replies":[{"embeddable":true,"href":"https:\/\/www.europesays.com\/fr\/wp-json\/wp\/v2\/comments?post=242330"}],"version-history":[{"count":0,"href":"https:\/\/www.europesays.com\/fr\/wp-json\/wp\/v2\/posts\/242330\/revisions"}],"wp:featuredmedia":[{"embeddable":true,"href":"https:\/\/www.europesays.com\/fr\/wp-json\/wp\/v2\/media\/242331"}],"wp:attachment":[{"href":"https:\/\/www.europesays.com\/fr\/wp-json\/wp\/v2\/media?parent=242330"}],"wp:term":[{"taxonomy":"category","embeddable":true,"href":"https:\/\/www.europesays.com\/fr\/wp-json\/wp\/v2\/categories?post=242330"},{"taxonomy":"post_tag","embeddable":true,"href":"https:\/\/www.europesays.com\/fr\/wp-json\/wp\/v2\/tags?post=242330"}],"curies":[{"name":"wp","href":"https:\/\/api.w.org\/{rel}","templated":true}]}}