{"id":242332,"date":"2025-07-11T11:24:11","date_gmt":"2025-07-11T11:24:11","guid":{"rendered":"https:\/\/www.europesays.com\/fr\/242332\/"},"modified":"2025-07-11T11:24:11","modified_gmt":"2025-07-11T11:24:11","slug":"pourquoi-des-avions-de-chasse-vont-survoler-nancy-et-luneville-ce-week-end","status":"publish","type":"post","link":"https:\/\/www.europesays.com\/fr\/242332\/","title":{"rendered":"Pourquoi des avions de chasse vont survoler Nancy et Lun\u00e9ville ce week-end\u00a0?"},"content":{"rendered":"<p>            Par<br \/>\n        <strong><br \/>\n            <a href=\"https:\/\/actu.fr\/auteur\/pierre-emile-bouchy-actu-fr\" title=\"Consulter tous les articles de Paul-Emile Bouchy\" rel=\"nofollow noopener\" target=\"_blank\">Paul-Emile Bouchy<\/a><br \/>\n        <\/strong><\/p>\n<p>        Publi\u00e9 le<\/p>\n<p>            11 juil. 2025 \u00e0 13h04        <\/p>\n<p>\u00c0 l\u2019occasion du <strong>14 juillet<\/strong>, de nombreux \u00e9v\u00e8nements vont avoir lieu en Lorraine, et notamment \u00e0 <a href=\"https:\/\/actu.fr\/grand-est\/nancy_54395\" rel=\"nofollow noopener\" target=\"_blank\">Nancy<\/a> o\u00f9 <a href=\"https:\/\/actu.fr\/grand-est\/nancy_54395\/feu-d-artifice-du-14-juillet-a-nancy-voici-tout-ce-que-vous-devez-savoir-2_62737700.html\" rel=\"nofollow noopener\" target=\"_blank\">le feu d\u2019artifice sera tir\u00e9 lundi soir depuis le Plateau de Haye<\/a>.<\/p>\n<p class=\" wall-content\">La f\u00eate nationale est aussi le moment de mettre en valeur les arm\u00e9es. Ainsi, lors des d\u00e9fil\u00e9s \u00e0 <strong>Nancy<\/strong> et \u00e0 <strong>Lun\u00e9ville<\/strong>, <strong>des avions de chasse vont survoler leur centre-ville<\/strong>.<\/p>\n<p>Un d\u00e9fil\u00e9 a\u00e9rien \u00e0 Nancy et \u00e0 Lun\u00e9ville<\/p>\n<p class=\" wall-content\">Contact\u00e9e par\u00a0Lorraine Actu,\u00a0la base a\u00e9rienne de Nancy-Ochey indique que des <strong>Mirage 2000 D<\/strong> vont survoler chaque ville.<\/p>\n<p class=\" wall-content\">\u00c0 Lun\u00e9ville, le passage d\u2019un avion est pr\u00e9vu <strong>dimanche 13 juillet \u00e0 19h<\/strong>. Pour bien l\u2019apercevoir, il est recommand\u00e9 de se rendre o\u00f9 aura lieu le d\u00e9fil\u00e9 : avenue de Lattre de Tassigny.<\/p>\n<p class=\" wall-content\"><a href=\"https:\/\/actu.fr\/grand-est\/nancy_54395\/nancy-pourquoi-des-avions-de-chasse-vont-survoler-le-centre-ville-ce-week-end_61345624.html\" rel=\"nofollow noopener\" target=\"_blank\">Comme en 2024<\/a>, deux avions de chasse survoleront le centre-ville de Nancy <strong>lundi 14 juillet \u00e0 11h25<\/strong>. Ils devraient passer au-dessus de la <a href=\"https:\/\/actu.fr\/tag\/place-stanislas\" rel=\"nofollow noopener\" target=\"_blank\">place Stanislas<\/a> et de la place de la Carri\u00e8re o\u00f9 aura lieu la c\u00e9r\u00e9monie militaire.<\/p>\n<p>Vid\u00e9os : en ce moment sur Actu<\/p>\n<p class=\" wall-content\">Suivez toute l\u2019actualit\u00e9 de vos villes et m\u00e9dias favoris en vous inscrivant \u00e0 <a href=\"https:\/\/moncompte.actu.fr\" title=\"D\u00e9couvez Mon Actu\" rel=\"nofollow noopener\" data-trk=\"{&quot;cta&quot;:{&quot;action&quot;:&quot;https:\\\/\\\/moncompte.actu.fr&quot;,&quot;category&quot;:&quot;mon compte&quot;,&quot;from&quot;:&quot;article footer&quot;,&quot;name&quot;:&quot;Mon actu&quot;,&quot;type&quot;:&quot;cta&quot;}}\" target=\"_blank\">Mon Actu<\/a>.<\/p>\n","protected":false},"excerpt":{"rendered":"Par Paul-Emile Bouchy Publi\u00e9 le 11 juil. 2025 \u00e0 13h04 \u00c0 l\u2019occasion du 14 juillet, de nombreux \u00e9v\u00e8nements&hellip;\n","protected":false},"author":2,"featured_media":242333,"comment_status":"","ping_status":"","sticky":false,"template":"","format":"standard","meta":{"footnotes":""},"categories":[9635],"tags":[1111,11,1813,1777,674,1011,27,775,1702,12,25,104],"class_list":{"0":"post-242332","1":"post","2":"type-post","3":"status-publish","4":"format-standard","5":"has-post-thumbnail","7":"category-nancy","8":"tag-actu","9":"tag-actualites","10":"tag-armee","11":"tag-eu","12":"tag-europe","13":"tag-fr","14":"tag-france","15":"tag-grand-est","16":"tag-nancy","17":"tag-news","18":"tag-republique-francaise","19":"tag-societe"},"share_on_mastodon":{"url":"https:\/\/pubeurope.com\/@fr\/114834352558881834","error":""},"_links":{"self":[{"href":"https:\/\/www.europesays.com\/fr\/wp-json\/wp\/v2\/posts\/242332","targetHints":{"allow":["GET"]}}],"collection":[{"href":"https:\/\/www.europesays.com\/fr\/wp-json\/wp\/v2\/posts"}],"about":[{"href":"https:\/\/www.europesays.com\/fr\/wp-json\/wp\/v2\/types\/post"}],"author":[{"embeddable":true,"href":"https:\/\/www.europesays.com\/fr\/wp-json\/wp\/v2\/users\/2"}],"replies":[{"embeddable":true,"href":"https:\/\/www.europesays.com\/fr\/wp-json\/wp\/v2\/comments?post=242332"}],"version-history":[{"count":0,"href":"https:\/\/www.europesays.com\/fr\/wp-json\/wp\/v2\/posts\/242332\/revisions"}],"wp:featuredmedia":[{"embeddable":true,"href":"https:\/\/www.europesays.com\/fr\/wp-json\/wp\/v2\/media\/242333"}],"wp:attachment":[{"href":"https:\/\/www.europesays.com\/fr\/wp-json\/wp\/v2\/media?parent=242332"}],"wp:term":[{"taxonomy":"category","embeddable":true,"href":"https:\/\/www.europesays.com\/fr\/wp-json\/wp\/v2\/categories?post=242332"},{"taxonomy":"post_tag","embeddable":true,"href":"https:\/\/www.europesays.com\/fr\/wp-json\/wp\/v2\/tags?post=242332"}],"curies":[{"name":"wp","href":"https:\/\/api.w.org\/{rel}","templated":true}]}}