{"id":24234,"date":"2025-04-14T12:33:12","date_gmt":"2025-04-14T12:33:12","guid":{"rendered":"https:\/\/www.europesays.com\/fr\/24234\/"},"modified":"2025-04-14T12:33:12","modified_gmt":"2025-04-14T12:33:12","slug":"plus-de-1-200-bornes-de-recharge-supplementaires","status":"publish","type":"post","link":"https:\/\/www.europesays.com\/fr\/24234\/","title":{"rendered":"plus de 1 200 bornes de recharge suppl\u00e9mentaires"},"content":{"rendered":"<p><img decoding=\"async\" class=\"\" style=\"width:100%;max-width:100%\" src=\"https:\/\/www.europesays.com\/fr\/wp-content\/uploads\/2025\/04\/2d7a3d50_a31e_491d_9b54_ff7f88fddfa11744626451905-format16by9.jpg\" alt=\"Le r\u00e9seau de bornes de recharges de l'agglom\u00e9ration de Nantes va se d\u00e9velopper\"\/><\/p>\n<p>Le r\u00e9seau de bornes de recharges de l&rsquo;agglom\u00e9ration de Nantes va se d\u00e9velopper<\/p>\n<p>Cr\u00e9dit : illustration Envato &#8211; DR<\/p>\n<p><strong>Selon Nantes M\u00e9tropole, l\u2019agglom\u00e9ration nantaise compte \u00e0 ce jour 234 bornes de recharge. C\u2019est bien inf\u00e9rieur aux besoins futurs quand on connait le d\u00e9veloppement des v\u00e9hicules \u00e9lectriques.<\/strong><\/p>\n<p>La collectivit\u00e9 a donc d\u00e9cid\u00e9 de s\u2019associer avec la soci\u00e9t\u00e9 e-Totem pour l\u2019installation et la gestion de <strong>1 250 bornes suppl\u00e9mentaires<\/strong>. Ces installations permettront des recharges lentes ou rapides. La grille tarifaire a d\u2019ores et d\u00e9j\u00e0 \u00e9t\u00e9 d\u00e9voil\u00e9e\u00a0: <strong>35 euros hors taxes pour 100\u00a0 kWh, 65 euros pour 200 kWh et 150 euros pour 500 kWh<\/strong>.<\/p>\n<p>Les bornes seront install\u00e9es d&rsquo;ici l&rsquo;ann\u00e9e prochaine sur des parkings d\u2019\u00e9quipements publics et aires de co-voiturages de l&rsquo;agglom\u00e9ration.<\/p>\n","protected":false},"excerpt":{"rendered":"Le r\u00e9seau de bornes de recharges de l&rsquo;agglom\u00e9ration de Nantes va se d\u00e9velopper Cr\u00e9dit : illustration Envato &#8211;&hellip;\n","protected":false},"author":2,"featured_media":24235,"comment_status":"","ping_status":"","sticky":false,"template":"","format":"standard","meta":{"footnotes":""},"categories":[2818],"tags":[1111,11,1977,646,8723,8725,8724,8728,8722,1777,674,1011,27,3047,766,2635,12,2636,8726,25,8727,4752],"class_list":{"0":"post-24234","1":"post","2":"type-post","3":"status-publish","4":"format-standard","5":"has-post-thumbnail","7":"category-nantes","8":"tag-actu","9":"tag-actualites","10":"tag-auto","11":"tag-automobile","12":"tag-borne","13":"tag-borne-de-recharge","14":"tag-bornes","15":"tag-e-totem","16":"tag-electrique","17":"tag-eu","18":"tag-europe","19":"tag-fr","20":"tag-france","21":"tag-loire-atlantique","22":"tag-nantes","23":"tag-nantes-metropole","24":"tag-news","25":"tag-pays-de-la-loire","26":"tag-recharge","27":"tag-republique-francaise","28":"tag-tarifs","29":"tag-voiture"},"share_on_mastodon":{"url":"https:\/\/pubeurope.com\/@fr\/114336340669945169","error":""},"_links":{"self":[{"href":"https:\/\/www.europesays.com\/fr\/wp-json\/wp\/v2\/posts\/24234","targetHints":{"allow":["GET"]}}],"collection":[{"href":"https:\/\/www.europesays.com\/fr\/wp-json\/wp\/v2\/posts"}],"about":[{"href":"https:\/\/www.europesays.com\/fr\/wp-json\/wp\/v2\/types\/post"}],"author":[{"embeddable":true,"href":"https:\/\/www.europesays.com\/fr\/wp-json\/wp\/v2\/users\/2"}],"replies":[{"embeddable":true,"href":"https:\/\/www.europesays.com\/fr\/wp-json\/wp\/v2\/comments?post=24234"}],"version-history":[{"count":0,"href":"https:\/\/www.europesays.com\/fr\/wp-json\/wp\/v2\/posts\/24234\/revisions"}],"wp:featuredmedia":[{"embeddable":true,"href":"https:\/\/www.europesays.com\/fr\/wp-json\/wp\/v2\/media\/24235"}],"wp:attachment":[{"href":"https:\/\/www.europesays.com\/fr\/wp-json\/wp\/v2\/media?parent=24234"}],"wp:term":[{"taxonomy":"category","embeddable":true,"href":"https:\/\/www.europesays.com\/fr\/wp-json\/wp\/v2\/categories?post=24234"},{"taxonomy":"post_tag","embeddable":true,"href":"https:\/\/www.europesays.com\/fr\/wp-json\/wp\/v2\/tags?post=24234"}],"curies":[{"name":"wp","href":"https:\/\/api.w.org\/{rel}","templated":true}]}}