{"id":242349,"date":"2025-07-11T11:35:11","date_gmt":"2025-07-11T11:35:11","guid":{"rendered":"https:\/\/www.europesays.com\/fr\/242349\/"},"modified":"2025-07-11T11:35:11","modified_gmt":"2025-07-11T11:35:11","slug":"education-les-resultats-au-bac-legerement-meilleurs-dans-lacademie-de-strasbourg","status":"publish","type":"post","link":"https:\/\/www.europesays.com\/fr\/242349\/","title":{"rendered":"\u00c9ducation. Les r\u00e9sultats au bac l\u00e9g\u00e8rement meilleurs dans l\u2019acad\u00e9mie de Strasbourg"},"content":{"rendered":"<p>Cette ann\u00e9e, 17\u00a0482 candidats ont d\u00e9croch\u00e9 leur baccalaur\u00e9at dans l\u2019acad\u00e9mie de Strasbourg sur 19\u00a0000 qui se sont pr\u00e9sent\u00e9s aux \u00e9preuves. Ils \u00e9taient 406 inscrits de moins qu\u2019en 2024, une baisse qui concerne les s\u00e9ries g\u00e9n\u00e9rales (-2,9\u00a0% pour 10\u00a0228 candidats) et technologiques (-3,0\u00a0%, 3\u00a0713 candidats), \u00e0 l\u2019inverse de la voie professionnelle (+0,3\u00a0%, 5\u00a0059 candidats).<\/p>\n<p>  Les filles toujours meilleures<\/p>\n<p>Le taux de r\u00e9ussite global s\u2019\u00e9tablit \u00e0 92\u00a0% (91,6 dans le Bas-Rhin et 92,7 dans le Haut-Rhin), en hausse de 0,6 point par rapport \u00e0 2024, et l\u00e9g\u00e8rement sup\u00e9rieur au taux national de 91,8\u00a0%. La progression est notable dans les trois voies, soit 96,7\u00a0% de r\u00e9ussite au bac g\u00e9n\u00e9ral (+0,2 point), 83,7\u00a0% au bac pro (+1,4 point, et m\u00eame 2,2 dans les services), 90,4\u00a0% dans les s\u00e9ries technologiques (+1,1 point). Le bac S2TMD (sciences et techniques du th\u00e9\u00e2tre, de la musique et de la danse), propos\u00e9 pour la premi\u00e8re fois dans l\u2019acad\u00e9mie, affiche m\u00eame un taux de r\u00e9ussite de 90,9\u00a0%.<\/p>\n<p>Ils sont 62,6\u00a0% des bacheliers \u00e0 avoir obtenu une mention (+\u00a01,2 point par rapport \u00e0 2024). Enfin, le taux de r\u00e9ussite reste plus \u00e9lev\u00e9 chez les filles (94,2\u00a0%) que chez les gar\u00e7ons (89,8\u00a0%), avec un \u00e9cart qui s\u2019est encore accru de 0,3 point.<\/p>\n<p>  Au brevet, des r\u00e9sultats qui d\u00e9pendent du milieu social<\/p>\n<p>\u00c0 l\u2019examen du dipl\u00f4me national du brevet (DNB), 20\u00a0108 candidats ont \u00e9t\u00e9 admis sur un total de 22\u00a0909 dans l\u2019acad\u00e9mie. Le taux de r\u00e9ussite global est de 87,7\u00a0%, soit 88,8\u00a0% dans la s\u00e9rie g\u00e9n\u00e9rale et 77,3\u00a0% pour la s\u00e9rie professionnelle, avec une am\u00e9lioration de 0,7 point par rapport \u00e0 2024, contre 85,5\u00a0% au niveau national. Comme au bac, les filles r\u00e9ussissent plus que les gar\u00e7ons (\u00e0 90,1\u00a0% contre 85,4\u00a0%) et sont plus nombreuses \u00e0 d\u00e9crocher une mention (76,7\u00a0% contre 69,3\u00a0%).<\/p>\n<p>Autre constante\u00a0: les r\u00e9sultats au DNB sont tr\u00e8s d\u00e9pendants de l\u2019origine sociale des candidats\u00a0: la quasi-totalit\u00e9 des coll\u00e9giens issus d\u2019un milieu tr\u00e8s favoris\u00e9 ont obtenu l\u2019examen, un r\u00e9sultat inf\u00e9rieur de 20,7 points pour les \u00e9l\u00e8ves de milieu d\u00e9favoris\u00e9. \u00c0 noter que l\u2019ensemble de ces donn\u00e9es sont consid\u00e9r\u00e9es comme provisoires dans l\u2019attente des sessions de remplacement en septembre.<\/p>\n","protected":false},"excerpt":{"rendered":"Cette ann\u00e9e, 17\u00a0482 candidats ont d\u00e9croch\u00e9 leur baccalaur\u00e9at dans l\u2019acad\u00e9mie de Strasbourg sur 19\u00a0000 qui se sont pr\u00e9sent\u00e9s&hellip;\n","protected":false},"author":2,"featured_media":242350,"comment_status":"","ping_status":"","sticky":false,"template":"","format":"standard","meta":{"footnotes":""},"categories":[2820],"tags":[1111,11,2389,3599,1057,1777,674,10961,107,1011,27,775,12,25,640],"class_list":{"0":"post-242349","1":"post","2":"type-post","3":"status-publish","4":"format-standard","5":"has-post-thumbnail","7":"category-strasbourg","8":"tag-actu","9":"tag-actualites","10":"tag-alsace","11":"tag-college-lycee","12":"tag-education","13":"tag-eu","14":"tag-europe","15":"tag-examen-diplome","16":"tag-fil-info","17":"tag-fr","18":"tag-france","19":"tag-grand-est","20":"tag-news","21":"tag-republique-francaise","22":"tag-strasbourg"},"share_on_mastodon":{"url":"https:\/\/pubeurope.com\/@fr\/114834395862302780","error":""},"_links":{"self":[{"href":"https:\/\/www.europesays.com\/fr\/wp-json\/wp\/v2\/posts\/242349","targetHints":{"allow":["GET"]}}],"collection":[{"href":"https:\/\/www.europesays.com\/fr\/wp-json\/wp\/v2\/posts"}],"about":[{"href":"https:\/\/www.europesays.com\/fr\/wp-json\/wp\/v2\/types\/post"}],"author":[{"embeddable":true,"href":"https:\/\/www.europesays.com\/fr\/wp-json\/wp\/v2\/users\/2"}],"replies":[{"embeddable":true,"href":"https:\/\/www.europesays.com\/fr\/wp-json\/wp\/v2\/comments?post=242349"}],"version-history":[{"count":0,"href":"https:\/\/www.europesays.com\/fr\/wp-json\/wp\/v2\/posts\/242349\/revisions"}],"wp:featuredmedia":[{"embeddable":true,"href":"https:\/\/www.europesays.com\/fr\/wp-json\/wp\/v2\/media\/242350"}],"wp:attachment":[{"href":"https:\/\/www.europesays.com\/fr\/wp-json\/wp\/v2\/media?parent=242349"}],"wp:term":[{"taxonomy":"category","embeddable":true,"href":"https:\/\/www.europesays.com\/fr\/wp-json\/wp\/v2\/categories?post=242349"},{"taxonomy":"post_tag","embeddable":true,"href":"https:\/\/www.europesays.com\/fr\/wp-json\/wp\/v2\/tags?post=242349"}],"curies":[{"name":"wp","href":"https:\/\/api.w.org\/{rel}","templated":true}]}}