{"id":242351,"date":"2025-07-11T11:36:09","date_gmt":"2025-07-11T11:36:09","guid":{"rendered":"https:\/\/www.europesays.com\/fr\/242351\/"},"modified":"2025-07-11T11:36:09","modified_gmt":"2025-07-11T11:36:09","slug":"strasbourg-va-encore-piocher-un-joueur-a-chelsea-france-rc-strasbourg","status":"publish","type":"post","link":"https:\/\/www.europesays.com\/fr\/242351\/","title":{"rendered":"Strasbourg va encore piocher un joueur \u00e0 Chelsea &#8211; France &#8211; RC Strasbourg"},"content":{"rendered":"<p data-start=\"113\" data-end=\"139\">De Londres \u00e0 l\u2019Alsace.<\/p>\n<p data-start=\"141\" data-end=\"738\">Son nom flottait depuis plusieurs semaines dans les discussions strasbourgeoises. <strong>Mathis Amougou devrait bel et bien rejoindre le Racing<\/strong>, selon <a target=\"_blank\" href=\"https:\/\/www.lequipe.fr\/Football\/Actualites\/Mercato-strasbourg-recrute-mathis-amougou-a-chelsea\/1577112\" rel=\"nofollow noopener\">L\u2019\u00c9quipe<\/a>. \u00c0 19 ans, le milieu international U19 doit d\u00e9couvrir les installations du club vendredi et faire ses premiers pas avec le groupe professionnel dans la foul\u00e9e.<\/p>\n<p data-start=\"141\" data-end=\"738\"><strong>Le Fran\u00e7ais arrive de Chelsea, dans le cadre d\u2019un transfert dont le montant n\u2019a pas filtr\u00e9, mais avec un contrat de cinq ans en poche.<\/strong> Un engagement sur la dur\u00e9e, voulu par Strasbourg, qui cherche \u00e0 poser des fondations plut\u00f4t qu\u2019\u00e0 empiler des pr\u00eats (forc\u00e9ment, la bonne id\u00e9e reste de se tourner vers le copain Chelsea).<\/p>\n<p>Toujours au sein du consortium BlueCo<\/p>\n<p data-start=\"783\" data-end=\"1256\"><strong><a target=\"_blank\" href=\"https:\/\/www.sofoot.com\/breves\/un-grand-espoir-de-saint-etienne-signe-8-ans-a-chelsea\" rel=\"nofollow noopener\">Pass\u00e9 de Saint-\u00c9tienne aux Blues<\/a> en janvier pour une quinzaine de millions d\u2019euros<\/strong>, Amougou n\u2019a pas eu le temps de s\u2019ancrer \u00e0 Londres. Le projet strasbourgeois lui offre d\u00e9sormais l\u2019opportunit\u00e9 de s\u2019inscrire dans un <a target=\"_blank\" href=\"https:\/\/www.sofoot.com\/sujets\/dossier-une-douce-folie-a-strasbourg-1312\" rel=\"nofollow noopener\">collectif ambitieux en Ligue 1<\/a>, avec en ligne de mire un barrage europ\u00e9en en Ligue Conf\u00e9rence fin ao\u00fbt. Le club cherche \u00e9galement \u00e0 redessiner son milieu, <strong>orphelin d\u2019Andrey Santos<\/strong>, reparti chez les Blues, et de <a target=\"_blank\" href=\"https:\/\/www.sofoot.com\/breves\/mercato-strasbourg-vend-officiellement-habib-diarra-a-sunderland-en-echange-de-37-millions-deuros\" rel=\"nofollow noopener\"><strong>Habib Diarra, envol\u00e9 vers Sunderland<\/strong><\/a>.<\/p>\n<p data-start=\"1258\" data-end=\"1589\">En rejoignant Strasbourg, <strong>Amougou reste dans le <a target=\"_blank\" href=\"https:\/\/www.sofoot.com\/articles\/les-supporters-de-strasbourg-en-colere-contre-blueco-depenser-100-millions-juste-parce-quon-les-a-ce-nest-pas-lame-du-club\" rel=\"nofollow noopener\">(magnifique) giron du consortium BlueCo<\/a><\/strong>, propri\u00e9taire des deux clubs. Avec ce transfert, Chelsea lib\u00e8re un jeune talent \u00e0 potentiel, comme il l\u2019avait fait avec <a target=\"_blank\" href=\"https:\/\/www.sofoot.com\/breves\/diego-moreira-passe-de-lyon-a-strasbourg\" rel=\"nofollow noopener\">Diego Moreira l\u2019\u00e9t\u00e9 dernier<\/a>, tout en glissant dans <strong>l\u2019op\u00e9ration une clause de rachat<\/strong> (au cas o\u00f9 l\u2019histoire tournerait bien).<\/p>\n<p data-start=\"1591\" data-end=\"1648\">Les clubs satellites, un fl\u00e9au et des opportunit\u00e9s.<\/p>\n<p>\t\t\t\t\t\t\t\t\t\t<a class=\"lien-connexe\" href=\"https:\/\/www.sofoot.com\/breves\/valentin-barco-sengage-definitivement-a-strasbourg\" rel=\"nofollow noopener\" target=\"_blank\">Valentin Barco s\u2019engage d\u00e9finitivement \u00e0 Strasbourg<\/a>\t\t\t\t\t<\/p>\n","protected":false},"excerpt":{"rendered":"De Londres \u00e0 l\u2019Alsace. Son nom flottait depuis plusieurs semaines dans les discussions strasbourgeoises. Mathis Amougou devrait bel&hellip;\n","protected":false},"author":2,"featured_media":242352,"comment_status":"","ping_status":"","sticky":false,"template":"","format":"standard","meta":{"footnotes":""},"categories":[2820],"tags":[1111,47,11,61,69,65,64,1777,674,63,1011,27,775,68,66,12,62,70,25,67,640],"class_list":{"0":"post-242351","1":"post","2":"type-post","3":"status-publish","4":"format-standard","5":"has-post-thumbnail","7":"category-strasbourg","8":"tag-actu","9":"tag-actualite","10":"tag-actualites","11":"tag-actus-football","12":"tag-bundesliga","13":"tag-championnats-europeens","14":"tag-equipe-de-france","15":"tag-eu","16":"tag-europe","17":"tag-football","18":"tag-fr","19":"tag-france","20":"tag-grand-est","21":"tag-ligua","22":"tag-ligue-1","23":"tag-news","24":"tag-news-foot","25":"tag-premier-league","26":"tag-republique-francaise","27":"tag-serie-a","28":"tag-strasbourg"},"share_on_mastodon":{"url":"https:\/\/pubeurope.com\/@fr\/114834399841627844","error":""},"_links":{"self":[{"href":"https:\/\/www.europesays.com\/fr\/wp-json\/wp\/v2\/posts\/242351","targetHints":{"allow":["GET"]}}],"collection":[{"href":"https:\/\/www.europesays.com\/fr\/wp-json\/wp\/v2\/posts"}],"about":[{"href":"https:\/\/www.europesays.com\/fr\/wp-json\/wp\/v2\/types\/post"}],"author":[{"embeddable":true,"href":"https:\/\/www.europesays.com\/fr\/wp-json\/wp\/v2\/users\/2"}],"replies":[{"embeddable":true,"href":"https:\/\/www.europesays.com\/fr\/wp-json\/wp\/v2\/comments?post=242351"}],"version-history":[{"count":0,"href":"https:\/\/www.europesays.com\/fr\/wp-json\/wp\/v2\/posts\/242351\/revisions"}],"wp:featuredmedia":[{"embeddable":true,"href":"https:\/\/www.europesays.com\/fr\/wp-json\/wp\/v2\/media\/242352"}],"wp:attachment":[{"href":"https:\/\/www.europesays.com\/fr\/wp-json\/wp\/v2\/media?parent=242351"}],"wp:term":[{"taxonomy":"category","embeddable":true,"href":"https:\/\/www.europesays.com\/fr\/wp-json\/wp\/v2\/categories?post=242351"},{"taxonomy":"post_tag","embeddable":true,"href":"https:\/\/www.europesays.com\/fr\/wp-json\/wp\/v2\/tags?post=242351"}],"curies":[{"name":"wp","href":"https:\/\/api.w.org\/{rel}","templated":true}]}}