{"id":242353,"date":"2025-07-11T11:37:13","date_gmt":"2025-07-11T11:37:13","guid":{"rendered":"https:\/\/www.europesays.com\/fr\/242353\/"},"modified":"2025-07-11T11:37:13","modified_gmt":"2025-07-11T11:37:13","slug":"dans-le-carnet-de-nice-rendezvous-2025-semaine-28-fetons-le-14-juillet","status":"publish","type":"post","link":"https:\/\/www.europesays.com\/fr\/242353\/","title":{"rendered":"Dans le Carnet de Nice RendezVous 2025 Semaine 28 &#8211; F\u00eatons le 14 juillet !"},"content":{"rendered":"<p>Le 14 juillet, f\u00eate nationale, c\u00e9l\u00e8bre l&rsquo;anniversaire de la prise de la Bastille, le 14 juillet 1789 et de la f\u00eate de la F\u00e9d\u00e9ration, le 14 juillet de l\u2019ann\u00e9e suivante. Ce jour de 1789, l&rsquo;insurrection populaire et la prise de la Bastille symbolisent la fin de l&rsquo;Ancien R\u00e9gime et de ses privil\u00e8ges.<\/p>\n<p><strong>CONCERTS<br \/>Concert de Jean-Louis Aubert<br \/>Mercredi 16 juillet 2025 \u00e0 21 h<br \/>Grand Auditorium Louis Lumi\u00e8re du Palais des Festivals &#8211; Cannes<\/strong><br \/>Pour plus d&rsquo;informations, contactez la billetterie au 04 92 98 62 77. <br \/>R\u00e9servez les derni\u00e8res places sur cannesticket.com<br \/>En raison des conditions m\u00e9t\u00e9orologiques (fortes chaleurs \/risque d\u2019orages) et pour un meilleur confort du public, l&rsquo;organisation du Palais des Festivals a pris la d\u00e9cision de pr\u00e9senter le concert de Jean-Louis Aubert, le mercredi 16 juillet, dans le Grand Auditorium Louis Lumi\u00e8re du Palais des Festivals, espace climatis\u00e9. <br \/>Les billets pour la Terrasse restent valables pour le Grand Auditorium. <br \/>Placement libre dans l&rsquo;orchestre pour les billets \u00ab\u00a0carr\u00e9 d&rsquo;or\u00a0\u00bb et au balcon pour les billets \u00ab\u00a0cat\u00e9gorie 1\u00a0\u00bb.<\/p>\n<p><strong>RENCONTRES &amp; D\u00c9DICACES<br \/>Gil Florini d\u00e9dicace son nouveau livre \u00ab Mes Recettes Ni\u00e7oises d&rsquo;\u00c9t\u00e9 \u00bb (\u00e9ditions Baie des Anges)<br \/>Vendredi 11 juillet 2025 \u00e0 18h15<br \/>Librairie La Procure<br \/>6 Rue Vernier, 06000 Nice<\/strong><br \/>La s\u00e9ance de d\u00e9dicaces sera suivie d&rsquo;une d\u00e9gustation \u00ab ni\u00e7oise \u00bb.<br \/>Apr\u00e8s nous avoir r\u00e9gal\u00e9s de ses recettes d&rsquo;hiver et de printemps, Gil Florini consacre ce troisi\u00e8me opus aux recettes de l&rsquo;\u00e9t\u00e9. En tout, il nous livre 29 recettes pour l&rsquo;ap\u00e9ro, les pique-niques ou le repas au jardin : 8 entr\u00e9es, dont le flan aux herbes et la c\u00e9l\u00e8bre pissaladi\u00e8re, 13 plats dont le fameux a\u00efoli du P\u00e8re Gil et la pintade aux figues et 7 desserts dont 2 tr\u00e8s originaux, \u00e0 savoir l&rsquo;omelette aux pommes et les p\u00eaches farcies aux macarons. Faciles \u00e0 r\u00e9aliser, elles enchanteront votre \u00e9t\u00e9.<\/p>\n<p><strong>CIN\u00c9MA<br \/>Le Cin\u00e9ma de Beaulieu en plein air 2025<br \/>Du 15 juillet au 26 ao\u00fbt 2025<br \/>Th\u00e9\u00e2tre de la Batterie &#8211; Beaulieu-sur-mer<\/strong><br \/><a href=\"https:\/\/cinemadebeaulieu.com\/plein-air\/beaulieu-sur-mer\/\" target=\"_blank\" rel=\"noopener\">https:\/\/cinemadebeaulieu.com\/plein-air\/beaulieu-sur-mer\/<\/a><br \/>Plein tarif : 8,5 \u20ac Tarif r\u00e9duit : 7 \u20ac pour les \u2013 de 25 ans, les retrait\u00e9s, les demandeurs d\u2019emploi et les \u00e9tudiants. Tarif \u2013 de 14 ans: 5 \u20ac Tarif abonnement : 5 \u20ac \u2013 pas de recharge ou de cr\u00e9ation de carte en plein air (uniquement \u00e0 l\u2019accueil du cin\u00e9ma ).<br \/>Le Cin\u00e9ma de Beaulieu vous propose des s\u00e9ances de cin\u00e9ma en plein air au Th\u00e9\u00e2tre de la Batterie, en partenariat avec la Ville de Beaulieu-sur-Mer. La programmation estivale propose des films pour tous les go\u00fbts et tous les publics, \u00e0 d\u00e9couvrir \u00e0 la tomb\u00e9e de la nuit, en juillet et en ao\u00fbt. De nombreuses s\u00e9ances commenceront par un ap\u00e9ro musical avec DJ-set et snacking sur place et elles seront aussi pr\u00e9c\u00e9d\u00e9es d\u2019un (tr\u00e8s) court m\u00e9trage.<br \/>Les tickets sont d\u00e9livr\u00e9s sur place les soirs de projection, ou \u00e0 l\u2019accueil du cin\u00e9ma aux horaires d\u2019ouverture de la salle, ou en vente \u00e0 distance.<br \/>En cas de fort vent ou de pluie , les s\u00e9ances sont maintenues dans la salle du cin\u00e9ma de Beaulieu.<\/p>\n<p><strong>GASTRONOMIE<br \/>Diner \u00e0 4 mains au Restaurant Le Faventia*<br \/>Chef* Quentin Andr\u00e9 et Chef* Thibaut Spiwack <br \/>le 25 juillet 2025 \u00e0 19h30 <br \/>Terre Blanche Hotel Spa Golf Resort*****<br \/>3100 Route de Bagnols-en-For\u00eat<br \/>83440 Tourrettes<\/strong><br \/>Sur r\u00e9servation au 04 94 39 90 00.<br \/>Au coeur de la Provence, Terre Blanche Hotel Spa Golf Resort ***** propose un diner \u00e0 4 mains in\u00e9dit r\u00e9unissant deux talents de la gastronomie fran\u00e7aise au restaurant Le Faventia, une \u00e9toile au Guide Michelin. Le Chef Ex\u00e9cutif Quentin Andr\u00e9 s\u2019associe au Chef Thibaut Spiwack du restaurant \u00e9toil\u00e9 Anona (Paris 17e), pour une rencontre culinaire sous le signe de la cr\u00e9ativit\u00e9 et de la gastronomie responsable. La rencontre entre deux Chefs \u00e9toil\u00e9s qui partagent une m\u00eame vision de la cuisine : durable, locale, sinc\u00e8re et r\u00e9solument cr\u00e9ative. Port\u00e9s par un profond respect du produit, de la saisonnalit\u00e9 et des circuits courts, le Chef* Quentin Andr\u00e9 et le Chef* Thibaut Spiwack signent un menu \u00e0 l\u2019image de leurs engagements.<\/p>\n<p><strong>L&rsquo;Annex Beach F\u00eate ses 10 ans sur La Croisette<br \/>Luxe, D\u00e9tente et Gastronomie, le trio gagnant de la dolce vita \u00e0 l&rsquo;italienne \u00e0 Cannes.<\/strong><br \/>www.annexbeach.com\/fr<br \/>Une d\u00e9coration sign\u00e9e <a href=\"https:\/\/www.nicerendezvous.com\/L\" african=\"\" target=\"_blank\" rel=\"noopener\">Jacques Garcia<\/a>, un habillage de la maison Roberto Cavalli, une carte gastronomique pr\u00f4nant un art de vivre m\u00e9diterran\u00e9en imagin\u00e9e par le chef Riccardo Cuccurullo et les d\u00eeners-shows immersifs. L&rsquo;Annex Beach offre la quintessence de l&rsquo;\u00e9l\u00e9gance italienne et de l&rsquo;esprit Riviera.<br \/>\u00c0 l&rsquo;occasion de sa 10eme saison sur la Croisette, l&rsquo;Annex s&rsquo;impose plus que jamais comme l&rsquo;adresse lifestyle incontournable de l&rsquo;\u00e9t\u00e9 cannois.<\/p>\n<p><strong>L&rsquo;African Queen \u00e0 Saint Tropez<br \/>ouvert tous les jours <br \/>Place des Lices, Saint-Tropez<\/strong><br \/>T\u00e9l. : +33 4 94 97 02 00<br \/>Le mythique restaurant du port de Beaulieu ouvre un African Queen au c\u0153ur de Saint-Tropez, dans un lieu tout aussi mythique : la Place des Lices. African Queen vous accueille en continu. Que ce soit pour un caf\u00e9 au soleil, un d\u00e9jeuner entre amis, une coupe glac\u00e9e dans l&rsquo;apr\u00e8s-midi ou un d\u00eener \u00e9l\u00e9gant, African Queen est le lieu id\u00e9al pour savourer chaque instant dans une atmosph\u00e8re chic et d\u00e9tendue. La carte saura assouvir toutes les envies.<\/p>\n<p><strong>SHOPPING<br \/>Ouverture de la boutique CABAIA <br \/>Du lundi au samedi de 10h \u00e0 20h et le dimanche de 11h \u00e0 19h <br \/>Centre Commercial CAP 3000<br \/>Avenue Eug\u00e8ne Donade\u00ef 06700 Saint-Laurent-Du-Var<\/strong><br \/>D\u00e8s sa cr\u00e9ation, la marque \u00e0 la paillote a ouvert des pop-up stores, a travaill\u00e9 avec de nombreux revendeurs avant d\u2019inaugurer en 2020 sa premi\u00e8re boutique permanente. Cette boutique s\u2019annonce d\u00e9j\u00e0 comme la nouvelle adresse parfaite pour shopper les sacs et bagages qui vous suivront de la plage au march\u00e9 proven\u00e7al, du ros\u00e9 en terrasse aux vir\u00e9es nocturnes. Pr\u00eat pour passer l\u2019\u00e9t\u00e9 (et le reste de l\u2019ann\u00e9e) ensemble ?<br \/>Une large s\u00e9lection d&rsquo;accessoires ing\u00e9nieux et durables<br \/>On retrouvera dans la boutique la nouvelle collection automne-hiver de la marque : de la bagagerie upcycl\u00e9e et des sacs \u00e0 dos garantis \u00e0 vie ainsi que la derni\u00e8re nouveaut\u00e9 : la valise 4 roues et ses accessoires. Plusieurs \u00e9v\u00e9nements et animations viendront rythmer la vie de la boutique tout au long de l&rsquo;ann\u00e9e comme des jeux concours, des soir\u00e9es VIP ou des ateliers de personnalisation.<\/p>\n<p><strong>L\u00e9gende de la photo du haut<\/strong> : Ce tableau qui a appartenu \u00e0 M. de Lafayette, repr\u00e9sente la Bastille dans les premiers jours de sa d\u00e9molition, peint par Hubert Robert (1733-1808). &#8211; . Mus\u00e9e Carnavalet.<\/p>\n<p>Copyright \u00a92025 NRV Nice Rendezvous. Tous droits r\u00e9serv\u00e9s. <br \/>@ actualites_nrv #Nice06<\/p>\n<p><img loading=\"lazy\" decoding=\"async\" style=\"margin-right: 20px; margin-bottom: 2px; float: left;\" alt=\"logo-nicerendezvous\" src=\"https:\/\/www.europesays.com\/fr\/wp-content\/uploads\/2025\/04\/logo-nrdv.jpg\" height=\"40\" width=\"40\"\/>Toutes les actualit\u00e9s les plus r\u00e9centes de <strong>NRV<\/strong>, <strong>NiceRendezVous<\/strong>, le site de rencontre avec les \u00e9v\u00e9nements, la culture et l&rsquo;histoire de <strong>Nice, de la C\u00f4te d&rsquo;Azur et de la Principaut\u00e9 de Monaco<\/strong>, sont pr\u00e9sent\u00e9es<a target=\"_blank\" title=\"Les actus r\u00e9centes de Nice-RendezVous sur Google actualit\u00e9s\" href=\"http:\/\/news.google.fr\/news\/search?pz=1&amp;cf=i&amp;ned=fr&amp;hl=fr&amp;q=site%3Anicerendezvous.com&amp;scoring=n&amp;ict=ln\" rel=\"noopener\"> ici par <strong>Google actualit\u00e9<\/strong><\/a><\/p>\n<p id=\"slidetag\">\u00a0<\/p>\n","protected":false},"excerpt":{"rendered":"Le 14 juillet, f\u00eate nationale, c\u00e9l\u00e8bre l&rsquo;anniversaire de la prise de la Bastille, le 14 juillet 1789 et&hellip;\n","protected":false},"author":2,"featured_media":9501,"comment_status":"","ping_status":"","sticky":false,"template":"","format":"standard","meta":{"footnotes":""},"categories":[2819],"tags":[10915,17,1111,11,4763,4764,1777,674,1011,27,12,2401,882,4765,25,38194],"class_list":{"0":"post-242353","1":"post","2":"type-post","3":"status-publish","4":"format-standard","5":"has-post-thumbnail","7":"category-nice","8":"tag-14-juillet","9":"tag-17","10":"tag-actu","11":"tag-actualites","12":"tag-agenda","13":"tag-carnet","14":"tag-eu","15":"tag-europe","16":"tag-fr","17":"tag-france","18":"tag-news","19":"tag-nice","20":"tag-provence-alpes-cote-dazur","21":"tag-rendezvous","22":"tag-republique-francaise","23":"tag-semaine-28"},"share_on_mastodon":{"url":"https:\/\/pubeurope.com\/@fr\/114834403761258656","error":""},"_links":{"self":[{"href":"https:\/\/www.europesays.com\/fr\/wp-json\/wp\/v2\/posts\/242353","targetHints":{"allow":["GET"]}}],"collection":[{"href":"https:\/\/www.europesays.com\/fr\/wp-json\/wp\/v2\/posts"}],"about":[{"href":"https:\/\/www.europesays.com\/fr\/wp-json\/wp\/v2\/types\/post"}],"author":[{"embeddable":true,"href":"https:\/\/www.europesays.com\/fr\/wp-json\/wp\/v2\/users\/2"}],"replies":[{"embeddable":true,"href":"https:\/\/www.europesays.com\/fr\/wp-json\/wp\/v2\/comments?post=242353"}],"version-history":[{"count":0,"href":"https:\/\/www.europesays.com\/fr\/wp-json\/wp\/v2\/posts\/242353\/revisions"}],"wp:featuredmedia":[{"embeddable":true,"href":"https:\/\/www.europesays.com\/fr\/wp-json\/wp\/v2\/media\/9501"}],"wp:attachment":[{"href":"https:\/\/www.europesays.com\/fr\/wp-json\/wp\/v2\/media?parent=242353"}],"wp:term":[{"taxonomy":"category","embeddable":true,"href":"https:\/\/www.europesays.com\/fr\/wp-json\/wp\/v2\/categories?post=242353"},{"taxonomy":"post_tag","embeddable":true,"href":"https:\/\/www.europesays.com\/fr\/wp-json\/wp\/v2\/tags?post=242353"}],"curies":[{"name":"wp","href":"https:\/\/api.w.org\/{rel}","templated":true}]}}