{"id":242366,"date":"2025-07-11T11:47:13","date_gmt":"2025-07-11T11:47:13","guid":{"rendered":"https:\/\/www.europesays.com\/fr\/242366\/"},"modified":"2025-07-11T11:47:13","modified_gmt":"2025-07-11T11:47:13","slug":"circulation-stationnement-parcours-ce-quil-faut-savoir-avant-le-defile-du-14-juillet-a-lille","status":"publish","type":"post","link":"https:\/\/www.europesays.com\/fr\/242366\/","title":{"rendered":"Circulation, stationnement, parcours&#8230; Ce qu&rsquo;il faut savoir avant le d\u00e9fil\u00e9 du 14-Juillet \u00e0 Lille"},"content":{"rendered":"<p>            Par<br \/>\n        <strong><br \/>\n            <a href=\"https:\/\/actu.fr\/auteur\/nicolas-demollien\" title=\"Consulter tous les articles de Nicolas Demollien\" target=\"_blank\" rel=\"noopener\">Nicolas Demollien<\/a><br \/>\n        <\/strong><\/p>\n<p>        Publi\u00e9 le<\/p>\n<p>            11 juil. 2025 \u00e0 13h33        <\/p>\n<p>Ce <b>lundi 14 juillet 2025<\/b>, comme chaque ann\u00e9e, une <b>c\u00e9r\u00e9monie<\/b> et un <b>d\u00e9fil\u00e9<\/b> sont organis\u00e9s sur le <b>boulevard de la libert\u00e9<\/b> \u00e0 <a href=\"https:\/\/actu.fr\/hauts-de-france\/lille_59350\" target=\"_blank\" rel=\"noopener\">Lille<\/a> (Nord). <b>Programme<\/b> mais aussi <b>restrictions<\/b> de <a href=\"https:\/\/actu.fr\/tag\/circulation\" target=\"_blank\" rel=\"noopener\">circulation<\/a> et de <a href=\"https:\/\/actu.fr\/tag\/stationnement\" target=\"_blank\" rel=\"noopener\">stationnement<\/a> : voici ce qu\u2019il faut savoir avant l\u2019\u00e9v\u00e9nement.<\/p>\n<p>Le programme du d\u00e9fil\u00e9 du 14-Juillet \u00e0 Lille<\/p>\n<p data-end=\"183\" class=\" wall-content\">C\u2019est<b> <\/b>Bertrand Gaume, pr\u00e9fet de la r\u00e9gion Hauts-de-France, qui pr\u00e9sidera la c\u00e9r\u00e9monie organis\u00e9e \u00e0 Lille ce lundi 14 juillet 2025, aux c\u00f4t\u00e9s de la g\u00e9n\u00e9rale de division Anne-C\u00e9cile Ortemann, gouverneure militaire de Lille.<\/p>\n<p data-end=\"183\" class=\" wall-content\">Le programme est le suivant :\u00a0<\/p>\n<ul class=\" wall-content\">\n<li>10h : ouverture de la c\u00e9r\u00e9monie<\/li>\n<li>10h20 : honneurs \u00e0 l\u2019embl\u00e8me (drapeau du 43e r\u00e9giment d\u2019infanterie)<\/li>\n<li>10h30 : revue des troupes par la g\u00e9n\u00e9rale de division Ortemann<\/li>\n<li>10h50 : accueil des autorit\u00e9s civiles et militaires<\/li>\n<li>11h : remise de d\u00e9corations<\/li>\n<li>11h15 : d\u00e9fil\u00e9 des troupes \u00e0 pied<\/li>\n<li>11h20 : survol a\u00e9rien<\/li>\n<li>11h25 : animation musicale de la Musique de l\u2019Infanterie<\/li>\n<li>11h35 : d\u00e9fil\u00e9 des troupes motoris\u00e9es<\/li>\n<li>11h50 : cl\u00f4ture de la c\u00e9r\u00e9monie (final musical, f\u00e9licitations aux d\u00e9cor\u00e9s puis remerciements aux porte-drapeaux alli\u00e9s et aux associations patriotiques).<\/li>\n<\/ul>\n<p>P\u00e9rim\u00e8tre de s\u00e9curit\u00e9 et restrictions de circulation<\/p>\n<p class=\" wall-content\">Un p\u00e9rim\u00e8tre de s\u00e9curit\u00e9 est instaur\u00e9 pour cet \u00e9v\u00e9nement, de 8h \u00e0 13h aux abords du boulevard de la Libert\u00e9. Cela concerne les axes suivants :\u00a0<\/p>\n<p>Vid\u00e9os : en ce moment sur Actu<\/p>\n<ul class=\" wall-content\">\n<li>Boulevard du Docteur Calmette<\/li>\n<li>Boulevard Louis XIV<\/li>\n<li>Boulevard de la Libert\u00e9<\/li>\n<li>Place de la R\u00e9publique<\/li>\n<li>Square Foch<\/li>\n<li>All\u00e9e du 43\u1d49 r\u00e9giment d\u2019infanterie<\/li>\n<li>Place Richeb\u00e9<\/li>\n<li>Et partiellement les rues perpendiculaires \u00e0 ces axes.<\/li>\n<\/ul>\n<p data-end=\"1933\" class=\" wall-content\">\u00ab\u00a0L\u2019acc\u00e8s et la circulation \u00e0 l\u2019int\u00e9rieur du p\u00e9rim\u00e8tre feront l\u2019objet de mesures de contr\u00f4le\u00a0\u00bb, pr\u00e9vient-on du c\u00f4t\u00e9 de la pr\u00e9fecture.<\/p>\n<p class=\" wall-content\"><b data-end=\"2047\">La circulation est par ailleurs interdite le 14 juillet \u00e0 partir de 6h avant une r\u00e9ouverture progressive \u00e0 partir de 13h :<\/b><\/p>\n<ul class=\" wall-content\">\n<li>Boulevard du Docteur Calmette<\/li>\n<li>Boulevard Louis XIV<\/li>\n<li>Boulevard de la Libert\u00e9<\/li>\n<li>\u00a0Place de la R\u00e9publique<\/li>\n<li>Rue Nationale<\/li>\n<li>Avenue Foch et Square Foch<\/li>\n<li>All\u00e9e du 43\u1d49 r\u00e9giment d\u2019infanterie<\/li>\n<\/ul>\n<p>Interdictions de stationnement<\/p>\n<p data-end=\"2660\" class=\" wall-content\">Enfin, le stationnement sera interdit \u00e0 compter du 13 juillet 2025 \u00e0 23h, et ce jusqu\u2019au 14 juillet 2025 \u00e0 13h :<\/p>\n<ul class=\" wall-content\">\n<li data-end=\"2660\">Boulevard du Docteur Calmette<\/li>\n<li data-end=\"2660\">Boulevard Louis XIV<\/li>\n<li data-end=\"2660\">Place Roger Salengro<\/li>\n<li data-end=\"2660\">Boulevard de la Libert\u00e9<\/li>\n<li data-end=\"2660\">Rue de Valmy<\/li>\n<li data-end=\"2660\">Place de la R\u00e9publique<\/li>\n<li data-end=\"2660\">Rue Jacquemars Gi\u00e9l\u00e9e<\/li>\n<li data-end=\"2660\">Rue Jean-sans-Peur<\/li>\n<li data-end=\"2660\">Rue NationaleAvenue Foch et Square Foch<\/li>\n<li data-end=\"2660\">Rue Militaire<\/li>\n<li data-end=\"2660\">Avenue du 43\u1d49 r\u00e9giment d\u2019infanterie<\/li>\n<\/ul>\n<p class=\" wall-content\">Vous voil\u00e0 pr\u00e9venus.<\/p>\n<p class=\" wall-content\">Suivez toute l\u2019actualit\u00e9 de vos villes et m\u00e9dias favoris en vous inscrivant \u00e0 <a href=\"https:\/\/moncompte.actu.fr\" title=\"D\u00e9couvez Mon Actu\" rel=\"nofollow noopener\" data-trk=\"{&quot;cta&quot;:{&quot;action&quot;:&quot;https:\\\/\\\/moncompte.actu.fr&quot;,&quot;category&quot;:&quot;mon compte&quot;,&quot;from&quot;:&quot;article footer&quot;,&quot;name&quot;:&quot;Mon actu&quot;,&quot;type&quot;:&quot;cta&quot;}}\" target=\"_blank\">Mon Actu<\/a>.<\/p>\n<ul class=\"ac-article-tag wall-content\">\n<li><a href=\"https:\/\/actu.fr\/tag\/circulation\" data-trk=\"{&quot;cta&quot;:{&quot;action&quot;:&quot;Circulation&quot;,&quot;category&quot;:&quot;tag&quot;,&quot;from&quot;:&quot;article footer&quot;,&quot;name&quot;:&quot;Circulation&quot;,&quot;type&quot;:&quot;cta&quot;}}\" target=\"_blank\" rel=\"noopener\">#Circulation<\/a><\/li>\n<li><a href=\"https:\/\/actu.fr\/tag\/stationnement\" data-trk=\"{&quot;cta&quot;:{&quot;action&quot;:&quot;Stationnement&quot;,&quot;category&quot;:&quot;tag&quot;,&quot;from&quot;:&quot;article footer&quot;,&quot;name&quot;:&quot;Stationnement&quot;,&quot;type&quot;:&quot;cta&quot;}}\" target=\"_blank\" rel=\"noopener\">#Stationnement<\/a><\/li>\n<\/ul>\n","protected":false},"excerpt":{"rendered":"Par Nicolas Demollien Publi\u00e9 le 11 juil. 2025 \u00e0 13h33 Ce lundi 14 juillet 2025, comme chaque ann\u00e9e,&hellip;\n","protected":false},"author":2,"featured_media":242367,"comment_status":"","ping_status":"","sticky":false,"template":"","format":"standard","meta":{"footnotes":""},"categories":[2815],"tags":[1111,11,3542,1777,674,1011,27,811,1307,12,25,104,6173],"class_list":{"0":"post-242366","1":"post","2":"type-post","3":"status-publish","4":"format-standard","5":"has-post-thumbnail","7":"category-lille","8":"tag-actu","9":"tag-actualites","10":"tag-circulation","11":"tag-eu","12":"tag-europe","13":"tag-fr","14":"tag-france","15":"tag-hauts-de-france","16":"tag-lille","17":"tag-news","18":"tag-republique-francaise","19":"tag-societe","20":"tag-stationnement"},"share_on_mastodon":{"url":"https:\/\/pubeurope.com\/@fr\/114834443217703227","error":""},"_links":{"self":[{"href":"https:\/\/www.europesays.com\/fr\/wp-json\/wp\/v2\/posts\/242366","targetHints":{"allow":["GET"]}}],"collection":[{"href":"https:\/\/www.europesays.com\/fr\/wp-json\/wp\/v2\/posts"}],"about":[{"href":"https:\/\/www.europesays.com\/fr\/wp-json\/wp\/v2\/types\/post"}],"author":[{"embeddable":true,"href":"https:\/\/www.europesays.com\/fr\/wp-json\/wp\/v2\/users\/2"}],"replies":[{"embeddable":true,"href":"https:\/\/www.europesays.com\/fr\/wp-json\/wp\/v2\/comments?post=242366"}],"version-history":[{"count":0,"href":"https:\/\/www.europesays.com\/fr\/wp-json\/wp\/v2\/posts\/242366\/revisions"}],"wp:featuredmedia":[{"embeddable":true,"href":"https:\/\/www.europesays.com\/fr\/wp-json\/wp\/v2\/media\/242367"}],"wp:attachment":[{"href":"https:\/\/www.europesays.com\/fr\/wp-json\/wp\/v2\/media?parent=242366"}],"wp:term":[{"taxonomy":"category","embeddable":true,"href":"https:\/\/www.europesays.com\/fr\/wp-json\/wp\/v2\/categories?post=242366"},{"taxonomy":"post_tag","embeddable":true,"href":"https:\/\/www.europesays.com\/fr\/wp-json\/wp\/v2\/tags?post=242366"}],"curies":[{"name":"wp","href":"https:\/\/api.w.org\/{rel}","templated":true}]}}