{"id":242382,"date":"2025-07-11T11:56:09","date_gmt":"2025-07-11T11:56:09","guid":{"rendered":"https:\/\/www.europesays.com\/fr\/242382\/"},"modified":"2025-07-11T11:56:09","modified_gmt":"2025-07-11T11:56:09","slug":"a-paris-cette-association-traque-toutes-les-subventions-les-plus-loufoques","status":"publish","type":"post","link":"https:\/\/www.europesays.com\/fr\/242382\/","title":{"rendered":"\u00e0 Paris, cette association traque toutes les subventions les plus \u00ab\u00a0loufoques\u00a0\u00bb"},"content":{"rendered":"<p>            Par<br \/>\n        <strong><br \/>\n            <a href=\"https:\/\/actu.fr\/auteur\/ines-cussac-actu-fr\" title=\"Consulter tous les articles de In\u00e8s Cussac\" target=\"_blank\" rel=\"noopener\">In\u00e8s Cussac<\/a><br \/>\n        <\/strong><\/p>\n<p>        Publi\u00e9 le<\/p>\n<p>            11 juil. 2025 \u00e0 13h16        <\/p>\n<p>Avant ou apr\u00e8s chaque <a href=\"https:\/\/actu.fr\/tag\/conseil-de-paris\" target=\"_blank\" rel=\"noopener\">Conseil de Paris<\/a>, Guillaume Leroy m\u00e8ne son enqu\u00eate. Depuis deux ans, le pr\u00e9sident de l\u2019association \u00ab\u2009Transparence Citoyenne\u2009\u00bb s\u2019\u00e9chine \u00e0 v\u00e9rifier <a href=\"https:\/\/actu.fr\/ile-de-france\/paris_75056\/vous-continuez-a-nier-la-catastrophe-un-budget-2025-sous-le-feu-des-critiques-au-conseil-de-paris_62725210.html\" target=\"_blank\" rel=\"noopener\">toutes les subventions vot\u00e9es par les \u00e9lus<\/a> de la capitale. Il \u00e9pingle ensuite sur X <strong>les aides qu\u2019il estime \u00ab\u2009les plus loufoques\u2009<\/strong>\u00bb. Jeudi 3 juillet 2025, le trentenaire a repris du service et list\u00e9 six organisations qui, selon lui, ne m\u00e9ritent vraiment pas de coup de pouce financier. \u00ab\u2009On contr\u00f4le l\u2019action, on enqu\u00eate pour savoir quelles missions vont \u00eatre subventionn\u00e9es. Parfois, on ne comprend pas vraiment le lien entre une association et les Parisiens\u2009\u00bb, explique le trentenaire.<\/p>\n<p>Le \u00ab\u00a0Tahitigate\u00a0\u00bb, c\u2019est lui<\/p>\n<p class=\" wall-content\">\u00ab\u2009L\u2019\u00e9thique des politiques n\u2019est toujours pas bonne. M\u00eame si des acteurs anticorruption comme Anticor existent d\u00e9j\u00e0, un de plus ne fait pas de mal\u2009\u00bb, revendique Guillaume Leroy qui a cr\u00e9\u00e9 Transparence Citoyenne avec deux amis juristes en 2023. Il y consacre aujourd\u2019hui <strong>entre 15 et 20 heures par semaine<\/strong>, en plus de son travail dans un cabinet de conseil. \u00ab\u00a0Les chiffres sont \u00e9normes, la Ville d\u00e9pense pr\u00e8s de 300 millions d\u2019euros chaque ann\u00e9es pour subventionner des associations\u00a0\u00bb, s\u2019\u00e9touffe-t-il. Pour sa part, il assure n\u2019\u00eatre soutenu par aucun parti politique et financer son association uniquement gr\u00e2ce \u00e0 une campagne de dons.<\/p>\n<p class=\" wall-content\">\n<p class=\" wall-content\">En d\u00e9cembre 2023, l\u2019association conna\u00eet un premier coup d\u2019\u00e9clat avec<a href=\"https:\/\/actu.fr\/ile-de-france\/paris_75056\/anne-hidalgo-en-polynesie-apres-la-polemique-paris-devoile-le-cout-du-voyage_60301614.html\" target=\"_blank\" rel=\"noopener\"> le \u00ab\u2009Tahitigate\u2009\u00bb<\/a>. Aux c\u00f4t\u00e9s du conseiller r\u00e9gional Pierre Liscia (DVD), Guillaume Leroy avait saisi le parquet national financier (PNF) sur le d\u00e9placement de la maire de Paris \u00e0 Tahiti. Le journal <a href=\"https:\/\/www.leparisien.fr\/paris-75\/anne-hidalgo-a-tahiti-le-parquet-national-financier-a-nouveau-saisi-au-sujet-du-voyage-de-la-maire-de-paris-11-12-2023-BTKTU4K4QRFG5AIINMX3NYQATA.php\" target=\"_blank\" rel=\"noopener\">Le Parisien<\/a> sort l\u2019information et la machine se met en route. \u00ab\u2009Cette premi\u00e8re action nous a donn\u00e9 <strong>une petite notori\u00e9t\u00e9<\/strong> et on a re\u00e7u beaucoup de signalements \u00e0 la suite de cela\u2009\u00bb, se souvient Guillaume Leroy.<\/p>\n<p>Un vote pour contester la pire subvention<\/p>\n<p class=\" wall-content\">D\u00e9sormais, il intercepte entre 200 et 300 signalements par an. Tous sont pass\u00e9s au peigne fin pour trier ce qui rel\u00e8ve de la vie publique ou non. \u00ab\u2009L\u2019ann\u00e9e derni\u00e8re, on a re\u00e7u un signalement concernant un conseiller de Paris qui percevait 200\u2009000 euros de subvention pour son association. En menant l\u2019enqu\u00eate, on s\u2019est aper\u00e7u que la somme \u00e9tait \u00e9norme vis-\u00e0-vis des actions et men\u00e9es et de leur r\u00e9gularit\u00e9. Donc <strong>on l\u2019a contest\u00e9 devant la justice administrative<\/strong>\u2009\u00bb, illustre le pr\u00e9sident de Transparence Citoyenne. Les subventions qualifi\u00e9es de \u00ab\u00a0loufoques\u00a0\u00bb sont d\u00e9sormais \u00ab\u00a0quasi syst\u00e9matiquement\u00a0\u00bb contest\u00e9es en justice afin de faire respecter, au mieux, le principe de neutralit\u00e9.<\/p>\n<p>Vid\u00e9os : en ce moment sur Actu<\/p>\n<p class=\" wall-content\">Guillaume Leroy veut aussi faire participer les internautes. A l\u2019occasion du dernier Conseil de Paris, il a lanc\u00e9 un vote pour d\u00e9signer la subvention la plus \u00ab\u2009abusive\u2009\u00bb. Celle qu\u2019il contestera devant la justice. Calinage de cochon d\u2019Inde, gym pour Seniors LGBTQI +, clowns enqu\u00eateurs\u2026 \u00ab\u2009<strong>Ils ont deux jours pour voter<\/strong> et apr\u00e8s on ajuste si ce n\u2019est pas repr\u00e9sentatif\u2009\u00bb, indique celui qui ne se borne pas seulement aux votes du Conseil de Paris. Ceux de l\u2019Assembl\u00e9e nationale sont aussi observ\u00e9s de pr\u00e8s.<\/p>\n<p class=\" wall-content\">\n<p class=\" wall-content\">.<\/p>\n<p class=\" wall-content\">Suivez toute l\u2019actualit\u00e9 de vos villes et m\u00e9dias favoris en vous inscrivant \u00e0 <a href=\"https:\/\/moncompte.actu.fr\" title=\"D\u00e9couvez Mon Actu\" rel=\"nofollow noopener\" data-trk=\"{&quot;cta&quot;:{&quot;action&quot;:&quot;https:\\\/\\\/moncompte.actu.fr&quot;,&quot;category&quot;:&quot;mon compte&quot;,&quot;from&quot;:&quot;article footer&quot;,&quot;name&quot;:&quot;Mon actu&quot;,&quot;type&quot;:&quot;cta&quot;}}\" target=\"_blank\">Mon Actu<\/a>.<\/p>\n<ul class=\"ac-article-tag wall-content\">\n<li><a href=\"https:\/\/actu.fr\/tag\/anne-hidalgo\" data-trk=\"{&quot;cta&quot;:{&quot;action&quot;:&quot;Anne Hidalgo&quot;,&quot;category&quot;:&quot;tag&quot;,&quot;from&quot;:&quot;article footer&quot;,&quot;name&quot;:&quot;Anne Hidalgo&quot;,&quot;type&quot;:&quot;cta&quot;}}\" target=\"_blank\" rel=\"noopener\">#Anne Hidalgo<\/a><\/li>\n<li><a href=\"https:\/\/actu.fr\/tag\/conseil-de-paris\" data-trk=\"{&quot;cta&quot;:{&quot;action&quot;:&quot;Conseil de Paris&quot;,&quot;category&quot;:&quot;tag&quot;,&quot;from&quot;:&quot;article footer&quot;,&quot;name&quot;:&quot;Conseil de Paris&quot;,&quot;type&quot;:&quot;cta&quot;}}\" target=\"_blank\" rel=\"noopener\">#Conseil de Paris<\/a><\/li>\n<\/ul>\n","protected":false},"excerpt":{"rendered":"Par In\u00e8s Cussac Publi\u00e9 le 11 juil. 2025 \u00e0 13h16 Avant ou apr\u00e8s chaque Conseil de Paris, Guillaume&hellip;\n","protected":false},"author":2,"featured_media":242383,"comment_status":"","ping_status":"","sticky":false,"template":"","format":"standard","meta":{"footnotes":""},"categories":[1888],"tags":[11,2618,2617,1777,674,1011,27,12,626,316,25],"class_list":{"0":"post-242382","1":"post","2":"type-post","3":"status-publish","4":"format-standard","5":"has-post-thumbnail","7":"category-paris","8":"tag-actualites","9":"tag-anne-hidalgo","10":"tag-conseil-de-paris","11":"tag-eu","12":"tag-europe","13":"tag-fr","14":"tag-france","15":"tag-news","16":"tag-paris","17":"tag-politique","18":"tag-republique-francaise"},"share_on_mastodon":{"url":"https:\/\/pubeurope.com\/@fr\/114834478412913356","error":""},"_links":{"self":[{"href":"https:\/\/www.europesays.com\/fr\/wp-json\/wp\/v2\/posts\/242382","targetHints":{"allow":["GET"]}}],"collection":[{"href":"https:\/\/www.europesays.com\/fr\/wp-json\/wp\/v2\/posts"}],"about":[{"href":"https:\/\/www.europesays.com\/fr\/wp-json\/wp\/v2\/types\/post"}],"author":[{"embeddable":true,"href":"https:\/\/www.europesays.com\/fr\/wp-json\/wp\/v2\/users\/2"}],"replies":[{"embeddable":true,"href":"https:\/\/www.europesays.com\/fr\/wp-json\/wp\/v2\/comments?post=242382"}],"version-history":[{"count":0,"href":"https:\/\/www.europesays.com\/fr\/wp-json\/wp\/v2\/posts\/242382\/revisions"}],"wp:featuredmedia":[{"embeddable":true,"href":"https:\/\/www.europesays.com\/fr\/wp-json\/wp\/v2\/media\/242383"}],"wp:attachment":[{"href":"https:\/\/www.europesays.com\/fr\/wp-json\/wp\/v2\/media?parent=242382"}],"wp:term":[{"taxonomy":"category","embeddable":true,"href":"https:\/\/www.europesays.com\/fr\/wp-json\/wp\/v2\/categories?post=242382"},{"taxonomy":"post_tag","embeddable":true,"href":"https:\/\/www.europesays.com\/fr\/wp-json\/wp\/v2\/tags?post=242382"}],"curies":[{"name":"wp","href":"https:\/\/api.w.org\/{rel}","templated":true}]}}