{"id":242392,"date":"2025-07-11T12:01:09","date_gmt":"2025-07-11T12:01:09","guid":{"rendered":"https:\/\/www.europesays.com\/fr\/242392\/"},"modified":"2025-07-11T12:01:09","modified_gmt":"2025-07-11T12:01:09","slug":"le-royaume-uni-et-la-france-lancent-un-projet-pilote-visant-a-decourager-davantage-les-traversees-de-la-manche","status":"publish","type":"post","link":"https:\/\/www.europesays.com\/fr\/242392\/","title":{"rendered":"Le Royaume-Uni et la France lancent un projet pilote visant \u00e0 d\u00e9courager davantage les travers\u00e9es de la Manche"},"content":{"rendered":"<p>\n                    Publi\u00e9 le                 11\/07\/2025 &#8211; 13:53 UTC+2\u2022Mis \u00e0 jour<br \/>\n                                     13:54<\/p>\n<p><img decoding=\"async\" class=\"c-ad__placeholder__logo\" src=\"https:\/\/static.euronews.com\/website\/images\/logos\/logo-euronews-grey-6-180x22.svg\" width=\"180\" height=\"22\" alt=\"\" loading=\"lazy\"\/>PUBLICIT\u00c9<\/p>\n<p>Le Royaume-Uni et la France se sont mis d&rsquo;accord sur un nouveau<a href=\"https:\/\/www.euronews.com\/my-europe\/2025\/07\/10\/uk-and-france-set-to-unveil-one-in-one-out-migration-deal-to-combat-small-boat-crossings\" target=\"_blank\" rel=\"noopener\">projet pilote permettant \u00e0 certains migrants qui traversent la Manche \u00e0 bord de petites embarcations d&rsquo;\u00eatre renvoy\u00e9s en France. Le Premier ministre britannique, Keir Starmer, esp\u00e8re que cette d\u00e9cision marquera une position plus stricte sur l&rsquo;immigration clandestine.<\/p>\n<p>Keir Starmer et le pr\u00e9sident fran\u00e7ais Emmanuel Macron ont annonc\u00e9 ce projet jeudi 10 juillet, lors de la visite d&rsquo;\u00c9tat de ce dernier \u00e0 Londres.<\/p>\n<p>Bien que de port\u00e9e limit\u00e9e, les responsables britanniques ont salu\u00e9 l&rsquo;accord comme une avanc\u00e9e et ont d\u00e9clar\u00e9 qu&rsquo;il cr\u00e9ait un pr\u00e9c\u00e9dent permettant aux migrants arrivant ill\u00e9galement d&rsquo;\u00eatre renvoy\u00e9s de l&rsquo;autre c\u00f4t\u00e9 de la Manche.<\/p>\n<p>Il n&rsquo;y a pas de solution miracle, mais avec un effort uni, de nouvelles tactiques et un nouveau niveau d&rsquo;intention, nous pouvons enfin renverser la situation\u00a0\u00bb, a expliqu\u00e9 le premier ministre britannique.<\/p>\n<p>\u00ab\u00a0Pour la toute premi\u00e8re fois, les migrants arrivant par petit bateau seront d\u00e9tenus et renvoy\u00e9s en France dans les plus brefs d\u00e9lais.\u00a0\u00bb A-t-il ajout\u00e9.<\/p>\n<p>Dans le cadre de l&rsquo;accord \u00ab\u00a0un accept\u00e9, un exclu\u00a0\u00bb, le Royaume-Uni renverra \u00e0 la France un certain nombre de migrants traversant la Manche et, en retour, renverra un nombre \u00e9gal de demandeurs d&rsquo;asile dont la demande est jug\u00e9e l\u00e9gitime.<\/p>\n<p>Ce plan, qui devrait \u00eatre lanc\u00e9 dans les semaines \u00e0 venir, vise \u00e0 d\u00e9courager les travers\u00e9es dangereuses, qui sont devenues un enjeu politique majeur au Royaume-Uni. Plus de 21 000 personnes sont arriv\u00e9es dans le pays cette ann\u00e9e, soit une augmentation de 56 % par rapport \u00e0 la m\u00eame p\u00e9riode en 2024.<\/p>\n<p>Selon les m\u00e9dias fran\u00e7ais, il s&rsquo;agirait de renvoyer en France jusqu&rsquo;\u00e0 50 arriv\u00e9es de petits bateaux par semaine. En cas de succ\u00e8s, l&rsquo;essai devrait \u00eatre consid\u00e9rablement intensifi\u00e9.<\/p>\n<p>Emmanuel Macron a d\u00e9clar\u00e9 que l&rsquo;accord \u00e9tait destin\u00e9 \u00e0 avoir un effet dissuasif. \u00ab\u00a0Je suis totalement d\u00e9termin\u00e9 \u00e0 faire en sorte que cela fonctionne, car il s&rsquo;agit clairement de notre volont\u00e9 et de notre int\u00e9r\u00eat commun\u00a0\u00bb.<\/p>\n<p>Le projet pilote fait partie d&rsquo;un effort plus large visant \u00e0 reconstruire les relations franco-britanniques apr\u00e8s des ann\u00e9es de liens tendus apr\u00e8s le Brexit.<\/p>\n<p>Les d\u00e9fis potentiels comprennent la mesure dans laquelle le Royaume-Uni est pr\u00eat \u00e0 investir dans la police des petits bateaux, les \u00e9ventuels d\u00e9fis juridiques en France et l&rsquo;opposition d&rsquo;autres nations europ\u00e9ennes.<\/p>\n<p>Les discussions sur l&rsquo;arr\u00eat de la migration irr\u00e9guli\u00e8re \u00e0 travers la Manche remontent \u00e0 plusieurs d\u00e9cennies. Au d\u00e9but des ann\u00e9es 2000, les efforts se sont concentr\u00e9s sur la pr\u00e9vention de l&rsquo;entr\u00e9e au Royaume-Uni de passagers clandestins \u00e0 bord de v\u00e9hicules empruntant le tunnel sous la Manche. R\u00e9cemment, les passeurs se sont de plus en plus tourn\u00e9s vers les voies maritimes.<\/p>\n<p>\u00ab\u00a0On retrouve ce sch\u00e9ma \u00e0 plusieurs reprises : les bandes de passeurs et les migrants tentent de trouver de nouveaux moyens de passer de la France au Royaume-Uni\u00a0\u00bb, explique Mihnea Cuibus, chercheur \u00e0 l&rsquo;Observatoire des migrations de l&rsquo;Universit\u00e9 d&rsquo;Oxford.<\/p>\n<p>\u00ab\u00a0Les autorit\u00e9s prennent des mesures r\u00e9pressives et, petit \u00e0 petit, les migrants et les gangs tentent de s&rsquo;adapter \u00e0 cette situation. Cela devient un peu le jeu du chat et de la souris\u00a0\u00bb.<\/p>\n<p>Le projet controvers\u00e9 du pr\u00e9c\u00e9dent gouvernement conservateur d&rsquo;<a href=\"https:\/\/fr.euronews.com\/2024\/04\/22\/les-premiers-vols-dexpulsion-vers-le-rwanda-quitteront-le-royaume-uni-dans-quelques-mois#:~:text=Le%20Premier%20ministre%20britannique%2C%20Rishi,le%20courant%20de%20l&#039;ann%C3%A9e.\" target=\"_blank\" rel=\"noopener\"><strong>expulser les demandeurs d&rsquo;asile vers le Rwanda<\/strong><\/a> a \u00e9t\u00e9 abandonn\u00e9 par Keir Starmer peu apr\u00e8s son entr\u00e9e en fonction en juillet 2024.<\/p>\n<p>Sources additionnelles<strong> \u2022 AP<\/strong><\/p>\n","protected":false},"excerpt":{"rendered":"Publi\u00e9 le 11\/07\/2025 &#8211; 13:53 UTC+2\u2022Mis \u00e0 jour 13:54 PUBLICIT\u00c9 Le Royaume-Uni et la France se sont mis&hellip;\n","protected":false},"author":2,"featured_media":242393,"comment_status":"","ping_status":"","sticky":false,"template":"","format":"standard","meta":{"footnotes":""},"categories":[1588],"tags":[11,1073,1777,674,2581,37424,12,473,1853,1851,1850,1852],"class_list":{"0":"post-242392","1":"post","2":"type-post","3":"status-publish","4":"format-standard","5":"has-post-thumbnail","7":"category-royaume-uni","8":"tag-actualites","9":"tag-emmanuel-macron","10":"tag-eu","11":"tag-europe","12":"tag-keir-starmer","13":"tag-la-manche","14":"tag-news","15":"tag-royaume-uni","16":"tag-royaume-uni-de-grande-bretagne-et-dirlande-du-nord","17":"tag-uk","18":"tag-united-kingdom","19":"tag-united-kingdom-of-great-britain-and-northern-ireland"},"share_on_mastodon":{"url":"https:\/\/pubeurope.com\/@fr\/114834498140246027","error":""},"_links":{"self":[{"href":"https:\/\/www.europesays.com\/fr\/wp-json\/wp\/v2\/posts\/242392","targetHints":{"allow":["GET"]}}],"collection":[{"href":"https:\/\/www.europesays.com\/fr\/wp-json\/wp\/v2\/posts"}],"about":[{"href":"https:\/\/www.europesays.com\/fr\/wp-json\/wp\/v2\/types\/post"}],"author":[{"embeddable":true,"href":"https:\/\/www.europesays.com\/fr\/wp-json\/wp\/v2\/users\/2"}],"replies":[{"embeddable":true,"href":"https:\/\/www.europesays.com\/fr\/wp-json\/wp\/v2\/comments?post=242392"}],"version-history":[{"count":0,"href":"https:\/\/www.europesays.com\/fr\/wp-json\/wp\/v2\/posts\/242392\/revisions"}],"wp:featuredmedia":[{"embeddable":true,"href":"https:\/\/www.europesays.com\/fr\/wp-json\/wp\/v2\/media\/242393"}],"wp:attachment":[{"href":"https:\/\/www.europesays.com\/fr\/wp-json\/wp\/v2\/media?parent=242392"}],"wp:term":[{"taxonomy":"category","embeddable":true,"href":"https:\/\/www.europesays.com\/fr\/wp-json\/wp\/v2\/categories?post=242392"},{"taxonomy":"post_tag","embeddable":true,"href":"https:\/\/www.europesays.com\/fr\/wp-json\/wp\/v2\/tags?post=242392"}],"curies":[{"name":"wp","href":"https:\/\/api.w.org\/{rel}","templated":true}]}}