{"id":242394,"date":"2025-07-11T12:02:09","date_gmt":"2025-07-11T12:02:09","guid":{"rendered":"https:\/\/www.europesays.com\/fr\/242394\/"},"modified":"2025-07-11T12:02:09","modified_gmt":"2025-07-11T12:02:09","slug":"lallemagne-sapprete-a-commander-15-avions-americains-sur-fond-de-tensions-avec-paris","status":"publish","type":"post","link":"https:\/\/www.europesays.com\/fr\/242394\/","title":{"rendered":"l&rsquo;Allemagne s&rsquo;appr\u00eate \u00e0 commander 15 avions am\u00e9ricains, sur fond de tensions avec Paris"},"content":{"rendered":"<p>Selon Politico, Berlin n\u00e9gocie discr\u00e8tement l\u2019achat de 15 F-35 suppl\u00e9mentaires aupr\u00e8s des \u00c9tats-Unis, alors que le programme d\u2019avion europ\u00e9en SCAF patine. Un revers cinglant pour la coop\u00e9ration franco-allemande en mati\u00e8re de d\u00e9fense.<\/p>\n<p>La fracture se creuse dans le ciel europ\u00e9en. Alors que la course \u00e0 l\u2019armement pour dominer le ciel est plus que jamais lanc\u00e9e, les pays du Vieux Continent semblent incapables de s\u2019entendre pour s\u2019\u00e9manciper <a href=\"https:\/\/www.parismatch.com\/actu\/international\/f-35-larmee-de-lair-americaine-divise-par-deux-sa-commande-pour-2026-252620\" rel=\"nofollow noopener\" target=\"_blank\">des \u00c9tats-Unis<\/a>.<\/p>\n<p>Dernier exemple en date, l\u2019Allemagne qui s\u2019appr\u00eate \u00e0 passer une nouvelle commande de F-35 am\u00e9ricains. Selon des informations publi\u00e9es ce jeudi par <a href=\"https:\/\/www.politico.eu\/article\/germany-plan-buy-f35-fighter-jet-united-states\/\" target=\"_blank\" rel=\"nofollow noopener\">Politico<\/a>, Berlin n\u00e9gocie l\u2019achat de 15 avions de chasse suppl\u00e9mentaires aupr\u00e8s des \u00c9tats-Unis. Si la transaction se concr\u00e9tise, elle porterait la flotte allemande \u00e0 50 appareils, contre 35 initialement command\u00e9s en 2022.<\/p>\n<p>    La suite apr\u00e8s cette publicit\u00e9<\/p>\n<p>Ces n\u00e9gociations, tenues dans la plus grande discr\u00e9tion, interviennent dans un climat particuli\u00e8rement tendu entre Paris, Berlin et Madrid, les trois partenaires du SCAF (Syst\u00e8me de combat a\u00e9rien du futur), cens\u00e9 incarner la souverainet\u00e9 technologique europ\u00e9enne mais qui s\u2019enlise dans des rivalit\u00e9s industrielles.<\/p>\n<p>    La suite apr\u00e8s cette publicit\u00e9<\/p>\n<p>Des tensions entre Berlin et Paris<\/p>\n<p>Mercredi 9\u00a0juillet, le chancelier allemand <a href=\"https:\/\/www.parismatch.com\/actu\/international\/friedrich-merz-le-nouvel-homme-fort-de-lallemagne-247805\" rel=\"nofollow noopener\" target=\"_blank\">Friedrich Merz<\/a> a pourtant assur\u00e9 lors d\u2019une rencontre avec le secr\u00e9taire g\u00e9n\u00e9ral de l\u2019OTAN Mark Rutte, avoir \u00ab\u00a0d\u00e9cid\u00e9 de clarifier d\u00e9finitivement cette question au cours des prochains mois\u00a0\u00bb avant de reconna\u00eetre que \u00ab\u00a0les divergences de vues sur la composition de ce consortium n\u2019ont pas encore \u00e9t\u00e9 r\u00e9solues.\u00a0\u00bb<\/p>\n<p>    <img decoding=\"async\" src=\"https:\/\/www.europesays.com\/fr\/wp-content\/uploads\/2025\/07\/sipa_01117485_000017.jpg\" alt=\"Maquette du SCAF au salon du Bourget \u00e0 Paris\" loading=\"lazy\"\/><\/p>\n<p>\n      Maquette du SCAF au salon du Bourget \u00e0 Paris<\/p>\n<p>                NICOLAS MESSYASZ\/SIPA<br \/>\n                      \/<br \/>\n                                \u00a9 NICOLAS MESSYASZ\/SIPA<\/p>\n<p>Le n\u0153ud du probl\u00e8me\u00a0: les exigences de Dassault Aviation en termes de gouvernance qui r\u00e9clame la ma\u00eetrise de 80\u00a0% des composants centraux du futur avion, une position difficilement acceptable pour l\u2019Allemagne. Emmanuel Macron et son homologue allemand devraient aborder cet \u00e9pineux dossier lors d\u2019une rencontre pr\u00e9vue fin juillet \u00e0 Berlin. D\u2019ici l\u00e0, le ministre allemand Boris Pistorius doit rencontrer son homologue am\u00e9ricain <a href=\"https:\/\/www.parismatch.com\/actu\/international\/pete-hegseth-le-porte-flingue-prefere-de-donald-trump-253469\" rel=\"nofollow noopener\" target=\"_blank\">Pete Hegseth<\/a>.<\/p>\n<p>    La suite apr\u00e8s cette publicit\u00e9<\/p>\n<p>    La suite apr\u00e8s cette publicit\u00e9<\/p>\n<p>Combler un d\u00e9ficit op\u00e9rationnel \u00e0 court terme<\/p>\n<p>De fait, cette probable nouvelle commande de F-35 con\u00e7us par l\u2019am\u00e9ricain Lockheed Martin sonne comme un aveu de faiblesse pour le projet europ\u00e9en. Berlin entend combler un d\u00e9ficit op\u00e9rationnel \u00e0 court terme. Ces nouveaux F-35 pourraient\u00a0\u00eatre op\u00e9rationnels d\u2019ici 2027\u00a0alors que le SCAF ne d\u00e9butera ses vols de d\u00e9monstration pas avant 2028 ou 2029.<\/p>\n<p>Ironie du sort\u00a0: Friedrich Merz s\u2019est fait le chantre d\u2019une Europe plus autonome, appelant \u00e0 \u00ab\u00a0s\u2019\u00e9manciper progressivement des \u00c9tats-Unis\u00a0\u00bb en mati\u00e8re de d\u00e9fense. En juin, il d\u00e9non\u00e7ait encore la d\u00e9pendance europ\u00e9enne \u00e0 l\u2019\u00e9gard du bouclier am\u00e9ricain. Ce nouvel achat, s\u2019il est confirm\u00e9, illustrerait pourtant une soumission tactique aux standards de l\u2019US Air Force, au d\u00e9triment d\u2019une vision industrielle commune.<\/p>\n<p>D\u2019autant que ces derniers mois, <a href=\"https:\/\/www.parismatch.com\/actu\/international\/malgre-les-tensions-avec-trump-la-belgique-va-acheter-des-f35-americains-250471\" rel=\"nofollow noopener\" target=\"_blank\">la Belgique<\/a> ou encore <a href=\"https:\/\/www.parismatch.com\/actu\/international\/f-35-pour-la-suisse-la-facture-flambe-253074\" rel=\"nofollow noopener\" target=\"_blank\">la Suisse<\/a> ont confirm\u00e9 leur intention d\u2019acqu\u00e9rir des F-35 malgr\u00e9 des factures bien plus \u00e9lev\u00e9es que pr\u00e9vues.<\/p>\n","protected":false},"excerpt":{"rendered":"Selon Politico, Berlin n\u00e9gocie discr\u00e8tement l\u2019achat de 15 F-35 suppl\u00e9mentaires aupr\u00e8s des \u00c9tats-Unis, alors que le programme d\u2019avion&hellip;\n","protected":false},"author":2,"featured_media":242395,"comment_status":"","ping_status":"","sticky":false,"template":"","format":"standard","meta":{"footnotes":""},"categories":[1587],"tags":[11,672,1804,1805,1803,1777,674,1801,12,1802],"class_list":{"0":"post-242394","1":"post","2":"type-post","3":"status-publish","4":"format-standard","5":"has-post-thumbnail","7":"category-allemagne","8":"tag-actualites","9":"tag-allemagne","10":"tag-bundesrepublik-deutschland","11":"tag-de","12":"tag-deutschland","13":"tag-eu","14":"tag-europe","15":"tag-germany","16":"tag-news","17":"tag-republique-federale-dallemagne"},"share_on_mastodon":{"url":"https:\/\/pubeurope.com\/@fr\/114834502071255573","error":""},"_links":{"self":[{"href":"https:\/\/www.europesays.com\/fr\/wp-json\/wp\/v2\/posts\/242394","targetHints":{"allow":["GET"]}}],"collection":[{"href":"https:\/\/www.europesays.com\/fr\/wp-json\/wp\/v2\/posts"}],"about":[{"href":"https:\/\/www.europesays.com\/fr\/wp-json\/wp\/v2\/types\/post"}],"author":[{"embeddable":true,"href":"https:\/\/www.europesays.com\/fr\/wp-json\/wp\/v2\/users\/2"}],"replies":[{"embeddable":true,"href":"https:\/\/www.europesays.com\/fr\/wp-json\/wp\/v2\/comments?post=242394"}],"version-history":[{"count":0,"href":"https:\/\/www.europesays.com\/fr\/wp-json\/wp\/v2\/posts\/242394\/revisions"}],"wp:featuredmedia":[{"embeddable":true,"href":"https:\/\/www.europesays.com\/fr\/wp-json\/wp\/v2\/media\/242395"}],"wp:attachment":[{"href":"https:\/\/www.europesays.com\/fr\/wp-json\/wp\/v2\/media?parent=242394"}],"wp:term":[{"taxonomy":"category","embeddable":true,"href":"https:\/\/www.europesays.com\/fr\/wp-json\/wp\/v2\/categories?post=242394"},{"taxonomy":"post_tag","embeddable":true,"href":"https:\/\/www.europesays.com\/fr\/wp-json\/wp\/v2\/tags?post=242394"}],"curies":[{"name":"wp","href":"https:\/\/api.w.org\/{rel}","templated":true}]}}